{"id":125068,"date":"2021-02-19T15:00:00","date_gmt":"2021-02-19T18:00:00","guid":{"rendered":"http:\/\/www.hoymercedes.com.ar\/principal\/?p=125068"},"modified":"2021-02-19T15:07:21","modified_gmt":"2021-02-19T18:07:21","slug":"siniestro-vial-en-la-ruta-7-policias-mercedinos-en-el-triple-choque","status":"publish","type":"post","link":"https:\/\/www.hoymercedes.com.ar\/principal\/2021\/02\/19\/siniestro-vial-en-la-ruta-7-policias-mercedinos-en-el-triple-choque\/","title":{"rendered":"Siniestro v\u00edal en la Ruta 7: polic\u00edas mercedinos en el triple choque"},"content":{"rendered":"\n<p>En el kil\u00f3metro 230 de la Ruta 7, en el partido de Chacabuco se produjo el siniestro vial en la jornada del jueves en el que intervinieron una camioneta Renault Kangoo, una camioneta VW Amarok y un cami\u00f3n Volvo de la empresa Andreani. Por el choque, falleci\u00f3 un vecino de la localidad donde produjo el siniestro vial. <\/p>\n\n\n\n<figure class=\"wp-block-gallery columns-3 is-cropped wp-block-gallery-1 is-layout-flex wp-block-gallery-is-layout-flex\"><ul class=\"blocks-gallery-grid\"><li class=\"blocks-gallery-item\"><figure><img loading=\"lazy\" decoding=\"async\" width=\"800\" height=\"600\" data-attachment-id=\"125073\" data-permalink=\"https:\/\/www.hoymercedes.com.ar\/principal\/2021\/02\/19\/aspectos-a-tener-presente-al-momento-de-elegir-alimentos-seguros-para-el-consumo\/19-choquechaca\/#main\" data-orig-file=\"https:\/\/www.hoymercedes.com.ar\/principal\/wp-content\/uploads\/2021\/02\/19-choquechaca.jpg\" data-orig-size=\"800,600\" data-comments-opened=\"0\" data-image-meta=\"{&quot;aperture&quot;:&quot;0&quot;,&quot;credit&quot;:&quot;&quot;,&quot;camera&quot;:&quot;&quot;,&quot;caption&quot;:&quot;&quot;,&quot;created_timestamp&quot;:&quot;0&quot;,&quot;copyright&quot;:&quot;&quot;,&quot;focal_length&quot;:&quot;0&quot;,&quot;iso&quot;:&quot;0&quot;,&quot;shutter_speed&quot;:&quot;0&quot;,&quot;title&quot;:&quot;&quot;,&quot;orientation&quot;:&quot;0&quot;}\" data-image-title=\"19 choquechaca\" data-image-description=\"\" data-image-caption=\"\" data-large-file=\"https:\/\/www.hoymercedes.com.ar\/principal\/wp-content\/uploads\/2021\/02\/19-choquechaca.jpg\" src=\"https:\/\/www.hoymercedes.com.ar\/principal\/wp-content\/uploads\/2021\/02\/19-choquechaca.jpg\" alt=\"\" data-id=\"125073\" data-full-url=\"https:\/\/www.hoymercedes.com.ar\/principal\/wp-content\/uploads\/2021\/02\/19-choquechaca.jpg\" data-link=\"https:\/\/www.hoymercedes.com.ar\/principal\/2021\/02\/19\/aspectos-a-tener-presente-al-momento-de-elegir-alimentos-seguros-para-el-consumo\/19-choquechaca\/\" class=\"wp-image-125073\" srcset=\"https:\/\/www.hoymercedes.com.ar\/principal\/wp-content\/uploads\/2021\/02\/19-choquechaca.jpg 800w, https:\/\/www.hoymercedes.com.ar\/principal\/wp-content\/uploads\/2021\/02\/19-choquechaca-630x473.jpg 630w, https:\/\/www.hoymercedes.com.ar\/principal\/wp-content\/uploads\/2021\/02\/19-choquechaca-150x113.jpg 150w\" sizes=\"auto, (max-width: 800px) 100vw, 800px\" \/><\/figure><\/li><li class=\"blocks-gallery-item\"><figure><img loading=\"lazy\" decoding=\"async\" width=\"800\" height=\"534\" data-attachment-id=\"125072\" data-permalink=\"https:\/\/www.hoymercedes.com.ar\/principal\/2021\/02\/19\/aspectos-a-tener-presente-al-momento-de-elegir-alimentos-seguros-para-el-consumo\/19-choquechaca2-jpg\/#main\" data-orig-file=\"https:\/\/www.hoymercedes.com.ar\/principal\/wp-content\/uploads\/2021\/02\/19-choquechaca2.jpg.png\" data-orig-size=\"800,534\" data-comments-opened=\"0\" data-image-meta=\"{&quot;aperture&quot;:&quot;0&quot;,&quot;credit&quot;:&quot;&quot;,&quot;camera&quot;:&quot;&quot;,&quot;caption&quot;:&quot;&quot;,&quot;created_timestamp&quot;:&quot;0&quot;,&quot;copyright&quot;:&quot;&quot;,&quot;focal_length&quot;:&quot;0&quot;,&quot;iso&quot;:&quot;0&quot;,&quot;shutter_speed&quot;:&quot;0&quot;,&quot;title&quot;:&quot;&quot;,&quot;orientation&quot;:&quot;0&quot;}\" data-image-title=\"19 choquechaca2.jpg\" data-image-description=\"\" data-image-caption=\"\" data-large-file=\"https:\/\/www.hoymercedes.com.ar\/principal\/wp-content\/uploads\/2021\/02\/19-choquechaca2.jpg.png\" src=\"https:\/\/www.hoymercedes.com.ar\/principal\/wp-content\/uploads\/2021\/02\/19-choquechaca2.jpg.png\" alt=\"\" data-id=\"125072\" data-full-url=\"https:\/\/www.hoymercedes.com.ar\/principal\/wp-content\/uploads\/2021\/02\/19-choquechaca2.jpg.png\" data-link=\"https:\/\/www.hoymercedes.com.ar\/principal\/2021\/02\/19\/aspectos-a-tener-presente-al-momento-de-elegir-alimentos-seguros-para-el-consumo\/19-choquechaca2-jpg\/\" class=\"wp-image-125072\" srcset=\"https:\/\/www.hoymercedes.com.ar\/principal\/wp-content\/uploads\/2021\/02\/19-choquechaca2.jpg.png 800w, https:\/\/www.hoymercedes.com.ar\/principal\/wp-content\/uploads\/2021\/02\/19-choquechaca2.jpg-630x421.png 630w, https:\/\/www.hoymercedes.com.ar\/principal\/wp-content\/uploads\/2021\/02\/19-choquechaca2.jpg-150x100.png 150w\" sizes=\"auto, (max-width: 800px) 100vw, 800px\" \/><\/figure><\/li><li class=\"blocks-gallery-item\"><figure><img loading=\"lazy\" decoding=\"async\" width=\"800\" height=\"419\" data-attachment-id=\"125070\" data-permalink=\"https:\/\/www.hoymercedes.com.ar\/principal\/2021\/02\/19\/aspectos-a-tener-presente-al-momento-de-elegir-alimentos-seguros-para-el-consumo\/19-choquechaca1\/#main\" data-orig-file=\"https:\/\/www.hoymercedes.com.ar\/principal\/wp-content\/uploads\/2021\/02\/19-choquechaca1.jpg\" data-orig-size=\"800,419\" data-comments-opened=\"0\" data-image-meta=\"{&quot;aperture&quot;:&quot;0&quot;,&quot;credit&quot;:&quot;&quot;,&quot;camera&quot;:&quot;&quot;,&quot;caption&quot;:&quot;&quot;,&quot;created_timestamp&quot;:&quot;0&quot;,&quot;copyright&quot;:&quot;&quot;,&quot;focal_length&quot;:&quot;0&quot;,&quot;iso&quot;:&quot;0&quot;,&quot;shutter_speed&quot;:&quot;0&quot;,&quot;title&quot;:&quot;&quot;,&quot;orientation&quot;:&quot;0&quot;}\" data-image-title=\"19 choquechaca1\" data-image-description=\"\" data-image-caption=\"\" data-large-file=\"https:\/\/www.hoymercedes.com.ar\/principal\/wp-content\/uploads\/2021\/02\/19-choquechaca1.jpg\" src=\"https:\/\/www.hoymercedes.com.ar\/principal\/wp-content\/uploads\/2021\/02\/19-choquechaca1.jpg\" alt=\"\" data-id=\"125070\" data-full-url=\"https:\/\/www.hoymercedes.com.ar\/principal\/wp-content\/uploads\/2021\/02\/19-choquechaca1.jpg\" data-link=\"https:\/\/www.hoymercedes.com.ar\/principal\/2021\/02\/19\/aspectos-a-tener-presente-al-momento-de-elegir-alimentos-seguros-para-el-consumo\/19-choquechaca1\/\" class=\"wp-image-125070\" srcset=\"https:\/\/www.hoymercedes.com.ar\/principal\/wp-content\/uploads\/2021\/02\/19-choquechaca1.jpg 800w, https:\/\/www.hoymercedes.com.ar\/principal\/wp-content\/uploads\/2021\/02\/19-choquechaca1-630x330.jpg 630w, https:\/\/www.hoymercedes.com.ar\/principal\/wp-content\/uploads\/2021\/02\/19-choquechaca1-150x79.jpg 150w\" sizes=\"auto, (max-width: 800px) 100vw, 800px\" \/><\/figure><\/li><\/ul><\/figure>\n\n\n\n<p>El parte oficial est\u00e1 caratulado como \u00abHomicidio Culposo\u00bb con fecha del 18 de febrero expresa: \u00abFecha actual personal de la Comisar\u00eda de Chacabuco y Sub Comisaria O&#8217;higginis, toma conocimiento de siniestro vial, en Ruta Nac.\u00a0 7 km 230, en donde circunstancias tr\u00e1tense de establecer camioneta Renault Kangoo, la cual era guiada por un vecino de esta ciudad colisiona con camioneta VW AMAROK, conducido por un sujeto del sexo masculino, mayor de edad (48) acompa\u00f1ado por femenina mayor de edad (43) ambos domiciliados en Mercedes y con cami\u00f3n Volvo de la empresa Andreani guiado por un sujeto masculino mayor de edad (47) con domicilio en CABA, el cual circulaba sentido contrario.- Producto de la colisi\u00f3n el conductor de la Renaault Kangoo fallecido en el lugar.- Resto de personas part\u00edcipes del siniestro trasladados al Nosocomio local por lesiones de menor consideraci\u00f3n.- Veh\u00edculo Amarok y Kangoo, incineradas totalmente.- Interv Fiscal\u00eda Descentralizada Chacabuco.<\/p>\n\n\n\n<p>Luego se supo que el conductor de la Renault Kangoo, oriundo de Chacabuco, que perdi\u00f3 la vida a consecuencia del siniestro vial fue identificado como Pablo Arg\u00fcello. En tanto, en la Amarok se movilizaban Pablo \u00c1vila y Daniela Fresnes, ambos polic\u00edas de Mercedes, mientras que el cami\u00f3n de Andreani era guiado por Ra\u00fal Balmaceda. Fueron todos trasladados al Hospital municipal de Chacabuco con lesiones de distinta consideraci\u00f3n. <\/p>\n\n\n\n<p>Fuente: Chacabuco en Red, Que Pensas Chacabuco y La Verdad Online<\/p>\n","protected":false},"excerpt":{"rendered":"<p>En el kil\u00f3metro 230 de la Ruta 7, en el partido de Chacabuco se produjo el siniestro vial en la &#8230; <a title=\"Siniestro v\u00edal en la Ruta 7: polic\u00edas mercedinos en el triple choque\" class=\"read-more\" href=\"https:\/\/www.hoymercedes.com.ar\/principal\/2021\/02\/19\/siniestro-vial-en-la-ruta-7-policias-mercedinos-en-el-triple-choque\/\" aria-label=\"Leer m\u00e1s sobre Siniestro v\u00edal en la Ruta 7: polic\u00edas mercedinos en el triple choque\">Leer m\u00e1s<\/a><\/p>\n","protected":false},"author":1,"featured_media":125072,"comment_status":"closed","ping_status":"open","sticky":false,"template":"","format":"standard","meta":{"_monsterinsights_skip_tracking":false,"_monsterinsights_sitenote_active":false,"_monsterinsights_sitenote_note":"","_monsterinsights_sitenote_category":0,"jetpack_post_was_ever_published":false,"_jetpack_newsletter_access":"","_jetpack_dont_email_post_to_subs":false,"_jetpack_newsletter_tier_id":0,"_jetpack_memberships_contains_paywalled_content":false,"_jetpack_memberships_contains_paid_content":false,"footnotes":"","jetpack_publicize_message":"","jetpack_publicize_feature_enabled":true,"jetpack_social_post_already_shared":false,"jetpack_social_options":{"image_generator_settings":{"template":"highway","default_image_id":0,"font":"","enabled":false},"version":2},"_wpas_customize_per_network":false},"categories":[85],"tags":[7560,96,9322],"class_list":["post-125068","post","type-post","status-publish","format-standard","has-post-thumbnail","hentry","category-policial","tag-chacabuco","tag-policial-2","tag-region","generate-columns","tablet-grid-50","mobile-grid-100","grid-parent","grid-50"],"jetpack_publicize_connections":[],"jetpack_featured_media_url":"https:\/\/www.hoymercedes.com.ar\/principal\/wp-content\/uploads\/2021\/02\/19-choquechaca2.jpg.png","wps_subtitle":"Durante la ma\u00f1ana del jueves","jetpack_sharing_enabled":true,"_links":{"self":[{"href":"https:\/\/www.hoymercedes.com.ar\/principal\/wp-json\/wp\/v2\/posts\/125068","targetHints":{"allow":["GET"]}}],"collection":[{"href":"https:\/\/www.hoymercedes.com.ar\/principal\/wp-json\/wp\/v2\/posts"}],"about":[{"href":"https:\/\/www.hoymercedes.com.ar\/principal\/wp-json\/wp\/v2\/types\/post"}],"author":[{"embeddable":true,"href":"https:\/\/www.hoymercedes.com.ar\/principal\/wp-json\/wp\/v2\/users\/1"}],"replies":[{"embeddable":true,"href":"https:\/\/www.hoymercedes.com.ar\/principal\/wp-json\/wp\/v2\/comments?post=125068"}],"version-history":[{"count":0,"href":"https:\/\/www.hoymercedes.com.ar\/principal\/wp-json\/wp\/v2\/posts\/125068\/revisions"}],"wp:featuredmedia":[{"embeddable":true,"href":"https:\/\/www.hoymercedes.com.ar\/principal\/wp-json\/wp\/v2\/media\/125072"}],"wp:attachment":[{"href":"https:\/\/www.hoymercedes.com.ar\/principal\/wp-json\/wp\/v2\/media?parent=125068"}],"wp:term":[{"taxonomy":"category","embeddable":true,"href":"https:\/\/www.hoymercedes.com.ar\/principal\/wp-json\/wp\/v2\/categories?post=125068"},{"taxonomy":"post_tag","embeddable":true,"href":"https:\/\/www.hoymercedes.com.ar\/principal\/wp-json\/wp\/v2\/tags?post=125068"}],"curies":[{"name":"wp","href":"https:\/\/api.w.org\/{rel}","templated":true}]}}