{"id":125090,"date":"2021-02-19T19:35:00","date_gmt":"2021-02-19T22:35:00","guid":{"rendered":"http:\/\/www.hoymercedes.com.ar\/principal\/?p=125090"},"modified":"2021-02-19T22:49:53","modified_gmt":"2021-02-20T01:49:53","slug":"el-25-de-febrero-realizaran-el-septomo-sorteo-de-mi-terreno","status":"publish","type":"post","link":"https:\/\/www.hoymercedes.com.ar\/principal\/2021\/02\/19\/el-25-de-febrero-realizaran-el-septomo-sorteo-de-mi-terreno\/","title":{"rendered":"El 25 de febrero realizar\u00e1n el s\u00e9ptimo sorteo de Mi Terreno"},"content":{"rendered":"\n<p>Ante los medios de prensa, el intendente Juan Ignacio Ustarroz, junto a representantes del Direcci\u00f3n de Tierras y la Subsecretar\u00eda de Tierras, anunci\u00f3 lo que ser\u00e1 el s\u00e9ptimo sorteo del Programa \u201cMi Terreno\u201d. El mismo se llevar\u00e1 adelante el pr\u00f3ximo 25 de febrero en el Teatro \u201cJulio C\u00e9sar Gioscio\u201d a partir de las 10:00 de la ma\u00f1ana y ser\u00e1 transmitido v\u00eda streaming por redes sociales.\u00a0\u00a0Sortear\u00e1n 35 sorteos de terrenos y otros 20 de terrenos m\u00e1s casas. <\/p>\n\n\n\n<div class=\"wp-block-image\"><figure class=\"aligncenter size-large\"><img loading=\"lazy\" decoding=\"async\" width=\"800\" height=\"450\" data-attachment-id=\"125093\" data-permalink=\"https:\/\/www.hoymercedes.com.ar\/principal\/2021\/02\/19\/el-25-de-febrero-realizaran-el-septomo-sorteo-de-mi-terreno\/dsc03965\/#main\" data-orig-file=\"https:\/\/www.hoymercedes.com.ar\/principal\/wp-content\/uploads\/2021\/02\/DSC03965.jpg\" data-orig-size=\"800,450\" data-comments-opened=\"0\" data-image-meta=\"{&quot;aperture&quot;:&quot;0&quot;,&quot;credit&quot;:&quot;&quot;,&quot;camera&quot;:&quot;&quot;,&quot;caption&quot;:&quot;&quot;,&quot;created_timestamp&quot;:&quot;1613729307&quot;,&quot;copyright&quot;:&quot;&quot;,&quot;focal_length&quot;:&quot;0&quot;,&quot;iso&quot;:&quot;0&quot;,&quot;shutter_speed&quot;:&quot;0&quot;,&quot;title&quot;:&quot;&quot;,&quot;orientation&quot;:&quot;1&quot;}\" data-image-title=\"DSC03965\" data-image-description=\"\" data-image-caption=\"\" data-large-file=\"https:\/\/www.hoymercedes.com.ar\/principal\/wp-content\/uploads\/2021\/02\/DSC03965.jpg\" src=\"https:\/\/www.hoymercedes.com.ar\/principal\/wp-content\/uploads\/2021\/02\/DSC03965.jpg\" alt=\"\" class=\"wp-image-125093\" srcset=\"https:\/\/www.hoymercedes.com.ar\/principal\/wp-content\/uploads\/2021\/02\/DSC03965.jpg 800w, https:\/\/www.hoymercedes.com.ar\/principal\/wp-content\/uploads\/2021\/02\/DSC03965-630x354.jpg 630w, https:\/\/www.hoymercedes.com.ar\/principal\/wp-content\/uploads\/2021\/02\/DSC03965-150x84.jpg 150w\" sizes=\"auto, (max-width: 800px) 100vw, 800px\" \/><\/figure><\/div>\n\n\n\n<p>El Jefe Comunal Juan Ustarroz celebr\u00f3 este nuevo sorteo que ofrece la posibilidad a los vecinos de acceder a la tierra \u201choy tenemos un Estado Nacional y un Estado Provincial que apuesta a la vivienda como una de las herramientas de desarrollo, de bienestar y calidad de vida de nuestra gente, lo que adem\u00e1s, pone en marcha la econom\u00eda local, provincial y nacional.\u201d &nbsp;<\/p>\n\n\n\n<p>Asimismo, intendente Ustarroz se\u00f1al\u00f3 que \u201cpodemos generar m\u00e1s de 200 viviendas como primer punto\u201d y aclar\u00f3 que \u201centre el 2013 y 2015 con el programa PROCREAR se hicieron en Mercedes 600 viviendas y ese mismo cupo va a ser el que vamos a trabajar durante estos tres a\u00f1os en la ciudad\u201d. &nbsp;<\/p>\n\n\n\n<p>Acompa\u00f1aron en la presentaci\u00f3n al intendente Ustarroz, el subsecretario de Tierras, Javier Guevara, la directora de Tierras, Valeria Ilaraz y el jefe del Cuerpo de Bomberos Voluntarios Mario Quaglia. &nbsp;<\/p>\n\n\n\n<p>Por su parte, Ilarraz, responsable de la Direcci\u00f3n de Tierras, se\u00f1al\u00f3 \u201cel 25 de febrero a las 10 de la ma\u00f1ana, en el Teatro Julio C\u00e9sar Gioscio, lo vamos a transmitir por streaming\u201d y agreg\u00f3 que \u201cse van a sortear 30 terrenos del cupo general, un cupo especial para el Sindicato de la Carne de 5 terrenos y por primera vez, de manera especial, van a sortearse 20 terrenos m\u00e1s casa a cupos especiales. Estos ser\u00e1n dos para Bomberos, dos para la Polic\u00eda Bonaerense, dos para el Servicio&nbsp;&nbsp;Penitenciario Federal, dos para cooperativistas, seis para municipales y seis para el personal de la salud del Hospital Dubarry y de la Cl\u00ednica\u201d. &nbsp;<\/p>\n\n\n\n<div class=\"wp-block-image\"><figure class=\"aligncenter size-large\"><img loading=\"lazy\" decoding=\"async\" width=\"800\" height=\"450\" data-attachment-id=\"125092\" data-permalink=\"https:\/\/www.hoymercedes.com.ar\/principal\/2021\/02\/19\/el-25-de-febrero-realizaran-el-septomo-sorteo-de-mi-terreno\/dsc03966\/#main\" data-orig-file=\"https:\/\/www.hoymercedes.com.ar\/principal\/wp-content\/uploads\/2021\/02\/DSC03966.jpg\" data-orig-size=\"800,450\" data-comments-opened=\"0\" data-image-meta=\"{&quot;aperture&quot;:&quot;0&quot;,&quot;credit&quot;:&quot;&quot;,&quot;camera&quot;:&quot;&quot;,&quot;caption&quot;:&quot;&quot;,&quot;created_timestamp&quot;:&quot;1613730366&quot;,&quot;copyright&quot;:&quot;&quot;,&quot;focal_length&quot;:&quot;0&quot;,&quot;iso&quot;:&quot;0&quot;,&quot;shutter_speed&quot;:&quot;0&quot;,&quot;title&quot;:&quot;&quot;,&quot;orientation&quot;:&quot;1&quot;}\" data-image-title=\"DSC03966\" data-image-description=\"\" data-image-caption=\"\" data-large-file=\"https:\/\/www.hoymercedes.com.ar\/principal\/wp-content\/uploads\/2021\/02\/DSC03966.jpg\" src=\"https:\/\/www.hoymercedes.com.ar\/principal\/wp-content\/uploads\/2021\/02\/DSC03966.jpg\" alt=\"\" class=\"wp-image-125092\" srcset=\"https:\/\/www.hoymercedes.com.ar\/principal\/wp-content\/uploads\/2021\/02\/DSC03966.jpg 800w, https:\/\/www.hoymercedes.com.ar\/principal\/wp-content\/uploads\/2021\/02\/DSC03966-630x354.jpg 630w, https:\/\/www.hoymercedes.com.ar\/principal\/wp-content\/uploads\/2021\/02\/DSC03966-150x84.jpg 150w\" sizes=\"auto, (max-width: 800px) 100vw, 800px\" \/><\/figure><\/div>\n\n\n\n<p>Adem\u00e1s, la Dra. Ilarraz coment\u00f3 \u201cse puede chequear todo en la p\u00e1gina web&nbsp;<a rel=\"noreferrer noopener\" target=\"_blank\" href=\"http:\/\/www.2.mercedes.gob.ar\/deju\">www.2.mercedes.gob.ar\/deju<\/a>\u201d &nbsp;<\/p>\n\n\n\n<p>Conjuntamente, inform\u00f3 \u201cson unos cuatro mil doscientos ocho los inscriptos al programa \u201cMi Terreno\u201d e indic\u00f3 que se encuentra abierto el libro de oposiciones. \u201cEstamos llegando a unas 300 bajas por incumplimiento de requisitos\u201d inform\u00f3 la directora de Tierras. &nbsp;<\/p>\n\n\n\n<p>El Sub Secretario de Tierras, Dr. Javier Guevara valor\u00f3 la pol\u00edtica de viviendas y tierras que lleva adelante la gesti\u00f3n del intendente Ustarroz \u201cexiste una fuerte decisi\u00f3n pol\u00edtica de atacar el d\u00e9ficit habitacional de la ciudad\u201d. &nbsp;<\/p>\n\n\n\n<p>Resoluci\u00f3n N\u00b0 137\/2021 SEPTIMO SORTEO 25\/2 10 horas &nbsp;<\/p>\n\n\n\n<p>Programa Mi Terreno: &nbsp;<br>&#8211; Cupo General del Registro de Demanda Habitacional: 30 lotes &nbsp;<br>&#8211; Cupo especial Sindicato de la Carne: 5 lotes &nbsp;<br><\/p>\n\n\n\n<p>Sorteo especial de Terreno + Vivienda: <br>&#8211; 2 Bomberos Voluntarios <br>\u2013 2 Polic\u00edas Bonaerenses <br>\u2013 2 Servicio Penitenciario Federal <br>\u2013 2 Cooperativistas <br>\u2013 6 Empleados Municipales <br>\u2013 6 Personal de la Salud del Hospital Blas Dubarry y la Cl\u00ednica Nueva Cruz Azul &nbsp;<\/p>\n\n\n\n<p>Listados en www2.mercedes.gob.ar\/deju \u00a0<\/p>\n\n\n\n<p>Fuente: Prensa Municipal<\/p>\n","protected":false},"excerpt":{"rendered":"<p>Ante los medios de prensa, el intendente Juan Ignacio Ustarroz, junto a representantes del Direcci\u00f3n de Tierras y la Subsecretar\u00eda &#8230; <a title=\"El 25 de febrero realizar\u00e1n el s\u00e9ptimo sorteo de Mi Terreno\" class=\"read-more\" href=\"https:\/\/www.hoymercedes.com.ar\/principal\/2021\/02\/19\/el-25-de-febrero-realizaran-el-septomo-sorteo-de-mi-terreno\/\" aria-label=\"Leer m\u00e1s sobre El 25 de febrero realizar\u00e1n el s\u00e9ptimo sorteo de Mi Terreno\">Leer m\u00e1s<\/a><\/p>\n","protected":false},"author":1,"featured_media":125093,"comment_status":"closed","ping_status":"open","sticky":false,"template":"","format":"standard","meta":{"_monsterinsights_skip_tracking":false,"_monsterinsights_sitenote_active":false,"_monsterinsights_sitenote_note":"","_monsterinsights_sitenote_category":0,"jetpack_post_was_ever_published":false,"_jetpack_newsletter_access":"","_jetpack_dont_email_post_to_subs":false,"_jetpack_newsletter_tier_id":0,"_jetpack_memberships_contains_paywalled_content":false,"_jetpack_memberships_contains_paid_content":false,"footnotes":"","jetpack_publicize_message":"","jetpack_publicize_feature_enabled":true,"jetpack_social_post_already_shared":true,"jetpack_social_options":{"image_generator_settings":{"template":"highway","default_image_id":0,"font":"","enabled":false},"version":2},"_wpas_customize_per_network":false},"categories":[30],"tags":[14241,244,9097,17047],"class_list":["post-125090","post","type-post","status-publish","format-standard","has-post-thumbnail","hentry","category-municipio","tag-mi-terreno","tag-municipio-2","tag-sorteo","tag-tierras","generate-columns","tablet-grid-50","mobile-grid-100","grid-parent","grid-50"],"jetpack_publicize_connections":[],"jetpack_featured_media_url":"https:\/\/www.hoymercedes.com.ar\/principal\/wp-content\/uploads\/2021\/02\/DSC03965.jpg","wps_subtitle":"Programa de la Direcci\u00f3n de Tierras","jetpack_sharing_enabled":true,"_links":{"self":[{"href":"https:\/\/www.hoymercedes.com.ar\/principal\/wp-json\/wp\/v2\/posts\/125090","targetHints":{"allow":["GET"]}}],"collection":[{"href":"https:\/\/www.hoymercedes.com.ar\/principal\/wp-json\/wp\/v2\/posts"}],"about":[{"href":"https:\/\/www.hoymercedes.com.ar\/principal\/wp-json\/wp\/v2\/types\/post"}],"author":[{"embeddable":true,"href":"https:\/\/www.hoymercedes.com.ar\/principal\/wp-json\/wp\/v2\/users\/1"}],"replies":[{"embeddable":true,"href":"https:\/\/www.hoymercedes.com.ar\/principal\/wp-json\/wp\/v2\/comments?post=125090"}],"version-history":[{"count":0,"href":"https:\/\/www.hoymercedes.com.ar\/principal\/wp-json\/wp\/v2\/posts\/125090\/revisions"}],"wp:featuredmedia":[{"embeddable":true,"href":"https:\/\/www.hoymercedes.com.ar\/principal\/wp-json\/wp\/v2\/media\/125093"}],"wp:attachment":[{"href":"https:\/\/www.hoymercedes.com.ar\/principal\/wp-json\/wp\/v2\/media?parent=125090"}],"wp:term":[{"taxonomy":"category","embeddable":true,"href":"https:\/\/www.hoymercedes.com.ar\/principal\/wp-json\/wp\/v2\/categories?post=125090"},{"taxonomy":"post_tag","embeddable":true,"href":"https:\/\/www.hoymercedes.com.ar\/principal\/wp-json\/wp\/v2\/tags?post=125090"}],"curies":[{"name":"wp","href":"https:\/\/api.w.org\/{rel}","templated":true}]}}