{"id":125099,"date":"2021-02-20T06:55:00","date_gmt":"2021-02-20T09:55:00","guid":{"rendered":"http:\/\/www.hoymercedes.com.ar\/principal\/?p=125099"},"modified":"2021-02-19T22:47:42","modified_gmt":"2021-02-20T01:47:42","slug":"segundo-dia-de-vacunacion-en-mercedes","status":"publish","type":"post","link":"https:\/\/www.hoymercedes.com.ar\/principal\/2021\/02\/20\/segundo-dia-de-vacunacion-en-mercedes\/","title":{"rendered":"Pas\u00f3 el segundo d\u00eda de vacunaci\u00f3n en Mercedes"},"content":{"rendered":"\n<p>En horas de la ma\u00f1ana, acompa\u00f1ado por el secretario de salud del municipio, el intendente Juan Ignacio Ustarroz se hizo presente en el centro vacunatorio ubicado en el Colegio Nacional y recorri\u00f3 las instalaciones. \u201cEstamos muy felices por el apoyo y compromiso de los vecinos, como as\u00ed tambi\u00e9n por la gran labor que vienen realizando, tanto los trabajadores de salud, como de las diferentes \u00e1reas municipales para llevar adelante este importante operativo\u201d manifest\u00f3 Ustarroz.\u00a0\u00a0\u00a0\u00a0<\/p>\n\n\n\n<div class=\"wp-block-image\"><figure class=\"aligncenter size-large\"><img loading=\"lazy\" decoding=\"async\" width=\"800\" height=\"452\" data-attachment-id=\"125100\" data-permalink=\"https:\/\/www.hoymercedes.com.ar\/principal\/2021\/02\/20\/segundo-dia-de-vacunacion-en-mercedes\/whatsapp-image-2021-02-19-at-17-33-30-4\/#main\" data-orig-file=\"https:\/\/www.hoymercedes.com.ar\/principal\/wp-content\/uploads\/2021\/02\/WhatsApp-Image-2021-02-19-at-17.33.30-4.jpeg\" data-orig-size=\"800,452\" data-comments-opened=\"0\" data-image-meta=\"{&quot;aperture&quot;:&quot;0&quot;,&quot;credit&quot;:&quot;&quot;,&quot;camera&quot;:&quot;&quot;,&quot;caption&quot;:&quot;&quot;,&quot;created_timestamp&quot;:&quot;0&quot;,&quot;copyright&quot;:&quot;&quot;,&quot;focal_length&quot;:&quot;0&quot;,&quot;iso&quot;:&quot;0&quot;,&quot;shutter_speed&quot;:&quot;0&quot;,&quot;title&quot;:&quot;&quot;,&quot;orientation&quot;:&quot;0&quot;}\" data-image-title=\"WhatsApp Image 2021-02-19 at 17.33.30 (4)\" data-image-description=\"\" data-image-caption=\"\" data-large-file=\"https:\/\/www.hoymercedes.com.ar\/principal\/wp-content\/uploads\/2021\/02\/WhatsApp-Image-2021-02-19-at-17.33.30-4.jpeg\" src=\"https:\/\/www.hoymercedes.com.ar\/principal\/wp-content\/uploads\/2021\/02\/WhatsApp-Image-2021-02-19-at-17.33.30-4.jpeg\" alt=\"\" class=\"wp-image-125100\" srcset=\"https:\/\/www.hoymercedes.com.ar\/principal\/wp-content\/uploads\/2021\/02\/WhatsApp-Image-2021-02-19-at-17.33.30-4.jpeg 800w, https:\/\/www.hoymercedes.com.ar\/principal\/wp-content\/uploads\/2021\/02\/WhatsApp-Image-2021-02-19-at-17.33.30-4-630x356.jpeg 630w, https:\/\/www.hoymercedes.com.ar\/principal\/wp-content\/uploads\/2021\/02\/WhatsApp-Image-2021-02-19-at-17.33.30-4-150x85.jpeg 150w\" sizes=\"auto, (max-width: 800px) 100vw, 800px\" \/><\/figure><\/div>\n\n\n\n<p>Durante la recorrida, el intendente salud\u00f3 e intercambi\u00f3 algunas palabras con los vecinos que estaban esperando su turno para la primera aplicaci\u00f3n de la vacuna \u201cesta es la tercera etapa de vacunaci\u00f3n en Mercedes, donde desde el d\u00eda de ayer comenzamos a vacunar a distintas porciones de la poblaci\u00f3n objetivo\u201d apunt\u00f3 el intendente Ustarroz. &nbsp;<\/p>\n\n\n\n<p>\u201cHay que poner de relieve que esto va a llevar tiempo, no tiene un efecto inmediato, faltan muchos meses para llegar a la inmunizaci\u00f3n de nuestra poblaci\u00f3n\u201d sostuvo el mandatario local quien adem\u00e1s remarc\u00f3 \u201ctenemos que seguir planteando el tema de los cuidados porque d\u00eda a d\u00eda tenemos nuevamente en la ciudad contagios\u201d. &nbsp;<\/p>\n\n\n\n<p>Asimismo, el Dr. Ustarroz expres\u00f3 \u201cvemos que la gente est\u00e1 muy contenta viniendo a vacunarse y tenemos que seguir transitando por este sendero de una clara unidad como pueblo, solidario\u201d. &nbsp;<\/p>\n\n\n\n<p>Por su parte, el secretario de salud, el m\u00e9dico N\u00e9stor Pisapia destac\u00f3 \u201cla cantidad de gente de la Secretar\u00eda de Salud que ha trabajado detr\u00e1s de este dispositivo es impresionante\u201d y subray\u00f3 \u201cel apoyo de la Secretaria de Gobierno, el intendente y de todas las secretar\u00edas que nos han dado una mano, la gente de log\u00edstica, estamos muy contentos\u201d. \u00a0<\/p>\n\n\n\n<div class=\"wp-block-image\"><figure class=\"aligncenter size-large\"><img loading=\"lazy\" decoding=\"async\" width=\"800\" height=\"452\" data-attachment-id=\"125101\" data-permalink=\"https:\/\/www.hoymercedes.com.ar\/principal\/2021\/02\/20\/segundo-dia-de-vacunacion-en-mercedes\/whatsapp-image-2021-02-19-at-17-33-30-1\/#main\" data-orig-file=\"https:\/\/www.hoymercedes.com.ar\/principal\/wp-content\/uploads\/2021\/02\/WhatsApp-Image-2021-02-19-at-17.33.30-1.jpeg\" data-orig-size=\"800,452\" data-comments-opened=\"0\" data-image-meta=\"{&quot;aperture&quot;:&quot;0&quot;,&quot;credit&quot;:&quot;&quot;,&quot;camera&quot;:&quot;&quot;,&quot;caption&quot;:&quot;&quot;,&quot;created_timestamp&quot;:&quot;0&quot;,&quot;copyright&quot;:&quot;&quot;,&quot;focal_length&quot;:&quot;0&quot;,&quot;iso&quot;:&quot;0&quot;,&quot;shutter_speed&quot;:&quot;0&quot;,&quot;title&quot;:&quot;&quot;,&quot;orientation&quot;:&quot;0&quot;}\" data-image-title=\"WhatsApp Image 2021-02-19 at 17.33.30 (1)\" data-image-description=\"\" data-image-caption=\"\" data-large-file=\"https:\/\/www.hoymercedes.com.ar\/principal\/wp-content\/uploads\/2021\/02\/WhatsApp-Image-2021-02-19-at-17.33.30-1.jpeg\" src=\"https:\/\/www.hoymercedes.com.ar\/principal\/wp-content\/uploads\/2021\/02\/WhatsApp-Image-2021-02-19-at-17.33.30-1.jpeg\" alt=\"\" class=\"wp-image-125101\" srcset=\"https:\/\/www.hoymercedes.com.ar\/principal\/wp-content\/uploads\/2021\/02\/WhatsApp-Image-2021-02-19-at-17.33.30-1.jpeg 800w, https:\/\/www.hoymercedes.com.ar\/principal\/wp-content\/uploads\/2021\/02\/WhatsApp-Image-2021-02-19-at-17.33.30-1-630x356.jpeg 630w, https:\/\/www.hoymercedes.com.ar\/principal\/wp-content\/uploads\/2021\/02\/WhatsApp-Image-2021-02-19-at-17.33.30-1-150x85.jpeg 150w\" sizes=\"auto, (max-width: 800px) 100vw, 800px\" \/><\/figure><\/div>\n","protected":false},"excerpt":{"rendered":"<p>En horas de la ma\u00f1ana, acompa\u00f1ado por el secretario de salud del municipio, el intendente Juan Ignacio Ustarroz se hizo &#8230; <a title=\"Pas\u00f3 el segundo d\u00eda de vacunaci\u00f3n en Mercedes\" class=\"read-more\" href=\"https:\/\/www.hoymercedes.com.ar\/principal\/2021\/02\/20\/segundo-dia-de-vacunacion-en-mercedes\/\" aria-label=\"Leer m\u00e1s sobre Pas\u00f3 el segundo d\u00eda de vacunaci\u00f3n en Mercedes\">Leer m\u00e1s<\/a><\/p>\n","protected":false},"author":1,"featured_media":125100,"comment_status":"closed","ping_status":"open","sticky":false,"template":"","format":"standard","meta":{"_monsterinsights_skip_tracking":false,"_monsterinsights_sitenote_active":false,"_monsterinsights_sitenote_note":"","_monsterinsights_sitenote_category":0,"jetpack_post_was_ever_published":false,"_jetpack_newsletter_access":"","_jetpack_dont_email_post_to_subs":false,"_jetpack_newsletter_tier_id":0,"_jetpack_memberships_contains_paywalled_content":false,"_jetpack_memberships_contains_paid_content":false,"footnotes":"","jetpack_publicize_message":"","jetpack_publicize_feature_enabled":true,"jetpack_social_post_already_shared":true,"jetpack_social_options":{"image_generator_settings":{"template":"highway","default_image_id":0,"font":"","enabled":false},"version":2},"_wpas_customize_per_network":false},"categories":[30],"tags":[5899,244],"class_list":["post-125099","post","type-post","status-publish","format-standard","has-post-thumbnail","hentry","category-municipio","tag-campana-de-vacunacion","tag-municipio-2","generate-columns","tablet-grid-50","mobile-grid-100","grid-parent","grid-50"],"jetpack_publicize_connections":[],"jetpack_featured_media_url":"https:\/\/www.hoymercedes.com.ar\/principal\/wp-content\/uploads\/2021\/02\/WhatsApp-Image-2021-02-19-at-17.33.30-4.jpeg","wps_subtitle":"Recorrida del Jefe Comunal","jetpack_sharing_enabled":true,"_links":{"self":[{"href":"https:\/\/www.hoymercedes.com.ar\/principal\/wp-json\/wp\/v2\/posts\/125099","targetHints":{"allow":["GET"]}}],"collection":[{"href":"https:\/\/www.hoymercedes.com.ar\/principal\/wp-json\/wp\/v2\/posts"}],"about":[{"href":"https:\/\/www.hoymercedes.com.ar\/principal\/wp-json\/wp\/v2\/types\/post"}],"author":[{"embeddable":true,"href":"https:\/\/www.hoymercedes.com.ar\/principal\/wp-json\/wp\/v2\/users\/1"}],"replies":[{"embeddable":true,"href":"https:\/\/www.hoymercedes.com.ar\/principal\/wp-json\/wp\/v2\/comments?post=125099"}],"version-history":[{"count":0,"href":"https:\/\/www.hoymercedes.com.ar\/principal\/wp-json\/wp\/v2\/posts\/125099\/revisions"}],"wp:featuredmedia":[{"embeddable":true,"href":"https:\/\/www.hoymercedes.com.ar\/principal\/wp-json\/wp\/v2\/media\/125100"}],"wp:attachment":[{"href":"https:\/\/www.hoymercedes.com.ar\/principal\/wp-json\/wp\/v2\/media?parent=125099"}],"wp:term":[{"taxonomy":"category","embeddable":true,"href":"https:\/\/www.hoymercedes.com.ar\/principal\/wp-json\/wp\/v2\/categories?post=125099"},{"taxonomy":"post_tag","embeddable":true,"href":"https:\/\/www.hoymercedes.com.ar\/principal\/wp-json\/wp\/v2\/tags?post=125099"}],"curies":[{"name":"wp","href":"https:\/\/api.w.org\/{rel}","templated":true}]}}