{"id":125167,"date":"2021-02-21T14:39:00","date_gmt":"2021-02-21T17:39:00","guid":{"rendered":"http:\/\/www.hoymercedes.com.ar\/principal\/?p=125167"},"modified":"2021-02-21T20:53:00","modified_gmt":"2021-02-21T23:53:00","slug":"operativo-de-nacion-y-la-municipalidad-llego-a-vecinos-de-gowland-y-agote","status":"publish","type":"post","link":"https:\/\/www.hoymercedes.com.ar\/principal\/2021\/02\/21\/operativo-de-nacion-y-la-municipalidad-llego-a-vecinos-de-gowland-y-agote\/","title":{"rendered":"Operativo de Naci\u00f3n y la Municipalidad lleg\u00f3 a vecinos de Gowland y Agote"},"content":{"rendered":"\n<p>Informaci\u00f3n municipal &#8211; Este s\u00e1bado en la sede de la sociedad de fomento de Gowland y Agote se desarroll\u00f3 un nuevo operativo de parte del Estado Municipal y el Nacional con una gran concurrencia de vecinos.<\/p>\n\n\n\n<div class=\"wp-block-image\"><figure class=\"aligncenter size-large\"><img loading=\"lazy\" decoding=\"async\" width=\"1024\" height=\"579\" data-attachment-id=\"125168\" data-permalink=\"https:\/\/www.hoymercedes.com.ar\/principal\/2021\/02\/21\/operativo-de-nacion-y-la-municipalidad-llego-a-vecinos-de-gowland-y-agote\/img-20210221-wa0011\/#main\" data-orig-file=\"https:\/\/www.hoymercedes.com.ar\/principal\/wp-content\/uploads\/2021\/02\/IMG-20210221-WA0011.jpg\" data-orig-size=\"1280,724\" data-comments-opened=\"0\" data-image-meta=\"{&quot;aperture&quot;:&quot;0&quot;,&quot;credit&quot;:&quot;&quot;,&quot;camera&quot;:&quot;&quot;,&quot;caption&quot;:&quot;&quot;,&quot;created_timestamp&quot;:&quot;0&quot;,&quot;copyright&quot;:&quot;&quot;,&quot;focal_length&quot;:&quot;0&quot;,&quot;iso&quot;:&quot;0&quot;,&quot;shutter_speed&quot;:&quot;0&quot;,&quot;title&quot;:&quot;&quot;,&quot;orientation&quot;:&quot;0&quot;}\" data-image-title=\"IMG-20210221-WA0011\" data-image-description=\"\" data-image-caption=\"\" data-large-file=\"https:\/\/www.hoymercedes.com.ar\/principal\/wp-content\/uploads\/2021\/02\/IMG-20210221-WA0011-1024x579.jpg\" src=\"https:\/\/www.hoymercedes.com.ar\/principal\/wp-content\/uploads\/2021\/02\/IMG-20210221-WA0011-1024x579.jpg\" alt=\"\" class=\"wp-image-125168\" srcset=\"https:\/\/www.hoymercedes.com.ar\/principal\/wp-content\/uploads\/2021\/02\/IMG-20210221-WA0011-1024x579.jpg 1024w, https:\/\/www.hoymercedes.com.ar\/principal\/wp-content\/uploads\/2021\/02\/IMG-20210221-WA0011-630x356.jpg 630w, https:\/\/www.hoymercedes.com.ar\/principal\/wp-content\/uploads\/2021\/02\/IMG-20210221-WA0011-150x85.jpg 150w, https:\/\/www.hoymercedes.com.ar\/principal\/wp-content\/uploads\/2021\/02\/IMG-20210221-WA0011.jpg 1280w\" sizes=\"auto, (max-width: 1024px) 100vw, 1024px\" \/><\/figure><\/div>\n\n\n\n<p>En la ma\u00f1ana del s\u00e1bado los vecinos de Gowland, Agote y localidades cercanas tuvieron la posibilidad de hacer tr\u00e1mites que muchas veces no est\u00e1n al alcance ni son f\u00e1ciles de concretar. Estuvieron unidades el Ministerio del Interior que encabeza del convecino Eduardo \u00abWado\u00bb De Pedro, el ANSES con sus tr\u00e1mites, el municipio con sus m\u00faltiples \u00e1reas y la inscripci\u00f3n para la vacunaci\u00f3n contra el Covid.<\/p>\n\n\n\n<p>\u201cSeguimos ampliando derechos y ahora estamos en esta querida localidad de Gowland y Agote; por eso llevamos adelante junto al Registro Nacional de las Personas y la Direcci\u00f3n Nacional de Migraciones un operativo de documentaci\u00f3n que facilita la tramitaci\u00f3n de DNI, pasaportes, tr\u00e1mites de radicaci\u00f3n y brindando informaci\u00f3n a todos los vecinos de Mercedes\u201d, coment\u00f3 el intendente municipal Juan Ustarroz, quien visit\u00f3 la sede de la sociedad de fomento.<\/p>\n\n\n\n<p>M\u00e1s de 300 personas pasaron por la sede fomentista y lograron concretar algunos de los tr\u00e1mites que estaban necesitando y que tanto el Estado Municipal y el Nacional acercaron. \u201cEste dispositivo se dio por la gran cantidad de gente que se hab\u00eda pre inscripto en la sociedad de fomento para obtener el DNI. Hoy unas 230 personas se hicieron el documento, todos vecinos de la zona rural y adem\u00e1s se inscribieron m\u00e1s de 70 personas para recibir la vacuna contra el Covid\u201d, afirm\u00f3 el concejal y referente de Gowland Juli\u00e1n Inzaurgarat.<\/p>\n\n\n\n<div class=\"wp-block-image\"><figure class=\"aligncenter size-large\"><img loading=\"lazy\" decoding=\"async\" width=\"1024\" height=\"579\" data-attachment-id=\"125169\" data-permalink=\"https:\/\/www.hoymercedes.com.ar\/principal\/2021\/02\/21\/operativo-de-nacion-y-la-municipalidad-llego-a-vecinos-de-gowland-y-agote\/img-20210221-wa0012\/#main\" data-orig-file=\"https:\/\/www.hoymercedes.com.ar\/principal\/wp-content\/uploads\/2021\/02\/IMG-20210221-WA0012.jpg\" data-orig-size=\"1280,724\" data-comments-opened=\"0\" data-image-meta=\"{&quot;aperture&quot;:&quot;0&quot;,&quot;credit&quot;:&quot;&quot;,&quot;camera&quot;:&quot;&quot;,&quot;caption&quot;:&quot;&quot;,&quot;created_timestamp&quot;:&quot;0&quot;,&quot;copyright&quot;:&quot;&quot;,&quot;focal_length&quot;:&quot;0&quot;,&quot;iso&quot;:&quot;0&quot;,&quot;shutter_speed&quot;:&quot;0&quot;,&quot;title&quot;:&quot;&quot;,&quot;orientation&quot;:&quot;0&quot;}\" data-image-title=\"IMG-20210221-WA0012\" data-image-description=\"\" data-image-caption=\"\" data-large-file=\"https:\/\/www.hoymercedes.com.ar\/principal\/wp-content\/uploads\/2021\/02\/IMG-20210221-WA0012-1024x579.jpg\" src=\"https:\/\/www.hoymercedes.com.ar\/principal\/wp-content\/uploads\/2021\/02\/IMG-20210221-WA0012-1024x579.jpg\" alt=\"\" class=\"wp-image-125169\" srcset=\"https:\/\/www.hoymercedes.com.ar\/principal\/wp-content\/uploads\/2021\/02\/IMG-20210221-WA0012-1024x579.jpg 1024w, https:\/\/www.hoymercedes.com.ar\/principal\/wp-content\/uploads\/2021\/02\/IMG-20210221-WA0012-630x356.jpg 630w, https:\/\/www.hoymercedes.com.ar\/principal\/wp-content\/uploads\/2021\/02\/IMG-20210221-WA0012-150x85.jpg 150w, https:\/\/www.hoymercedes.com.ar\/principal\/wp-content\/uploads\/2021\/02\/IMG-20210221-WA0012.jpg 1280w\" sizes=\"auto, (max-width: 1024px) 100vw, 1024px\" \/><\/figure><\/div>\n\n\n\n<p><\/p>\n","protected":false},"excerpt":{"rendered":"<p>Informaci\u00f3n municipal &#8211; Este s\u00e1bado en la sede de la sociedad de fomento de Gowland y Agote se desarroll\u00f3 un &#8230; <a title=\"Operativo de Naci\u00f3n y la Municipalidad lleg\u00f3 a vecinos de Gowland y Agote\" class=\"read-more\" href=\"https:\/\/www.hoymercedes.com.ar\/principal\/2021\/02\/21\/operativo-de-nacion-y-la-municipalidad-llego-a-vecinos-de-gowland-y-agote\/\" aria-label=\"Leer m\u00e1s sobre Operativo de Naci\u00f3n y la Municipalidad lleg\u00f3 a vecinos de Gowland y Agote\">Leer m\u00e1s<\/a><\/p>\n","protected":false},"author":1,"featured_media":125169,"comment_status":"closed","ping_status":"open","sticky":false,"template":"","format":"standard","meta":{"_monsterinsights_skip_tracking":false,"_monsterinsights_sitenote_active":false,"_monsterinsights_sitenote_note":"","_monsterinsights_sitenote_category":0,"jetpack_post_was_ever_published":false,"_jetpack_newsletter_access":"","_jetpack_dont_email_post_to_subs":false,"_jetpack_newsletter_tier_id":0,"_jetpack_memberships_contains_paywalled_content":false,"_jetpack_memberships_contains_paid_content":false,"footnotes":"","jetpack_publicize_message":"","jetpack_publicize_feature_enabled":true,"jetpack_social_post_already_shared":true,"jetpack_social_options":{"image_generator_settings":{"template":"highway","default_image_id":0,"font":"","enabled":false},"version":2},"_wpas_customize_per_network":false},"categories":[30],"tags":[15511],"class_list":["post-125167","post","type-post","status-publish","format-standard","has-post-thumbnail","hentry","category-municipio","tag-el-estado-en-tu-barrio","generate-columns","tablet-grid-50","mobile-grid-100","grid-parent","grid-50"],"jetpack_publicize_connections":[],"jetpack_featured_media_url":"https:\/\/www.hoymercedes.com.ar\/principal\/wp-content\/uploads\/2021\/02\/IMG-20210221-WA0012.jpg","wps_subtitle":"Para hacer DNI","jetpack_sharing_enabled":true,"_links":{"self":[{"href":"https:\/\/www.hoymercedes.com.ar\/principal\/wp-json\/wp\/v2\/posts\/125167","targetHints":{"allow":["GET"]}}],"collection":[{"href":"https:\/\/www.hoymercedes.com.ar\/principal\/wp-json\/wp\/v2\/posts"}],"about":[{"href":"https:\/\/www.hoymercedes.com.ar\/principal\/wp-json\/wp\/v2\/types\/post"}],"author":[{"embeddable":true,"href":"https:\/\/www.hoymercedes.com.ar\/principal\/wp-json\/wp\/v2\/users\/1"}],"replies":[{"embeddable":true,"href":"https:\/\/www.hoymercedes.com.ar\/principal\/wp-json\/wp\/v2\/comments?post=125167"}],"version-history":[{"count":0,"href":"https:\/\/www.hoymercedes.com.ar\/principal\/wp-json\/wp\/v2\/posts\/125167\/revisions"}],"wp:featuredmedia":[{"embeddable":true,"href":"https:\/\/www.hoymercedes.com.ar\/principal\/wp-json\/wp\/v2\/media\/125169"}],"wp:attachment":[{"href":"https:\/\/www.hoymercedes.com.ar\/principal\/wp-json\/wp\/v2\/media?parent=125167"}],"wp:term":[{"taxonomy":"category","embeddable":true,"href":"https:\/\/www.hoymercedes.com.ar\/principal\/wp-json\/wp\/v2\/categories?post=125167"},{"taxonomy":"post_tag","embeddable":true,"href":"https:\/\/www.hoymercedes.com.ar\/principal\/wp-json\/wp\/v2\/tags?post=125167"}],"curies":[{"name":"wp","href":"https:\/\/api.w.org\/{rel}","templated":true}]}}