{"id":125198,"date":"2021-02-22T09:00:00","date_gmt":"2021-02-22T12:00:00","guid":{"rendered":"http:\/\/www.hoymercedes.com.ar\/principal\/?p=125198"},"modified":"2021-02-21T21:09:03","modified_gmt":"2021-02-22T00:09:03","slug":"realizaron-operativo-de-control-y-prevencion-de-alcoholomia-a-conductores-de-vehiculos","status":"publish","type":"post","link":"https:\/\/www.hoymercedes.com.ar\/principal\/2021\/02\/22\/realizaron-operativo-de-control-y-prevencion-de-alcoholomia-a-conductores-de-vehiculos\/","title":{"rendered":"Realizaron operativo de control y prevenci\u00f3n de alcoholomia a conductores de veh\u00edculos"},"content":{"rendered":"\n<p>Desde el Municipio de Mercedes informaron que las pasadas noches llevaron adelante controles de alcoholomia a los conductores de veh\u00edculos que transitaban por los ingresos a la ciudad. La Secretar\u00eda de Seguridad y la Agencia de Seguridad Vial fueron los responsables de concretar el \u201cPrograma de Alcoholemia Federal\u201d, en compa\u00f1ia de la polic\u00eda comunal y el GAD.  <\/p>\n\n\n\n<p>De acuerdo a la informaci\u00f3n enviada por la comuna se efectuaron controles sobre 246 veh\u00edculos, d\u00f3nde se detectaron 15 alcoholemias positivas punitivas y 22 alcoholemias positivas no punitivas. \u00a0Los puestos de control se instalaron en p\u00f3rticos de acceso a la ciudad, sobre la avenida 40 y en Acceso Sanmart\u00edn. <\/p>\n\n\n\n<div class=\"wp-block-image\"><figure class=\"aligncenter size-large\"><img loading=\"lazy\" decoding=\"async\" width=\"800\" height=\"534\" data-attachment-id=\"125199\" data-permalink=\"https:\/\/www.hoymercedes.com.ar\/principal\/2021\/02\/22\/realizaron-operativo-de-control-y-prevencion-de-alcoholomia-a-conductores-de-vehiculos\/2-2-4\/#main\" data-orig-file=\"https:\/\/www.hoymercedes.com.ar\/principal\/wp-content\/uploads\/2021\/02\/2-2-1.jpeg\" data-orig-size=\"800,534\" data-comments-opened=\"0\" data-image-meta=\"{&quot;aperture&quot;:&quot;0&quot;,&quot;credit&quot;:&quot;&quot;,&quot;camera&quot;:&quot;&quot;,&quot;caption&quot;:&quot;&quot;,&quot;created_timestamp&quot;:&quot;1613941210&quot;,&quot;copyright&quot;:&quot;&quot;,&quot;focal_length&quot;:&quot;0&quot;,&quot;iso&quot;:&quot;0&quot;,&quot;shutter_speed&quot;:&quot;0&quot;,&quot;title&quot;:&quot;&quot;,&quot;orientation&quot;:&quot;1&quot;}\" data-image-title=\"2 (2)\" data-image-description=\"\" data-image-caption=\"\" data-large-file=\"https:\/\/www.hoymercedes.com.ar\/principal\/wp-content\/uploads\/2021\/02\/2-2-1.jpeg\" src=\"https:\/\/www.hoymercedes.com.ar\/principal\/wp-content\/uploads\/2021\/02\/2-2-1.jpeg\" alt=\"\" class=\"wp-image-125199\" srcset=\"https:\/\/www.hoymercedes.com.ar\/principal\/wp-content\/uploads\/2021\/02\/2-2-1.jpeg 800w, https:\/\/www.hoymercedes.com.ar\/principal\/wp-content\/uploads\/2021\/02\/2-2-1-630x421.jpeg 630w, https:\/\/www.hoymercedes.com.ar\/principal\/wp-content\/uploads\/2021\/02\/2-2-1-150x100.jpeg 150w\" sizes=\"auto, (max-width: 800px) 100vw, 800px\" \/><\/figure><\/div>\n","protected":false},"excerpt":{"rendered":"<p>Desde el Municipio de Mercedes informaron que las pasadas noches llevaron adelante controles de alcoholomia a los conductores de veh\u00edculos &#8230; <a title=\"Realizaron operativo de control y prevenci\u00f3n de alcoholomia a conductores de veh\u00edculos\" class=\"read-more\" href=\"https:\/\/www.hoymercedes.com.ar\/principal\/2021\/02\/22\/realizaron-operativo-de-control-y-prevencion-de-alcoholomia-a-conductores-de-vehiculos\/\" aria-label=\"Leer m\u00e1s sobre Realizaron operativo de control y prevenci\u00f3n de alcoholomia a conductores de veh\u00edculos\">Leer m\u00e1s<\/a><\/p>\n","protected":false},"author":1,"featured_media":125199,"comment_status":"closed","ping_status":"open","sticky":false,"template":"","format":"standard","meta":{"_monsterinsights_skip_tracking":false,"_monsterinsights_sitenote_active":false,"_monsterinsights_sitenote_note":"","_monsterinsights_sitenote_category":0,"jetpack_post_was_ever_published":false,"_jetpack_newsletter_access":"","_jetpack_dont_email_post_to_subs":false,"_jetpack_newsletter_tier_id":0,"_jetpack_memberships_contains_paywalled_content":false,"_jetpack_memberships_contains_paid_content":false,"footnotes":"","jetpack_publicize_message":"","jetpack_publicize_feature_enabled":true,"jetpack_social_post_already_shared":true,"jetpack_social_options":{"image_generator_settings":{"template":"highway","default_image_id":0,"font":"","enabled":false},"version":2},"_wpas_customize_per_network":false},"categories":[30],"tags":[],"class_list":["post-125198","post","type-post","status-publish","format-standard","has-post-thumbnail","hentry","category-municipio","generate-columns","tablet-grid-50","mobile-grid-100","grid-parent","grid-50"],"jetpack_publicize_connections":[],"jetpack_featured_media_url":"https:\/\/www.hoymercedes.com.ar\/principal\/wp-content\/uploads\/2021\/02\/2-2-1.jpeg","wps_subtitle":"","jetpack_sharing_enabled":true,"_links":{"self":[{"href":"https:\/\/www.hoymercedes.com.ar\/principal\/wp-json\/wp\/v2\/posts\/125198","targetHints":{"allow":["GET"]}}],"collection":[{"href":"https:\/\/www.hoymercedes.com.ar\/principal\/wp-json\/wp\/v2\/posts"}],"about":[{"href":"https:\/\/www.hoymercedes.com.ar\/principal\/wp-json\/wp\/v2\/types\/post"}],"author":[{"embeddable":true,"href":"https:\/\/www.hoymercedes.com.ar\/principal\/wp-json\/wp\/v2\/users\/1"}],"replies":[{"embeddable":true,"href":"https:\/\/www.hoymercedes.com.ar\/principal\/wp-json\/wp\/v2\/comments?post=125198"}],"version-history":[{"count":0,"href":"https:\/\/www.hoymercedes.com.ar\/principal\/wp-json\/wp\/v2\/posts\/125198\/revisions"}],"wp:featuredmedia":[{"embeddable":true,"href":"https:\/\/www.hoymercedes.com.ar\/principal\/wp-json\/wp\/v2\/media\/125199"}],"wp:attachment":[{"href":"https:\/\/www.hoymercedes.com.ar\/principal\/wp-json\/wp\/v2\/media?parent=125198"}],"wp:term":[{"taxonomy":"category","embeddable":true,"href":"https:\/\/www.hoymercedes.com.ar\/principal\/wp-json\/wp\/v2\/categories?post=125198"},{"taxonomy":"post_tag","embeddable":true,"href":"https:\/\/www.hoymercedes.com.ar\/principal\/wp-json\/wp\/v2\/tags?post=125198"}],"curies":[{"name":"wp","href":"https:\/\/api.w.org\/{rel}","templated":true}]}}