{"id":12521,"date":"2012-04-28T03:12:03","date_gmt":"2012-04-28T03:12:03","guid":{"rendered":"http:\/\/www.hoymercedes.com.ar\/principal\/?p=12521"},"modified":"2012-04-28T03:12:03","modified_gmt":"2012-04-28T03:12:03","slug":"productores-mercedinos-recibiran-subsidios","status":"publish","type":"post","link":"https:\/\/www.hoymercedes.com.ar\/principal\/2012\/04\/28\/productores-mercedinos-recibiran-subsidios\/","title":{"rendered":"Productores mercedinos recibir\u00e1n subsidios"},"content":{"rendered":"<p>Mientras llega la ayuda prometida desde la Provincia y la Naci\u00f3n se utilizar\u00e1 parte de los fondos recibidos para ser aplicado en el Plan Agricultura Familiar. Los montos no se dieron a conocer porque aun hay que terminar de efectuar la evaluaci\u00f3n definitiva de los da\u00f1os que la piedra caus\u00f3<\/p>\n<p>Tal como se hab\u00eda anunciado se concret\u00f3 la reuni\u00f3n de los integrantes de la Mesa Agropecuaria de nuestra ciudad que como es de p\u00fablico conocimiento integran el Municipio, el INTA, el Ministerio de Agricultura y Ganader\u00eda y desde ya los productores.<\/p>\n<p>El Ingeniero Daniel Delfino, representante del INTA sostuvo<em> \u201cnos reunimos en el municipio para evaluar lo ocurrido con los siete productores afectados por la ca\u00edda de granizo algo que muy poca gente supo en el momento, fuimos justamente nosotros desde el INTA quienes con las habituales recorridas de nuestros t\u00e9cnicos en diferentes zonas del Partido vimos lo que hab\u00eda ocurrido y lo informamos a todos los entes oficiales que tienen que ve con la producci\u00f3n del campo.<\/em><\/p>\n<p><em>Hay productores que realmente perdieron todo, especialmente aquellos que ten\u00edan verduras de hoja, es muy poco lo que se salvo pero los da\u00f1os no fueron en todos los casos iguales, hay campos donde el granizo cayo en un solo sector mientras que en el otro extremo no paso absolutamente nada.<\/em><\/p>\n<p><em>Hemos decidido destinar parte de los fondos que se nos hab\u00eda adjudicado para el Programa Agricultura familiar para ayudar al menos con algo a estos siete productores y al mismo tiempo hacer entre tanto al Ministro de Asuntos Agrarios de la Provincia como a la Secretaria de Naci\u00f3n Carla Bilbao, alguien que conocemos muy bien porque nos ha acompa\u00f1ado ac\u00e1 en Mercedes con varios proyectos de sumo inter\u00e9s<\/em><\/p>\n<p><em>No van a ser el mismo monto para todos, iremos evaluando caso por caso y as\u00ed vamos a efectuar el otorgamiento del dinero que se entrega bajo la modalidad de subsidio.<\/em><\/p>\n<p><em>La realidad nos indica que ahora ya debemos ponernos a pensar en la nueva campa\u00f1a porque la actual ya est\u00e1 casi finalizada, la cebo9lla o la lechiga por dar algunos ejemplos ya estaba casi lista para salir y bueno ahora queda todo en la nada, as\u00ed que debemos comenzar un nuevo ciclo.<\/em><\/p>\n<p><em>En principio no se acord\u00f3 mantener una nueva reuni\u00f3n ya que ahora de manera individual cada uno de nosotros deber\u00e1 trabajar en su \u00e1rea con las planillas, las actas y las evaluaciones, pero afortunadamente esta mesa de trabajo es realmente muy din\u00e1mica, siempre estamos listos para entrar en acci\u00f3n ante cualquier contingencia.<\/em><\/p>\n<p><em>Nosotros aprovechamos que hace muy pocos d\u00edas se llev\u00f3 a cabo en la localidad de Suipacha una importante Feria l\u00e1ctea para como lo manifest\u00e9 poner en conocimiento a las autoridades provinciales y nacionales de lo ocurrido y directamente solicitamos la ayuda necesaria para que estos siete productores puedan recuperarse.<\/em><\/p>\n<p><em>M\u00e1s all\u00e1 de todo esto, el intendente de nuestra ciudad decidi\u00f3 con un muy buen criterio que mientas esperamos los plazos legales en los tr\u00e1mites que hemos iniciado ayudar a los productores de manera inmediata as\u00ed que se les entregar\u00e1 una suma de dinero no reintegrable para que puedan volver a comenzar ya pensando en la nueva temporada.<\/em><\/p>\n<p><em>Realmente ha sudo algo inexplicable como esa tormenta de granizo solo afecto una parte del sector rural conocido con el nombre de Altamira y el resto de Partido absolutamente nada\u201d.<\/em><\/p>\n<p>&nbsp;<\/p>\n","protected":false},"excerpt":{"rendered":"<p>Mientras llega la ayuda prometida desde la Provincia y la Naci\u00f3n se utilizar\u00e1 parte de los fondos recibidos para ser &#8230; <a title=\"Productores mercedinos recibir\u00e1n subsidios\" class=\"read-more\" href=\"https:\/\/www.hoymercedes.com.ar\/principal\/2012\/04\/28\/productores-mercedinos-recibiran-subsidios\/\" aria-label=\"Leer m\u00e1s sobre Productores mercedinos recibir\u00e1n subsidios\">Leer m\u00e1s<\/a><\/p>\n","protected":false},"author":1,"featured_media":0,"comment_status":"open","ping_status":"open","sticky":false,"template":"","format":"standard","meta":{"_monsterinsights_skip_tracking":false,"_monsterinsights_sitenote_active":false,"_monsterinsights_sitenote_note":"","_monsterinsights_sitenote_category":0,"jetpack_post_was_ever_published":false,"_jetpack_newsletter_access":"","_jetpack_dont_email_post_to_subs":false,"_jetpack_newsletter_tier_id":0,"_jetpack_memberships_contains_paywalled_content":false,"_jetpack_memberships_contains_paid_content":false,"footnotes":"","jetpack_publicize_message":"","jetpack_publicize_feature_enabled":true,"jetpack_social_post_already_shared":false,"jetpack_social_options":{"image_generator_settings":{"template":"highway","default_image_id":0,"font":"","enabled":false},"version":2},"_wpas_customize_per_network":false},"categories":[5],"tags":[2115],"class_list":["post-12521","post","type-post","status-publish","format-standard","hentry","category-politica","tag-subsidios-campo","generate-columns","tablet-grid-50","mobile-grid-100","grid-parent","grid-50"],"jetpack_publicize_connections":[],"jetpack_featured_media_url":"","wps_subtitle":"","jetpack_sharing_enabled":true,"_links":{"self":[{"href":"https:\/\/www.hoymercedes.com.ar\/principal\/wp-json\/wp\/v2\/posts\/12521","targetHints":{"allow":["GET"]}}],"collection":[{"href":"https:\/\/www.hoymercedes.com.ar\/principal\/wp-json\/wp\/v2\/posts"}],"about":[{"href":"https:\/\/www.hoymercedes.com.ar\/principal\/wp-json\/wp\/v2\/types\/post"}],"author":[{"embeddable":true,"href":"https:\/\/www.hoymercedes.com.ar\/principal\/wp-json\/wp\/v2\/users\/1"}],"replies":[{"embeddable":true,"href":"https:\/\/www.hoymercedes.com.ar\/principal\/wp-json\/wp\/v2\/comments?post=12521"}],"version-history":[{"count":0,"href":"https:\/\/www.hoymercedes.com.ar\/principal\/wp-json\/wp\/v2\/posts\/12521\/revisions"}],"wp:attachment":[{"href":"https:\/\/www.hoymercedes.com.ar\/principal\/wp-json\/wp\/v2\/media?parent=12521"}],"wp:term":[{"taxonomy":"category","embeddable":true,"href":"https:\/\/www.hoymercedes.com.ar\/principal\/wp-json\/wp\/v2\/categories?post=12521"},{"taxonomy":"post_tag","embeddable":true,"href":"https:\/\/www.hoymercedes.com.ar\/principal\/wp-json\/wp\/v2\/tags?post=12521"}],"curies":[{"name":"wp","href":"https:\/\/api.w.org\/{rel}","templated":true}]}}