{"id":125223,"date":"2021-02-22T16:59:00","date_gmt":"2021-02-22T19:59:00","guid":{"rendered":"http:\/\/www.hoymercedes.com.ar\/principal\/?p=125223"},"modified":"2021-02-22T16:08:00","modified_gmt":"2021-02-22T19:08:00","slug":"la-minucha-presente-en-un-historico-cotejo-empresa-local-jugara-el-partido-boca-claypole","status":"publish","type":"post","link":"https:\/\/www.hoymercedes.com.ar\/principal\/2021\/02\/22\/la-minucha-presente-en-un-historico-cotejo-empresa-local-jugara-el-partido-boca-claypole\/","title":{"rendered":"La Minucha presente en un hist\u00f3rico cotejo: Empresa local jugar\u00e1 el partido Boca \u2013 Claypole"},"content":{"rendered":"\n<p>El venidero mi\u00e9rcoles 3 de marzo se jugar\u00e1 un partido de f\u00fatbol que corresponder\u00e1 a los 16\u00baavos de final de la Copa Argentina en cancha de Lan\u00fas. La disputa deportiva ser\u00e1 entre el club Atl\u00e9tico Boca Juniors y el Club Atl\u00e9tico Claypole y ser\u00e1 televisado por TyC Sports.<\/p>\n\n\n\n<div class=\"wp-block-image\"><figure class=\"aligncenter size-large\"><img loading=\"lazy\" decoding=\"async\" width=\"526\" height=\"641\" data-attachment-id=\"125224\" data-permalink=\"https:\/\/www.hoymercedes.com.ar\/principal\/2021\/02\/22\/la-minucha-presente-en-un-historico-cotejo-empresa-local-jugara-el-partido-boca-claypole\/dboca-1\/#main\" data-orig-file=\"https:\/\/www.hoymercedes.com.ar\/principal\/wp-content\/uploads\/2021\/02\/DBoca-1.jpeg\" data-orig-size=\"526,641\" data-comments-opened=\"0\" data-image-meta=\"{&quot;aperture&quot;:&quot;0&quot;,&quot;credit&quot;:&quot;&quot;,&quot;camera&quot;:&quot;&quot;,&quot;caption&quot;:&quot;&quot;,&quot;created_timestamp&quot;:&quot;0&quot;,&quot;copyright&quot;:&quot;&quot;,&quot;focal_length&quot;:&quot;0&quot;,&quot;iso&quot;:&quot;0&quot;,&quot;shutter_speed&quot;:&quot;0&quot;,&quot;title&quot;:&quot;&quot;,&quot;orientation&quot;:&quot;0&quot;}\" data-image-title=\"DBoca 1\" data-image-description=\"\" data-image-caption=\"\" data-large-file=\"https:\/\/www.hoymercedes.com.ar\/principal\/wp-content\/uploads\/2021\/02\/DBoca-1.jpeg\" src=\"https:\/\/www.hoymercedes.com.ar\/principal\/wp-content\/uploads\/2021\/02\/DBoca-1.jpeg\" alt=\"\" class=\"wp-image-125224\" srcset=\"https:\/\/www.hoymercedes.com.ar\/principal\/wp-content\/uploads\/2021\/02\/DBoca-1.jpeg 526w, https:\/\/www.hoymercedes.com.ar\/principal\/wp-content\/uploads\/2021\/02\/DBoca-1-509x620.jpeg 509w, https:\/\/www.hoymercedes.com.ar\/principal\/wp-content\/uploads\/2021\/02\/DBoca-1-123x150.jpeg 123w\" sizes=\"auto, (max-width: 526px) 100vw, 526px\" \/><\/figure><\/div>\n\n\n\n<p>Sin duda que para los \u201cxeneizes\u201d ser\u00e1 un partido m\u00e1s en el que tendr\u00e1 obligaci\u00f3n de conseguir la victoria para avanzar en el certamen y para mostrar su diferencia de categor\u00eda. Pero para el conjunto del partido de Almirante Brown, el cotejo representa el m\u00e1s importante de su historia. Desde su fundaci\u00f3n en 1923 no se recuerda semejante compromiso, m\u00e1xime que el \u201ctambero\u201d estuvo al borde de la desafiliaci\u00f3n hace algunos a\u00f1os y llega a esta instancia con el t\u00edtulo de Primera D bajo el brazo para militar actualmente en la cuarta categor\u00eda del f\u00fatbol de AFA.<\/p>\n\n\n\n<p>Esta raz\u00f3n, de su hist\u00f3rico partido, lo llev\u00f3 a pensar en una estrategia de marketing muy ingeniosa de la que participar\u00e1 una empresa de la ciudad de Mercedes. La Copa Argentina es esa competencia donde todo puede pasar, ya que participan equipos de todas las categor\u00edas del f\u00fatbol argentino. <\/p>\n\n\n\n<p>El club del conurbano vive momentos de entusiasmo y gran expectativa. Por ello y a los efectos de maximizar la oportunidad de generar recursos e impactar positivamente en el \u00e1mbito del f\u00fatbol de nuestro pa\u00eds, aprovechando la amplificaci\u00f3n del evento que ofrecen los medios de comunicaci\u00f3n y social, decidi\u00f3 formar una alianza con TOP, empresa que dirige Claudio Dest\u00e9fano. Esto comprende de 3 acciones sobre su indumentaria donde habr\u00e1 socios estrat\u00e9gicos: Afianzadora, una empresa de Seguros de cauci\u00f3n que patrocinara a los arqueros, Metalsover quien patrocinar\u00e1 al capit\u00e1n, la marca 3 Plumas, Vaisem y E. Comex. La marca La Minucha, del mercedino Aldo Franco, estar\u00e1 tambi\u00e9n presente. <\/p>\n\n\n\n<p>Se lanzar\u00e1 a la venta la camiseta del partido teniendo como sponsor a La Minucha, \u201cque desde el minuto cero mostr\u00f3 inter\u00e9s en formar parte de esta enorme propuesta, a los efectos de generar conciencia de marca y posicionamiento. Boca \u2013 Claypole se juega por la Copa Argentina, y m\u00e1s all\u00e1 del partido de f\u00fatbol, una firma local afianza su apoyo a un equipo que busca hacer historia con el resultado, aunque una importante p\u00e1gina ya est\u00e1 escribiendo en casi 100 a\u00f1os de vida institucional.<\/p>\n\n\n\n<p>Colaboraci\u00f3n: Mariano Oyarz\u00fa<\/p>\n\n\n\n<p><\/p>\n\n\n\n<p><\/p>\n","protected":false},"excerpt":{"rendered":"<p>El venidero mi\u00e9rcoles 3 de marzo se jugar\u00e1 un partido de f\u00fatbol que corresponder\u00e1 a los 16\u00baavos de final de &#8230; <a title=\"La Minucha presente en un hist\u00f3rico cotejo: Empresa local jugar\u00e1 el partido Boca \u2013 Claypole\" class=\"read-more\" href=\"https:\/\/www.hoymercedes.com.ar\/principal\/2021\/02\/22\/la-minucha-presente-en-un-historico-cotejo-empresa-local-jugara-el-partido-boca-claypole\/\" aria-label=\"Leer m\u00e1s sobre La Minucha presente en un hist\u00f3rico cotejo: Empresa local jugar\u00e1 el partido Boca \u2013 Claypole\">Leer m\u00e1s<\/a><\/p>\n","protected":false},"author":1,"featured_media":125224,"comment_status":"closed","ping_status":"open","sticky":false,"template":"","format":"standard","meta":{"_monsterinsights_skip_tracking":false,"_monsterinsights_sitenote_active":false,"_monsterinsights_sitenote_note":"","_monsterinsights_sitenote_category":0,"jetpack_post_was_ever_published":false,"_jetpack_newsletter_access":"","_jetpack_dont_email_post_to_subs":false,"_jetpack_newsletter_tier_id":0,"_jetpack_memberships_contains_paywalled_content":false,"_jetpack_memberships_contains_paid_content":false,"footnotes":"","jetpack_publicize_message":"","jetpack_publicize_feature_enabled":true,"jetpack_social_post_already_shared":true,"jetpack_social_options":{"image_generator_settings":{"template":"highway","default_image_id":0,"font":"","enabled":false},"version":2},"_wpas_customize_per_network":false},"categories":[21],"tags":[],"class_list":["post-125223","post","type-post","status-publish","format-standard","has-post-thumbnail","hentry","category-deportes","generate-columns","tablet-grid-50","mobile-grid-100","grid-parent","grid-50"],"jetpack_publicize_connections":[],"jetpack_featured_media_url":"https:\/\/www.hoymercedes.com.ar\/principal\/wp-content\/uploads\/2021\/02\/DBoca-1.jpeg","wps_subtitle":"","jetpack_sharing_enabled":true,"_links":{"self":[{"href":"https:\/\/www.hoymercedes.com.ar\/principal\/wp-json\/wp\/v2\/posts\/125223","targetHints":{"allow":["GET"]}}],"collection":[{"href":"https:\/\/www.hoymercedes.com.ar\/principal\/wp-json\/wp\/v2\/posts"}],"about":[{"href":"https:\/\/www.hoymercedes.com.ar\/principal\/wp-json\/wp\/v2\/types\/post"}],"author":[{"embeddable":true,"href":"https:\/\/www.hoymercedes.com.ar\/principal\/wp-json\/wp\/v2\/users\/1"}],"replies":[{"embeddable":true,"href":"https:\/\/www.hoymercedes.com.ar\/principal\/wp-json\/wp\/v2\/comments?post=125223"}],"version-history":[{"count":0,"href":"https:\/\/www.hoymercedes.com.ar\/principal\/wp-json\/wp\/v2\/posts\/125223\/revisions"}],"wp:featuredmedia":[{"embeddable":true,"href":"https:\/\/www.hoymercedes.com.ar\/principal\/wp-json\/wp\/v2\/media\/125224"}],"wp:attachment":[{"href":"https:\/\/www.hoymercedes.com.ar\/principal\/wp-json\/wp\/v2\/media?parent=125223"}],"wp:term":[{"taxonomy":"category","embeddable":true,"href":"https:\/\/www.hoymercedes.com.ar\/principal\/wp-json\/wp\/v2\/categories?post=125223"},{"taxonomy":"post_tag","embeddable":true,"href":"https:\/\/www.hoymercedes.com.ar\/principal\/wp-json\/wp\/v2\/tags?post=125223"}],"curies":[{"name":"wp","href":"https:\/\/api.w.org\/{rel}","templated":true}]}}