{"id":125240,"date":"2021-02-23T11:43:00","date_gmt":"2021-02-23T14:43:00","guid":{"rendered":"http:\/\/www.hoymercedes.com.ar\/principal\/?p=125240"},"modified":"2021-02-22T22:56:05","modified_gmt":"2021-02-23T01:56:05","slug":"de-cara-a-las-elecciones-emilio-monzo-se-reunio-con-referentes-mercedinos","status":"publish","type":"post","link":"https:\/\/www.hoymercedes.com.ar\/principal\/2021\/02\/23\/de-cara-a-las-elecciones-emilio-monzo-se-reunio-con-referentes-mercedinos\/","title":{"rendered":"De cara a las elecciones: Emilio Monz\u00f3 se reuni\u00f3 con referentes mercedinos"},"content":{"rendered":"\n<p><strong><em>El ex presidente de la C\u00e1mara de Diputados mantuvo distintos encuentros con representantes locales como Juan Carlos Ben\u00edtez, Julia de Paola y Evangelina Cabral. Monz\u00f3 pas\u00f3 por Chivilcoy y Merlo confirmando su deseo de llegar a la gobernaci\u00f3n provincial.<\/em><\/strong><\/p>\n\n\n\n<div class=\"wp-block-image\"><figure class=\"aligncenter size-large\"><img loading=\"lazy\" decoding=\"async\" width=\"640\" height=\"451\" data-attachment-id=\"125243\" data-permalink=\"https:\/\/www.hoymercedes.com.ar\/principal\/2021\/02\/23\/de-cara-a-las-elecciones-emilio-monzo-se-reunio-con-referentes-mercedinos\/monzo-2\/#main\" data-orig-file=\"https:\/\/www.hoymercedes.com.ar\/principal\/wp-content\/uploads\/2021\/02\/Monzo-2.jpeg\" data-orig-size=\"640,451\" data-comments-opened=\"0\" data-image-meta=\"{&quot;aperture&quot;:&quot;0&quot;,&quot;credit&quot;:&quot;&quot;,&quot;camera&quot;:&quot;&quot;,&quot;caption&quot;:&quot;&quot;,&quot;created_timestamp&quot;:&quot;1614009426&quot;,&quot;copyright&quot;:&quot;&quot;,&quot;focal_length&quot;:&quot;0&quot;,&quot;iso&quot;:&quot;0&quot;,&quot;shutter_speed&quot;:&quot;0&quot;,&quot;title&quot;:&quot;&quot;,&quot;orientation&quot;:&quot;1&quot;}\" data-image-title=\"Monz\u00f3 2\" data-image-description=\"\" data-image-caption=\"\" data-large-file=\"https:\/\/www.hoymercedes.com.ar\/principal\/wp-content\/uploads\/2021\/02\/Monzo-2.jpeg\" src=\"https:\/\/www.hoymercedes.com.ar\/principal\/wp-content\/uploads\/2021\/02\/Monzo-2.jpeg\" alt=\"\" class=\"wp-image-125243\" srcset=\"https:\/\/www.hoymercedes.com.ar\/principal\/wp-content\/uploads\/2021\/02\/Monzo-2.jpeg 640w, https:\/\/www.hoymercedes.com.ar\/principal\/wp-content\/uploads\/2021\/02\/Monzo-2-630x444.jpeg 630w, https:\/\/www.hoymercedes.com.ar\/principal\/wp-content\/uploads\/2021\/02\/Monzo-2-150x106.jpeg 150w, https:\/\/www.hoymercedes.com.ar\/principal\/wp-content\/uploads\/2021\/02\/Monzo-2-120x85.jpeg 120w\" sizes=\"auto, (max-width: 640px) 100vw, 640px\" \/><\/figure><\/div>\n\n\n\n<p>El pasado viernes 19, el ex presidente de la C\u00e1mara de Diputados Emilio Monz\u00f3 visito la ciudad de Suipacha, recorriendo entre otros lugares la f\u00e1brica de l\u00e1cteos Piedras Blancas, invitado por el concejal Gustavo Lizziero.<\/p>\n\n\n\n<p>All\u00ed en presencia de referentes de su sector de la Primera Secci\u00f3n electoral estuvieron presentes el concejal mandato cumplido Juan Carlos Ben\u00edtez y, especialmente invitada, la ex candidata a intendente municipal Julia De Paola.&nbsp;<\/p>\n\n\n\n<p>\u201cFue momento propicio para que Monz\u00f3 confirmara su candidatura&nbsp; a diputado nacional en pr\u00f3ximas elecciones de 2021 en camino hacia la gobernaci\u00f3n de la provincia de Buenos Aires en 2023.&nbsp; Su manifiesta vocaci\u00f3n de integraci\u00f3n de diversos sectores de la pol\u00edtica as\u00ed como su conocimiento del territorio provincial lo hacen el dirigente con mayor panorama\u201d sostuvo Ben\u00edtez.<\/p>\n\n\n\n<p>Por otra parte, haciendo referencia a esta circunstancia expreso que \u201cBuenos Aires debe reflejar a su interior, dirigentes que conozcan el territorio adem\u00e1s de su aparici\u00f3n en redes sociales o auspiciados por los medios de comunicaci\u00f3n\u201d.&nbsp;<\/p>\n\n\n\n<p>Al final de su extensa exposici\u00f3n, Emilio Monz\u00f3 recorri\u00f3 el exterior de la planta l\u00e1ctea y sus corrales de cabra evitando de ese modo saltar el protocolo.<\/p>\n\n\n\n<div class=\"wp-block-image\"><figure class=\"aligncenter size-large\"><img loading=\"lazy\" decoding=\"async\" width=\"800\" height=\"534\" data-attachment-id=\"125244\" data-permalink=\"https:\/\/www.hoymercedes.com.ar\/principal\/2021\/02\/23\/de-cara-a-las-elecciones-emilio-monzo-se-reunio-con-referentes-mercedinos\/monzo-1\/#main\" data-orig-file=\"https:\/\/www.hoymercedes.com.ar\/principal\/wp-content\/uploads\/2021\/02\/Monzo-1.jpeg\" data-orig-size=\"800,534\" data-comments-opened=\"0\" data-image-meta=\"{&quot;aperture&quot;:&quot;0&quot;,&quot;credit&quot;:&quot;&quot;,&quot;camera&quot;:&quot;&quot;,&quot;caption&quot;:&quot;&quot;,&quot;created_timestamp&quot;:&quot;1614009428&quot;,&quot;copyright&quot;:&quot;&quot;,&quot;focal_length&quot;:&quot;0&quot;,&quot;iso&quot;:&quot;0&quot;,&quot;shutter_speed&quot;:&quot;0&quot;,&quot;title&quot;:&quot;&quot;,&quot;orientation&quot;:&quot;1&quot;}\" data-image-title=\"Monz\u00f3 1\" data-image-description=\"\" data-image-caption=\"\" data-large-file=\"https:\/\/www.hoymercedes.com.ar\/principal\/wp-content\/uploads\/2021\/02\/Monzo-1.jpeg\" src=\"https:\/\/www.hoymercedes.com.ar\/principal\/wp-content\/uploads\/2021\/02\/Monzo-1.jpeg\" alt=\"\" class=\"wp-image-125244\" srcset=\"https:\/\/www.hoymercedes.com.ar\/principal\/wp-content\/uploads\/2021\/02\/Monzo-1.jpeg 800w, https:\/\/www.hoymercedes.com.ar\/principal\/wp-content\/uploads\/2021\/02\/Monzo-1-630x421.jpeg 630w, https:\/\/www.hoymercedes.com.ar\/principal\/wp-content\/uploads\/2021\/02\/Monzo-1-150x100.jpeg 150w\" sizes=\"auto, (max-width: 800px) 100vw, 800px\" \/><\/figure><\/div>\n\n\n\n<p>Por otra parte, el jueves en la localidad de Merlo, la concejal de Juntos por el Cambio Evangelina Cabral, tambi\u00e9n mantuvo un encuentro con el ex presidente de la C\u00e1mara de Diputados, su equipo y referentes de la Primera Secci\u00f3n Electoral en la localidad de Merlo.<\/p>\n\n\n\n<p>Con respecto a su participaci\u00f3n, la edil manifest\u00f3 que \u201ccuando ten\u00e9s puntos de encuentro con alguien, con su manera de ver la pol\u00edtica y la realidad, y de su espacio se ponen en contacto con vos para brindarte su apoyo y contenci\u00f3n, su ayuda, su colaboraci\u00f3n para que crezcas, es reconfortante. Seguramente a ellos les pasa algo parecido conmigo y con m\u00ed trabajo\u201d.<\/p>\n\n\n\n<p>Por otra parte, sostuvo que \u201cEmilio tiene una larga trayectoria pol\u00edtica y sin embargo ha evolucionado con el tiempo y est\u00e1 siempre interesado en ver c\u00f3mo cambia la realidad y como el se adapta, creo que tiene las condiciones\u00a0 para ser el mejor gobernador que los bonaerenses nos necesitamos\u201d.<\/p>\n\n\n\n<p>Colaboraci\u00f3n: Mariano Oyarz\u00fa<\/p>\n","protected":false},"excerpt":{"rendered":"<p>El ex presidente de la C\u00e1mara de Diputados mantuvo distintos encuentros con representantes locales como Juan Carlos Ben\u00edtez, Julia de &#8230; <a title=\"De cara a las elecciones: Emilio Monz\u00f3 se reuni\u00f3 con referentes mercedinos\" class=\"read-more\" href=\"https:\/\/www.hoymercedes.com.ar\/principal\/2021\/02\/23\/de-cara-a-las-elecciones-emilio-monzo-se-reunio-con-referentes-mercedinos\/\" aria-label=\"Leer m\u00e1s sobre De cara a las elecciones: Emilio Monz\u00f3 se reuni\u00f3 con referentes mercedinos\">Leer m\u00e1s<\/a><\/p>\n","protected":false},"author":1,"featured_media":125244,"comment_status":"closed","ping_status":"open","sticky":false,"template":"","format":"standard","meta":{"_monsterinsights_skip_tracking":false,"_monsterinsights_sitenote_active":false,"_monsterinsights_sitenote_note":"","_monsterinsights_sitenote_category":0,"jetpack_post_was_ever_published":false,"_jetpack_newsletter_access":"","_jetpack_dont_email_post_to_subs":false,"_jetpack_newsletter_tier_id":0,"_jetpack_memberships_contains_paywalled_content":false,"_jetpack_memberships_contains_paid_content":false,"footnotes":"","jetpack_publicize_message":"","jetpack_publicize_feature_enabled":true,"jetpack_social_post_already_shared":true,"jetpack_social_options":{"image_generator_settings":{"template":"highway","default_image_id":0,"font":"","enabled":false},"version":2},"_wpas_customize_per_network":false},"categories":[5],"tags":[17557,15365,5319],"class_list":["post-125240","post","type-post","status-publish","format-standard","has-post-thumbnail","hentry","category-politica","tag-elecciones-2021","tag-juntos-por-el-cambio","tag-politica-2","generate-columns","tablet-grid-50","mobile-grid-100","grid-parent","grid-50"],"jetpack_publicize_connections":[],"jetpack_featured_media_url":"https:\/\/www.hoymercedes.com.ar\/principal\/wp-content\/uploads\/2021\/02\/Monzo-1.jpeg","wps_subtitle":"Frente partidario","jetpack_sharing_enabled":true,"_links":{"self":[{"href":"https:\/\/www.hoymercedes.com.ar\/principal\/wp-json\/wp\/v2\/posts\/125240","targetHints":{"allow":["GET"]}}],"collection":[{"href":"https:\/\/www.hoymercedes.com.ar\/principal\/wp-json\/wp\/v2\/posts"}],"about":[{"href":"https:\/\/www.hoymercedes.com.ar\/principal\/wp-json\/wp\/v2\/types\/post"}],"author":[{"embeddable":true,"href":"https:\/\/www.hoymercedes.com.ar\/principal\/wp-json\/wp\/v2\/users\/1"}],"replies":[{"embeddable":true,"href":"https:\/\/www.hoymercedes.com.ar\/principal\/wp-json\/wp\/v2\/comments?post=125240"}],"version-history":[{"count":0,"href":"https:\/\/www.hoymercedes.com.ar\/principal\/wp-json\/wp\/v2\/posts\/125240\/revisions"}],"wp:featuredmedia":[{"embeddable":true,"href":"https:\/\/www.hoymercedes.com.ar\/principal\/wp-json\/wp\/v2\/media\/125244"}],"wp:attachment":[{"href":"https:\/\/www.hoymercedes.com.ar\/principal\/wp-json\/wp\/v2\/media?parent=125240"}],"wp:term":[{"taxonomy":"category","embeddable":true,"href":"https:\/\/www.hoymercedes.com.ar\/principal\/wp-json\/wp\/v2\/categories?post=125240"},{"taxonomy":"post_tag","embeddable":true,"href":"https:\/\/www.hoymercedes.com.ar\/principal\/wp-json\/wp\/v2\/tags?post=125240"}],"curies":[{"name":"wp","href":"https:\/\/api.w.org\/{rel}","templated":true}]}}