{"id":125246,"date":"2021-02-23T06:04:00","date_gmt":"2021-02-23T09:04:00","guid":{"rendered":"http:\/\/www.hoymercedes.com.ar\/principal\/?p=125246"},"modified":"2021-02-22T23:01:24","modified_gmt":"2021-02-23T02:01:24","slug":"ley-10-430-la-provincia-comenzo-el-dialogo-con-los-gremios-estatales-por-la-paritaria-2021","status":"publish","type":"post","link":"https:\/\/www.hoymercedes.com.ar\/principal\/2021\/02\/23\/ley-10-430-la-provincia-comenzo-el-dialogo-con-los-gremios-estatales-por-la-paritaria-2021\/","title":{"rendered":"Ley 10.430: La Provincia comenz\u00f3 el di\u00e1logo con los gremios estatales por la paritaria 2021"},"content":{"rendered":"\n<p>Fuente: Gobierno PBA &#8211; El ministro de Hacienda y Finanzas, Pablo L\u00f3pez, la ministra de Trabajo, Mara Ruiz Malec, y el subsecretario de Empleo P\u00fablico y Gesti\u00f3n de Bienes, Agust\u00edn Robla, se reunieron hoy con los representantes de las y los trabajadores estatales agrupados en la Ley 10.430, para escuchar las principales demandas de los gremios y dar inicio formal a la paritaria del sector 2021.\u00a0<\/p>\n\n\n\n<div class=\"wp-block-image\"><figure class=\"aligncenter size-large\"><img loading=\"lazy\" decoding=\"async\" width=\"1024\" height=\"501\" data-attachment-id=\"125247\" data-permalink=\"https:\/\/www.hoymercedes.com.ar\/principal\/2021\/02\/23\/ley-10-430-la-provincia-comenzo-el-dialogo-con-los-gremios-estatales-por-la-paritaria-2021\/mail-3-2\/#main\" data-orig-file=\"https:\/\/www.hoymercedes.com.ar\/principal\/wp-content\/uploads\/2021\/02\/mail-3-e1614036005158.jpeg\" data-orig-size=\"800,391\" data-comments-opened=\"0\" data-image-meta=\"{&quot;aperture&quot;:&quot;0&quot;,&quot;credit&quot;:&quot;&quot;,&quot;camera&quot;:&quot;&quot;,&quot;caption&quot;:&quot;&quot;,&quot;created_timestamp&quot;:&quot;0&quot;,&quot;copyright&quot;:&quot;&quot;,&quot;focal_length&quot;:&quot;0&quot;,&quot;iso&quot;:&quot;0&quot;,&quot;shutter_speed&quot;:&quot;0&quot;,&quot;title&quot;:&quot;&quot;,&quot;orientation&quot;:&quot;0&quot;}\" data-image-title=\"mail (3)\" data-image-description=\"\" data-image-caption=\"\" data-large-file=\"https:\/\/www.hoymercedes.com.ar\/principal\/wp-content\/uploads\/2021\/02\/mail-3-1024x501.jpeg\" src=\"https:\/\/www.hoymercedes.com.ar\/principal\/wp-content\/uploads\/2021\/02\/mail-3-1024x501.jpeg\" alt=\"\" class=\"wp-image-125247\"\/><\/figure><\/div>\n\n\n\n<p>La apertura del encuentro estuvo a cargo del ministro de Hacienda y Finanzas, Pablo L\u00f3pez, quien remarc\u00f3 que: \u201cCuando asumimos la gesti\u00f3n recibimos una Provincia quebrada financiera y fiscalmente, que hab\u00eda sido desfinanciada y endeudada, lo que, sumado a la recesi\u00f3n econ\u00f3mica iniciada en 2018 y a los efectos de la pandemia, impact\u00f3 fuertemente en las finanzas de la Provincia. A pesar de esta dif\u00edcil situaci\u00f3n econ\u00f3mica seguimos trabajando y dialogando con los gremios estatales porque consideramos fundamental jerarquizar el empleo p\u00fablico, y desandar el camino de deterioro en sus condiciones que sufri\u00f3 entre 2016 y 2019. As\u00ed, a\u00fan en el marco de la pandemia, pudimos avanzar con el proceso de recategorizaciones, y el pase a planta de las y los trabajadores que estaban precarizados y ten\u00edan contratos de emergencia. A esto se suman los acuerdos paritarios que, a lo largo de 2020, fuimos alcanzando con cada uno de los sectores del Estado provincial. En 2021 tenemos que profundizar el sendero, por lo que seguiremos con la vocaci\u00f3n y la convicci\u00f3n de alcanzar los consensos necesarios para llegar a nuevos acuerdos paritarios, porque de esa manera se fortalece el Estado y todos los bonaerenses\u201d.<\/p>\n\n\n\n<p>Por su parte, la ministra de Trabajo, Mara Ruiz Malec, destac\u00f3 que \u201cesperamos poder alcanzar nuevamente amplios consensos en la pol\u00edtica paritaria para el 2021, con aumentos que logren sostener e incrementar el poder adquisitivo de los salarios p\u00fablicos\u201d.\u00a0<\/p>\n\n\n\n<p>Durante la reuni\u00f3n las y los representantes gremiales plantearon sus principales demandas y tambi\u00e9n destacaron el di\u00e1logo y el compromiso que tuvo el gobierno provincial en las negociaciones salariales en 2020, a pesar de la dif\u00edcil situaci\u00f3n econ\u00f3mica generada por la pandemia. &nbsp;&nbsp;<\/p>\n\n\n\n<p>Participaron del encuentro los y las representantes de los gremios nucleados en ATE, UPCN, FEGEPPBA, AEMOPBA, AERI, AJAMOP, AMRA, AMS, APLA, APOC, CICOP, SGP, SOEME, SOSBA y SSP. Tambi\u00e9n, por el Ministerio de Hacienda y Finanzas particip\u00f3 el subsecretario de Coordinaci\u00f3n Econ\u00f3mica y Estad\u00edstica, Nicol\u00e1s Todesca; por el Ministerio de Trabajo la directora provincial de Negociaci\u00f3n Colectiva, Natalia Villalba Lastra y, por la Jefatura de Gabinete de Ministros, la directora provincial de Personal, Ana Capaldi.&nbsp;<\/p>\n","protected":false},"excerpt":{"rendered":"<p>Fuente: Gobierno PBA &#8211; El ministro de Hacienda y Finanzas, Pablo L\u00f3pez, la ministra de Trabajo, Mara Ruiz Malec, y &#8230; <a title=\"Ley 10.430: La Provincia comenz\u00f3 el di\u00e1logo con los gremios estatales por la paritaria 2021\" class=\"read-more\" href=\"https:\/\/www.hoymercedes.com.ar\/principal\/2021\/02\/23\/ley-10-430-la-provincia-comenzo-el-dialogo-con-los-gremios-estatales-por-la-paritaria-2021\/\" aria-label=\"Leer m\u00e1s sobre Ley 10.430: La Provincia comenz\u00f3 el di\u00e1logo con los gremios estatales por la paritaria 2021\">Leer m\u00e1s<\/a><\/p>\n","protected":false},"author":1,"featured_media":125247,"comment_status":"closed","ping_status":"open","sticky":false,"template":"","format":"standard","meta":{"_monsterinsights_skip_tracking":false,"_monsterinsights_sitenote_active":false,"_monsterinsights_sitenote_note":"","_monsterinsights_sitenote_category":0,"jetpack_post_was_ever_published":false,"_jetpack_newsletter_access":"","_jetpack_dont_email_post_to_subs":false,"_jetpack_newsletter_tier_id":0,"_jetpack_memberships_contains_paywalled_content":false,"_jetpack_memberships_contains_paid_content":false,"footnotes":"","jetpack_publicize_message":"","jetpack_publicize_feature_enabled":true,"jetpack_social_post_already_shared":true,"jetpack_social_options":{"image_generator_settings":{"template":"highway","default_image_id":0,"font":"","enabled":false},"version":2},"_wpas_customize_per_network":false},"categories":[8881],"tags":[11749,17525,1803],"class_list":["post-125246","post","type-post","status-publish","format-standard","has-post-thumbnail","hentry","category-provincia","tag-dialogo","tag-paritarias-2021","tag-provincia","generate-columns","tablet-grid-50","mobile-grid-100","grid-parent","grid-50"],"jetpack_publicize_connections":[],"jetpack_featured_media_url":"https:\/\/www.hoymercedes.com.ar\/principal\/wp-content\/uploads\/2021\/02\/mail-3-e1614036005158.jpeg","wps_subtitle":"Encuentro virtual","jetpack_sharing_enabled":true,"_links":{"self":[{"href":"https:\/\/www.hoymercedes.com.ar\/principal\/wp-json\/wp\/v2\/posts\/125246","targetHints":{"allow":["GET"]}}],"collection":[{"href":"https:\/\/www.hoymercedes.com.ar\/principal\/wp-json\/wp\/v2\/posts"}],"about":[{"href":"https:\/\/www.hoymercedes.com.ar\/principal\/wp-json\/wp\/v2\/types\/post"}],"author":[{"embeddable":true,"href":"https:\/\/www.hoymercedes.com.ar\/principal\/wp-json\/wp\/v2\/users\/1"}],"replies":[{"embeddable":true,"href":"https:\/\/www.hoymercedes.com.ar\/principal\/wp-json\/wp\/v2\/comments?post=125246"}],"version-history":[{"count":0,"href":"https:\/\/www.hoymercedes.com.ar\/principal\/wp-json\/wp\/v2\/posts\/125246\/revisions"}],"wp:featuredmedia":[{"embeddable":true,"href":"https:\/\/www.hoymercedes.com.ar\/principal\/wp-json\/wp\/v2\/media\/125247"}],"wp:attachment":[{"href":"https:\/\/www.hoymercedes.com.ar\/principal\/wp-json\/wp\/v2\/media?parent=125246"}],"wp:term":[{"taxonomy":"category","embeddable":true,"href":"https:\/\/www.hoymercedes.com.ar\/principal\/wp-json\/wp\/v2\/categories?post=125246"},{"taxonomy":"post_tag","embeddable":true,"href":"https:\/\/www.hoymercedes.com.ar\/principal\/wp-json\/wp\/v2\/tags?post=125246"}],"curies":[{"name":"wp","href":"https:\/\/api.w.org\/{rel}","templated":true}]}}