{"id":125257,"date":"2021-02-23T14:32:00","date_gmt":"2021-02-23T17:32:00","guid":{"rendered":"http:\/\/www.hoymercedes.com.ar\/principal\/?p=125257"},"modified":"2021-02-23T14:13:36","modified_gmt":"2021-02-23T17:13:36","slug":"destruir-el-rio-lujan-no-resuelve-las-inundaciones","status":"publish","type":"post","link":"https:\/\/www.hoymercedes.com.ar\/principal\/2021\/02\/23\/destruir-el-rio-lujan-no-resuelve-las-inundaciones\/","title":{"rendered":"Destruir el R\u00edo Luj\u00e1n no resuelve las inundaciones"},"content":{"rendered":"\n<p>Por Asociaci\u00f3n Civil S.O.S H\u00c1BITAT &#8211; Las organizaciones que conformamos la Red del R\u00edo Luj\u00e1n junto con autoconvocados\/as, vecinos\/as, damnificados\/as por las inundaciones y personas sensibilizadas con los da\u00f1os que causar\u00edan las obras hidr\u00e1ulicas planificadas en el r\u00edo Luj\u00e1n, manifestamos, una vez m\u00e1s, nuestra preocupaci\u00f3n y rechazo a la convocatoria del Organismo Provincial para el Desarrollo Sostenible (OPDS) a una instancia de supuesta participaci\u00f3n ciudadana referida a las obras que incumplen con lo establecido en la legislaci\u00f3n ambiental atentando contra la calidad democr\u00e1tica.<\/p>\n\n\n\n<div class=\"wp-block-image\"><figure class=\"aligncenter\"><img decoding=\"async\" src=\"https:\/\/1.bp.blogspot.com\/-qFn2dgELJM0\/X3pWrSnStDI\/AAAAAAAAATk\/hadA8uA6VRUAUzqEgKKgijew-z-tqVVnQCPcBGAYYCw\/s320\/WhatsApp%2BImage%2B2020-10-04%2Bat%2B20.07.26%2B%25283%2529.jpeg\" alt=\"\"\/><\/figure><\/div>\n\n\n\n<p>El motivo del rechazo se debe a que la participaci\u00f3n de la comunidad se circunscribe \u00fanicamente al env\u00edo de un e-mail a una casilla de correo, a trav\u00e9s del cual enviar las consultas, cr\u00edticas y sugerencias a las obras planteadas , y esperar que eventualmente, si lo consideran oportuno, respondan de alguna manera no especificado. La publicaci\u00f3n se realiz\u00f3 a trav\u00e9s de redes sociales sin tener en cuenta el plazo de anticipaci\u00f3n que exige la ley ni una reglamentaci\u00f3n espec\u00edfica para esta modalidad. La modalidad virtual, por su parte, aleja la posibilidad de participaci\u00f3n de muchos vecinos sin conocimientos o acceso a redes.<\/p>\n\n\n\n<p>No tienen en cuenta el recurso de amparo presentado por distintas organizaciones, cuestionando las obras licitadas para la primera etapa, para la cual no se efectuaron las requeridas audiencias p\u00fablicas y, en cambio, se intent\u00f3 disfrazar algunas presentaciones p\u00fablicas del proyecto como si fueran audiencias o consultas que es lo que exige la ley.<\/p>\n\n\n\n<p>Denunciamos el atropello e intento de avanzar con las obras anunciadas, enga\u00f1ando a la poblaci\u00f3n, justificando el sacrificio del r\u00edo y los humedales mediante su supuesto beneficio.<\/p>\n\n\n\n<p>Para evitar las inundaciones necesitamos m\u00e1s humedales y NO menos, necesitamos obras, s\u00ed, pero no de este tipo, que de realizarse acabar\u00edan con gran parte de la vida, y las funciones vitales del r\u00edo y los humedales.<\/p>\n\n\n\n<p>Manifestamos nuestra preocupaci\u00f3n, empat\u00eda y compromiso con quienes se inundan con cada tormenta, pero no es destruyendo la din\u00e1mica del r\u00edo c\u00f3mo se solucionar\u00e1n. De hecho la documentaci\u00f3n t\u00e9cnica que avala las obras son muy claras al mencionar que las mismas NO ser\u00e1n una soluci\u00f3n para las inundaciones. Pa\u00edses con vasta experiencia en inundaciones vienen orientando la gesti\u00f3n de las mismas en otro sentido, recuperar los cauces originales de los cursos de agua, recomponer humedales y meandros, eliminar canalizaciones, represas y obst\u00e1culos para el libre escurrimiento de las aguas, generar sistemas de alerta temprana y planes de contingencia y protecci\u00f3n individual de propiedades.<\/p>\n\n\n\n<p>Velamos por resolver y evitar las inundaciones severas, que son las que producen da\u00f1os y perjuicios a la poblaci\u00f3n, pero sin da\u00f1ar la forma, las caracter\u00edsticas \u00fanicas y el natural y vital funcionamiento del r\u00edo y los humedales.<\/p>\n\n\n\n<p>Estamos abiertos al di\u00e1logo, real, abierto, consistente y congruente con la democracia.<\/p>\n\n\n\n<p>Intimamos a los ministerios y secretar\u00edas, a los gobiernos Nacional, Provincial y Municipales a que generen las instancias de participaci\u00f3n ciudadana que la democracia demanda.<\/p>\n\n\n\n<p>A definir con la poblaci\u00f3n como vamos a enfrentar, adaptar y mitigar los efectos negativos que nos muestra el actual y futuro contexto Clim\u00e1tico, Ambiental, Ecol\u00f3gico y Ecosist\u00e9mico, sin da\u00f1ar el r\u00edo y los humedales.<\/p>\n\n\n\n<p>Invitamos a toda la poblaci\u00f3n a sumarse a la defensa del r\u00edo y los humedales, y a encontrar juntos y democr\u00e1ticamente la soluci\u00f3n a las inundaciones, m\u00e1s beneficiosa, acorde y consecuente con la realidad que vivimos y por venir.<\/p>\n\n\n\n<p>Queremos democracia y participaci\u00f3n ciudadana real, queremos que se escuche a la comunidad cient\u00edfica y se tenga en cuenta a quienes protegemos el r\u00edo y los humedales.<\/p>\n\n\n\n<p>Necesitamos el r\u00edo vivo, sano y libre para que cumpla con todas sus funciones que resultan vitales para la vida en general y nuestra vida en sociedad.<\/p>\n\n\n\n<p>Agradecemos una pronta y satisfactoria respuesta. Les saludan,<\/p>\n\n\n\n<p>Las organizaciones, y personas abajo firmantes reunidas en Red del r\u00edo Luj\u00e1n<\/p>\n\n\n\n<p><\/p>\n","protected":false},"excerpt":{"rendered":"<p>Por Asociaci\u00f3n Civil S.O.S H\u00c1BITAT &#8211; Las organizaciones que conformamos la Red del R\u00edo Luj\u00e1n junto con autoconvocados\/as, vecinos\/as, damnificados\/as &#8230; <a title=\"Destruir el R\u00edo Luj\u00e1n no resuelve las inundaciones\" class=\"read-more\" href=\"https:\/\/www.hoymercedes.com.ar\/principal\/2021\/02\/23\/destruir-el-rio-lujan-no-resuelve-las-inundaciones\/\" aria-label=\"Leer m\u00e1s sobre Destruir el R\u00edo Luj\u00e1n no resuelve las inundaciones\">Leer m\u00e1s<\/a><\/p>\n","protected":false},"author":1,"featured_media":115048,"comment_status":"closed","ping_status":"open","sticky":false,"template":"","format":"standard","meta":{"_monsterinsights_skip_tracking":false,"_monsterinsights_sitenote_active":false,"_monsterinsights_sitenote_note":"","_monsterinsights_sitenote_category":0,"jetpack_post_was_ever_published":false,"_jetpack_newsletter_access":"","_jetpack_dont_email_post_to_subs":false,"_jetpack_newsletter_tier_id":0,"_jetpack_memberships_contains_paywalled_content":false,"_jetpack_memberships_contains_paid_content":false,"footnotes":"","jetpack_publicize_message":"","jetpack_publicize_feature_enabled":true,"jetpack_social_post_already_shared":true,"jetpack_social_options":{"image_generator_settings":{"template":"highway","default_image_id":0,"font":"","enabled":false},"version":2},"_wpas_customize_per_network":false},"categories":[1],"tags":[43,8748,402],"class_list":["post-125257","post","type-post","status-publish","format-standard","has-post-thumbnail","hentry","category-opinion","tag-medio-ambiente","tag-opinion","tag-rio-lujan","generate-columns","tablet-grid-50","mobile-grid-100","grid-parent","grid-50"],"jetpack_publicize_connections":[],"jetpack_featured_media_url":"https:\/\/www.hoymercedes.com.ar\/principal\/wp-content\/uploads\/2020\/08\/13-rio-lujan-1.png","wps_subtitle":"Problem\u00e1tica ambiental","jetpack_sharing_enabled":true,"_links":{"self":[{"href":"https:\/\/www.hoymercedes.com.ar\/principal\/wp-json\/wp\/v2\/posts\/125257","targetHints":{"allow":["GET"]}}],"collection":[{"href":"https:\/\/www.hoymercedes.com.ar\/principal\/wp-json\/wp\/v2\/posts"}],"about":[{"href":"https:\/\/www.hoymercedes.com.ar\/principal\/wp-json\/wp\/v2\/types\/post"}],"author":[{"embeddable":true,"href":"https:\/\/www.hoymercedes.com.ar\/principal\/wp-json\/wp\/v2\/users\/1"}],"replies":[{"embeddable":true,"href":"https:\/\/www.hoymercedes.com.ar\/principal\/wp-json\/wp\/v2\/comments?post=125257"}],"version-history":[{"count":0,"href":"https:\/\/www.hoymercedes.com.ar\/principal\/wp-json\/wp\/v2\/posts\/125257\/revisions"}],"wp:featuredmedia":[{"embeddable":true,"href":"https:\/\/www.hoymercedes.com.ar\/principal\/wp-json\/wp\/v2\/media\/115048"}],"wp:attachment":[{"href":"https:\/\/www.hoymercedes.com.ar\/principal\/wp-json\/wp\/v2\/media?parent=125257"}],"wp:term":[{"taxonomy":"category","embeddable":true,"href":"https:\/\/www.hoymercedes.com.ar\/principal\/wp-json\/wp\/v2\/categories?post=125257"},{"taxonomy":"post_tag","embeddable":true,"href":"https:\/\/www.hoymercedes.com.ar\/principal\/wp-json\/wp\/v2\/tags?post=125257"}],"curies":[{"name":"wp","href":"https:\/\/api.w.org\/{rel}","templated":true}]}}