{"id":125265,"date":"2021-02-22T22:40:50","date_gmt":"2021-02-23T01:40:50","guid":{"rendered":"http:\/\/www.hoymercedes.com.ar\/principal\/?p=125265"},"modified":"2021-02-22T23:32:55","modified_gmt":"2021-02-23T02:32:55","slug":"intendente-ustarroz-convoco-a-concejales-bajo-las-premisas-de-unidad-y-transparencia","status":"publish","type":"post","link":"https:\/\/www.hoymercedes.com.ar\/principal\/2021\/02\/22\/intendente-ustarroz-convoco-a-concejales-bajo-las-premisas-de-unidad-y-transparencia\/","title":{"rendered":"Intendente Ustarroz convoc\u00f3 a concejales bajo las premisas de \u00abUnidad y Transparencia\u00bb"},"content":{"rendered":"\n<figure class=\"wp-block-image size-large\"><img loading=\"lazy\" decoding=\"async\" width=\"1024\" height=\"576\" data-attachment-id=\"125266\" data-permalink=\"https:\/\/www.hoymercedes.com.ar\/principal\/2021\/02\/22\/intendente-ustarroz-convoco-a-concejales-bajo-las-premisas-de-unidad-y-transparencia\/dsc03975\/#main\" data-orig-file=\"https:\/\/www.hoymercedes.com.ar\/principal\/wp-content\/uploads\/2021\/02\/DSC03975.jpg\" data-orig-size=\"1113,626\" data-comments-opened=\"0\" data-image-meta=\"{&quot;aperture&quot;:&quot;0&quot;,&quot;credit&quot;:&quot;&quot;,&quot;camera&quot;:&quot;&quot;,&quot;caption&quot;:&quot;&quot;,&quot;created_timestamp&quot;:&quot;0&quot;,&quot;copyright&quot;:&quot;&quot;,&quot;focal_length&quot;:&quot;0&quot;,&quot;iso&quot;:&quot;0&quot;,&quot;shutter_speed&quot;:&quot;0&quot;,&quot;title&quot;:&quot;&quot;,&quot;orientation&quot;:&quot;0&quot;}\" data-image-title=\"DSC03975\" data-image-description=\"\" data-image-caption=\"\" data-large-file=\"https:\/\/www.hoymercedes.com.ar\/principal\/wp-content\/uploads\/2021\/02\/DSC03975-1024x576.jpg\" src=\"https:\/\/www.hoymercedes.com.ar\/principal\/wp-content\/uploads\/2021\/02\/DSC03975-1024x576.jpg\" alt=\"\" class=\"wp-image-125266\" srcset=\"https:\/\/www.hoymercedes.com.ar\/principal\/wp-content\/uploads\/2021\/02\/DSC03975-1024x576.jpg 1024w, https:\/\/www.hoymercedes.com.ar\/principal\/wp-content\/uploads\/2021\/02\/DSC03975-630x354.jpg 630w, https:\/\/www.hoymercedes.com.ar\/principal\/wp-content\/uploads\/2021\/02\/DSC03975-150x84.jpg 150w, https:\/\/www.hoymercedes.com.ar\/principal\/wp-content\/uploads\/2021\/02\/DSC03975.jpg 1113w\" sizes=\"auto, (max-width: 1024px) 100vw, 1024px\" \/><\/figure>\n\n\n\n<p>El intendente Dr. Juan Ignacio Ustarroz convoc\u00f3 a los ediles de nuestra ciudad para tratar y trabajar en conjunto temas vinculados a la Campa\u00f1a de Vacunaci\u00f3n en Mercedes. Se expuso en detalle el amplio despliegue concretado entre Provincia y Municipio. Al igual que con el Comit\u00e9 de Crisis se gener\u00f3 un intercambio de opiniones y reflexiones en torno al tema. \u201c<em>Es para nosotros sumamente importante contar con el acompa\u00f1amiento de todos los sectores, estas reuniones de trabajo permiten seguir adelante con los temas que nos son comunes y nos preocupan como sociedad\u201d<\/em> destac\u00f3 el intendente Ustarroz. Vale recordar que en nuestra ciudad en las \u00faltimas jornadas se concret\u00f3 la aplicaci\u00f3n de la vacuna en adultos mayores y personal docente, y que ya se hizo con el personal de salud, tanto p\u00fablico como privado, como as\u00ed tambi\u00e9n junto a PAMI se inici\u00f3 en hogares y residencias.<\/p>\n\n\n\n<p><strong>Reuni\u00f3n<\/strong><\/p>\n\n\n\n<p>Durante la ma\u00f1ana del lunes el jefe comunal convoc\u00f3 a los ediles acompa\u00f1ado de integrantes de su gabinete, como ser el secretario de salud, N\u00e9stor Pisapia, la secretaria de gobierno, Clara Zunino, la coordinadora Mariana Adano y el presidente del Concejo Deliberante, Mat\u00edas Dematei.<\/p>\n\n\n\n<p>En el encuentro se expuso la informaci\u00f3n vinculada al tema, c\u00f3mo se procede si hay un eventual ausente, que la Comuna no asigna ni reasigna turnos, se grafic\u00f3 en estado de avances de los grupos poblacionales, el n\u00famero de inscriptos en Mercedes, las poblaciones objetivo y se cre\u00f3 una comisi\u00f3n de seguimiento de la campa\u00f1a de vacunaci\u00f3n con representantes de todos los bloques y del Departamento Ejecutivo.<\/p>\n\n\n\n<p><strong>Informaci\u00f3n&nbsp;<\/strong><\/p>\n\n\n\n<p>En Mercedes se realiza con total normalidad y as\u00ed lo constat\u00f3 y manifest\u00f3 la oposici\u00f3n ante los medios, donde se destac\u00f3 que \u201cel sistema en Mercedes funciona\u201d y que se \u201ctrabaja en conjunto desde el primer d\u00eda, con el Comit\u00e9 de Crisis, con las instituciones, con el comercio, con cada sector solidariamente\u201d afirmaron. &nbsp;<\/p>\n\n\n\n<p>\u201cEn Mercedes la transparencia y la gesti\u00f3n est\u00e1 constatada. Se trabaja en conjunto y siempre pensando en el bienestar de las y los mercedinos\u201d, destacaron despu\u00e9s del encuentro.<\/p>\n\n\n\n<p><strong>Trabajo<\/strong><\/p>\n\n\n\n<p>El jefe comunal destac\u00f3 que \u201cen Mercedes seguimos trabajando unidos, desde el Comit\u00e9 de Crisis, de Vacunaci\u00f3n, exponiendo cada dato que nos llega o se genera a nivel local, porque la pandemia es algo que nos afecta a todos y todas y s\u00f3lo lograremos salir adelante si trabajos en comunidad, como lo venimos haciendo, en unidad y solidariamente\u201d, mencion\u00f3 y destac\u00f3 que \u201cnuestra localidad es una de las pocas en las cuales el Comit\u00e9 de Crisis funciona en plenitud, con representatividad, democr\u00e1ticamente y es algo que deseo agradecer, a cada instituci\u00f3n, partido pol\u00edtico, comercio, sector social, \u00e1reas de administraci\u00f3n p\u00fablicas y privadas, referentes sociales, clubes\u201d como \u201cas\u00ed tambi\u00e9n a cada uno de los ediles, de todos los bloques, que hoy nos acompa\u00f1aron en este importante encuentro\u201d, afirm\u00f3 el jefe comunal.<\/p>\n\n\n\n<p>Por su parte, el secretario de salud, el pediatra N\u00e9stor Pisapia, coment\u00f3 que \u201cmantuvimos la reuni\u00f3n informativa donde como siempre nos insta el intendente mantener la transparencia de estos procesos y detallando el sistema, las asignaciones, el circuito, los turnos que vienen dados sin que nosotros podamos modificarlos como tampoco los datos generados\u201d comento y afirm\u00f3 que \u201cnarramos cada dato de vacunados e inscriptos donde el intendente propuso formar una comisi\u00f3n donde podamos tener interlocutores en cada sector y as\u00ed suministrar informaci\u00f3n r\u00e1pida y directa\u201d manifest\u00f3 el secretario.<\/p>\n\n\n\n<p>Tambi\u00e9n \u201caspectos t\u00e9cnicos como cantidad de vacunas, postas, franjas de vacunaciones diarias, y cada detalle\u201d sin olvidar que \u201cno bien se termine el proceso en vacunaci\u00f3n en el Colegio Nacional pasaremos a las instalaciones del Museo del Arte\u201d liberando la escuela ante un potencial inicio de clases y traslad\u00e1ndose a un espacio con todas las infraestructuras y medidas de seguridad.<\/p>\n\n\n\n<p>Destacaron a su vez que en los 135 distritos se ha dado un proceso de cuidado, prevenci\u00f3n, promoci\u00f3n y control, tanto del covid como de la campa\u00f1a de vacunaci\u00f3n desde la Provincia de Buenos Aires.<\/p>\n\n\n\n<p><strong>Transparencia<\/strong><\/p>\n\n\n\n<p>As\u00ed como cada d\u00eda se emite un parte diario sobre la situaci\u00f3n epidemiol\u00f3gica y que el mismo est\u00e1, adem\u00e1s de publicado en las redes sociales, con un balance \u201chist\u00f3rico\u201d en el portal municipal se har\u00e1 en las pr\u00f3ximas horas lo mismo con la vacunaci\u00f3n. \u201cTodos los datos ser\u00e1n publicados en internet, para que no quede lugar a dudas\u201d manifestaron y destacaron que \u201cas\u00ed como se cre\u00f3 la sala covid online lo estamos terminando con la sala de situaci\u00f3n sobre la campa\u00f1a de vacunaci\u00f3n, que tendr\u00e1 ingreso desde gobierno.mercedes.gob.ar\u201d destacaron.<\/p>\n\n\n\n<figure class=\"wp-block-image size-large\"><img loading=\"lazy\" decoding=\"async\" width=\"1024\" height=\"481\" data-attachment-id=\"125267\" data-permalink=\"https:\/\/www.hoymercedes.com.ar\/principal\/2021\/02\/22\/intendente-ustarroz-convoco-a-concejales-bajo-las-premisas-de-unidad-y-transparencia\/dsc03972\/#main\" data-orig-file=\"https:\/\/www.hoymercedes.com.ar\/principal\/wp-content\/uploads\/2021\/02\/DSC03972.jpg\" data-orig-size=\"1333,626\" data-comments-opened=\"0\" data-image-meta=\"{&quot;aperture&quot;:&quot;0&quot;,&quot;credit&quot;:&quot;&quot;,&quot;camera&quot;:&quot;&quot;,&quot;caption&quot;:&quot;&quot;,&quot;created_timestamp&quot;:&quot;0&quot;,&quot;copyright&quot;:&quot;&quot;,&quot;focal_length&quot;:&quot;0&quot;,&quot;iso&quot;:&quot;0&quot;,&quot;shutter_speed&quot;:&quot;0&quot;,&quot;title&quot;:&quot;&quot;,&quot;orientation&quot;:&quot;0&quot;}\" data-image-title=\"DSC03972\" data-image-description=\"\" data-image-caption=\"\" data-large-file=\"https:\/\/www.hoymercedes.com.ar\/principal\/wp-content\/uploads\/2021\/02\/DSC03972-1024x481.jpg\" src=\"https:\/\/www.hoymercedes.com.ar\/principal\/wp-content\/uploads\/2021\/02\/DSC03972-1024x481.jpg\" alt=\"\" class=\"wp-image-125267\" srcset=\"https:\/\/www.hoymercedes.com.ar\/principal\/wp-content\/uploads\/2021\/02\/DSC03972-1024x481.jpg 1024w, https:\/\/www.hoymercedes.com.ar\/principal\/wp-content\/uploads\/2021\/02\/DSC03972-630x296.jpg 630w, https:\/\/www.hoymercedes.com.ar\/principal\/wp-content\/uploads\/2021\/02\/DSC03972-150x70.jpg 150w, https:\/\/www.hoymercedes.com.ar\/principal\/wp-content\/uploads\/2021\/02\/DSC03972.jpg 1333w\" sizes=\"auto, (max-width: 1024px) 100vw, 1024px\" \/><\/figure>\n\n\n\n<p>Info: Municipio \/ HoyMercedes<\/p>\n","protected":false},"excerpt":{"rendered":"<p>El intendente Dr. Juan Ignacio Ustarroz convoc\u00f3 a los ediles de nuestra ciudad para tratar y trabajar en conjunto temas &#8230; <a title=\"Intendente Ustarroz convoc\u00f3 a concejales bajo las premisas de \u00abUnidad y Transparencia\u00bb\" class=\"read-more\" href=\"https:\/\/www.hoymercedes.com.ar\/principal\/2021\/02\/22\/intendente-ustarroz-convoco-a-concejales-bajo-las-premisas-de-unidad-y-transparencia\/\" aria-label=\"Leer m\u00e1s sobre Intendente Ustarroz convoc\u00f3 a concejales bajo las premisas de \u00abUnidad y Transparencia\u00bb\">Leer m\u00e1s<\/a><\/p>\n","protected":false},"author":1,"featured_media":125266,"comment_status":"closed","ping_status":"open","sticky":false,"template":"","format":"standard","meta":{"_monsterinsights_skip_tracking":false,"_monsterinsights_sitenote_active":false,"_monsterinsights_sitenote_note":"","_monsterinsights_sitenote_category":0,"jetpack_post_was_ever_published":false,"_jetpack_newsletter_access":"","_jetpack_dont_email_post_to_subs":false,"_jetpack_newsletter_tier_id":0,"_jetpack_memberships_contains_paywalled_content":false,"_jetpack_memberships_contains_paid_content":false,"footnotes":"","jetpack_publicize_message":"","jetpack_publicize_feature_enabled":true,"jetpack_social_post_already_shared":true,"jetpack_social_options":{"image_generator_settings":{"template":"highway","default_image_id":0,"font":"","enabled":false},"version":2},"_wpas_customize_per_network":false},"categories":[30],"tags":[5899,8993,8684,424],"class_list":["post-125265","post","type-post","status-publish","format-standard","has-post-thumbnail","hentry","category-municipio","tag-campana-de-vacunacion","tag-concejales","tag-reunion","tag-ustarroz","generate-columns","tablet-grid-50","mobile-grid-100","grid-parent","grid-50"],"jetpack_publicize_connections":[],"jetpack_featured_media_url":"https:\/\/www.hoymercedes.com.ar\/principal\/wp-content\/uploads\/2021\/02\/DSC03975.jpg","wps_subtitle":"Campa\u00f1a de Vacunaci\u00f3n","jetpack_sharing_enabled":true,"_links":{"self":[{"href":"https:\/\/www.hoymercedes.com.ar\/principal\/wp-json\/wp\/v2\/posts\/125265","targetHints":{"allow":["GET"]}}],"collection":[{"href":"https:\/\/www.hoymercedes.com.ar\/principal\/wp-json\/wp\/v2\/posts"}],"about":[{"href":"https:\/\/www.hoymercedes.com.ar\/principal\/wp-json\/wp\/v2\/types\/post"}],"author":[{"embeddable":true,"href":"https:\/\/www.hoymercedes.com.ar\/principal\/wp-json\/wp\/v2\/users\/1"}],"replies":[{"embeddable":true,"href":"https:\/\/www.hoymercedes.com.ar\/principal\/wp-json\/wp\/v2\/comments?post=125265"}],"version-history":[{"count":0,"href":"https:\/\/www.hoymercedes.com.ar\/principal\/wp-json\/wp\/v2\/posts\/125265\/revisions"}],"wp:featuredmedia":[{"embeddable":true,"href":"https:\/\/www.hoymercedes.com.ar\/principal\/wp-json\/wp\/v2\/media\/125266"}],"wp:attachment":[{"href":"https:\/\/www.hoymercedes.com.ar\/principal\/wp-json\/wp\/v2\/media?parent=125265"}],"wp:term":[{"taxonomy":"category","embeddable":true,"href":"https:\/\/www.hoymercedes.com.ar\/principal\/wp-json\/wp\/v2\/categories?post=125265"},{"taxonomy":"post_tag","embeddable":true,"href":"https:\/\/www.hoymercedes.com.ar\/principal\/wp-json\/wp\/v2\/tags?post=125265"}],"curies":[{"name":"wp","href":"https:\/\/api.w.org\/{rel}","templated":true}]}}