{"id":125319,"date":"2021-02-24T14:44:04","date_gmt":"2021-02-24T17:44:04","guid":{"rendered":"http:\/\/www.hoymercedes.com.ar\/principal\/?p=125319"},"modified":"2021-02-24T14:44:09","modified_gmt":"2021-02-24T17:44:09","slug":"selva-continua-con-la-gira-por-mexico-con-el-presidente-fernandez","status":"publish","type":"post","link":"https:\/\/www.hoymercedes.com.ar\/principal\/2021\/02\/24\/selva-continua-con-la-gira-por-mexico-con-el-presidente-fernandez\/","title":{"rendered":"Selva contin\u00faa con la gira por M\u00e9xico con el Presidente Fern\u00e1ndez"},"content":{"rendered":"\n<p>El Diputado Nacional Carlos Selva, como parte de la comitiva oficial que est\u00e1 acompa\u00f1ando al Presidente Alberto Fern\u00e1ndez, particip\u00f3 de la intensa agenda presidencial durante su estad\u00eda en M\u00e9xico por los 200 a\u00f1os de la Independencia de ese pa\u00eds.<\/p>\n\n\n\n<div class=\"wp-block-image\"><figure class=\"aligncenter size-large\"><img loading=\"lazy\" decoding=\"async\" width=\"800\" height=\"532\" data-attachment-id=\"125320\" data-permalink=\"https:\/\/www.hoymercedes.com.ar\/principal\/2021\/02\/24\/selva-continua-con-la-gira-por-mexico-con-el-presidente-fernandez\/whatsapp-image-2021-02-24-at-11-58-22-1\/#main\" data-orig-file=\"https:\/\/www.hoymercedes.com.ar\/principal\/wp-content\/uploads\/2021\/02\/WhatsApp-Image-2021-02-24-at-11.58.22-1.jpeg\" data-orig-size=\"800,532\" data-comments-opened=\"0\" data-image-meta=\"{&quot;aperture&quot;:&quot;0&quot;,&quot;credit&quot;:&quot;&quot;,&quot;camera&quot;:&quot;&quot;,&quot;caption&quot;:&quot;&quot;,&quot;created_timestamp&quot;:&quot;0&quot;,&quot;copyright&quot;:&quot;&quot;,&quot;focal_length&quot;:&quot;0&quot;,&quot;iso&quot;:&quot;0&quot;,&quot;shutter_speed&quot;:&quot;0&quot;,&quot;title&quot;:&quot;&quot;,&quot;orientation&quot;:&quot;0&quot;}\" data-image-title=\"WhatsApp Image 2021-02-24 at 11.58.22 (1)\" data-image-description=\"\" data-image-caption=\"\" data-large-file=\"https:\/\/www.hoymercedes.com.ar\/principal\/wp-content\/uploads\/2021\/02\/WhatsApp-Image-2021-02-24-at-11.58.22-1.jpeg\" src=\"https:\/\/www.hoymercedes.com.ar\/principal\/wp-content\/uploads\/2021\/02\/WhatsApp-Image-2021-02-24-at-11.58.22-1.jpeg\" alt=\"\" class=\"wp-image-125320\" srcset=\"https:\/\/www.hoymercedes.com.ar\/principal\/wp-content\/uploads\/2021\/02\/WhatsApp-Image-2021-02-24-at-11.58.22-1.jpeg 800w, https:\/\/www.hoymercedes.com.ar\/principal\/wp-content\/uploads\/2021\/02\/WhatsApp-Image-2021-02-24-at-11.58.22-1-630x419.jpeg 630w, https:\/\/www.hoymercedes.com.ar\/principal\/wp-content\/uploads\/2021\/02\/WhatsApp-Image-2021-02-24-at-11.58.22-1-150x100.jpeg 150w, https:\/\/www.hoymercedes.com.ar\/principal\/wp-content\/uploads\/2021\/02\/WhatsApp-Image-2021-02-24-at-11.58.22-1-700x465.jpeg 700w\" sizes=\"auto, (max-width: 800px) 100vw, 800px\" \/><\/figure><\/div>\n\n\n\n<p>El d\u00eda lunes, la comitiva estuvo reunida con empresarios mexicanos inversionistas en Argentina, reuni\u00f3n encabezada por el Ministro Mart\u00edn Guzm\u00e1n que el Diputado calific\u00f3 de muy positiva y destac\u00f3 el reconocimiento del sector en torno al proceso de crecimiento y desarrollo que atraviesa la Argentina a pesar de las grandes dificultades que enfrenta como el resto de los pa\u00edses del mundo debido a la pandemia.<\/p>\n\n\n\n<p>Tambi\u00e9n visitaron el Laboratorio Liomont, un laboratorio farmac\u00e9utico que ser\u00e1 responsable de un proceso final de la vacuna contra el COVID-19 junto con la Argentina, y terminaron la jornada de ese d\u00eda con una reuni\u00f3n con intelectuales en la Embajada Argentina.<\/p>\n\n\n\n<p>En el d\u00eda de ayer fueron recibidos por el Presidente de M\u00e9xico, Andr\u00e9s Manuel L\u00f3pez Obrador, en el Palacio Nacional. Mantuvieron un desayuno de trabajo con legisladores de AMLO y participaron del acto aniversario del Presidente Francisco I. Madero. Por la tarde mantuvieron una jornada de intercambio con el empresario Carlos Slim y empresarios argentinos en M\u00e9xico, participaron de una reuni\u00f3n bilateral con la Biblioteca Principal del Ayuntamiento junto a la Jefa de Gobierno de la ciudad de M\u00e9xico, Dra. Claudia Sheinbaum y cerraron la jornada del d\u00eda martes con una sesi\u00f3n solemne en la C\u00e1mara de Senadores.<\/p>\n\n\n\n<div class=\"wp-block-image\"><figure class=\"aligncenter size-large\"><img loading=\"lazy\" decoding=\"async\" width=\"800\" height=\"534\" data-attachment-id=\"125322\" data-permalink=\"https:\/\/www.hoymercedes.com.ar\/principal\/2021\/02\/24\/selva-continua-con-la-gira-por-mexico-con-el-presidente-fernandez\/whatsapp-image-2021-02-24-at-11-58-22\/#main\" data-orig-file=\"https:\/\/www.hoymercedes.com.ar\/principal\/wp-content\/uploads\/2021\/02\/WhatsApp-Image-2021-02-24-at-11.58.22.jpeg\" data-orig-size=\"800,534\" data-comments-opened=\"0\" data-image-meta=\"{&quot;aperture&quot;:&quot;0&quot;,&quot;credit&quot;:&quot;&quot;,&quot;camera&quot;:&quot;&quot;,&quot;caption&quot;:&quot;&quot;,&quot;created_timestamp&quot;:&quot;0&quot;,&quot;copyright&quot;:&quot;&quot;,&quot;focal_length&quot;:&quot;0&quot;,&quot;iso&quot;:&quot;0&quot;,&quot;shutter_speed&quot;:&quot;0&quot;,&quot;title&quot;:&quot;&quot;,&quot;orientation&quot;:&quot;0&quot;}\" data-image-title=\"WhatsApp Image 2021-02-24 at 11.58.22\" data-image-description=\"\" data-image-caption=\"\" data-large-file=\"https:\/\/www.hoymercedes.com.ar\/principal\/wp-content\/uploads\/2021\/02\/WhatsApp-Image-2021-02-24-at-11.58.22.jpeg\" src=\"https:\/\/www.hoymercedes.com.ar\/principal\/wp-content\/uploads\/2021\/02\/WhatsApp-Image-2021-02-24-at-11.58.22.jpeg\" alt=\"\" class=\"wp-image-125322\" srcset=\"https:\/\/www.hoymercedes.com.ar\/principal\/wp-content\/uploads\/2021\/02\/WhatsApp-Image-2021-02-24-at-11.58.22.jpeg 800w, https:\/\/www.hoymercedes.com.ar\/principal\/wp-content\/uploads\/2021\/02\/WhatsApp-Image-2021-02-24-at-11.58.22-630x421.jpeg 630w, https:\/\/www.hoymercedes.com.ar\/principal\/wp-content\/uploads\/2021\/02\/WhatsApp-Image-2021-02-24-at-11.58.22-150x100.jpeg 150w\" sizes=\"auto, (max-width: 800px) 100vw, 800px\" \/><\/figure><\/div>\n\n\n\n<p>Este mi\u00e9rcoles 24, el Diputado junto al Presidente y el resto de la comitiva, participar\u00e1n de los actos protocolares por el aniversario de la Promulgaci\u00f3n del Plan Iguala, uno de los actos centrales por los 200 a\u00f1os de Independencia.<\/p>\n\n\n\n<p>El Diputado destac\u00f3 la agenda de estos d\u00edas como intensa y muy positiva, y consultado en torno a su participaci\u00f3n en la comitiva, ponder\u00f3 el trabajo que viene realizando como parte del Grupo Parlamentario de Amistad con M\u00e9xico y la confianza que lo une al Presidente Alberto Fern\u00e1ndez, y su par y referente pol\u00edtico, el Presidente de la C\u00e1mara de Diputados de la Naci\u00f3n, Sergio Massa.<\/p>\n\n\n\n<p>Tambi\u00e9n adelant\u00f3 que aprovech\u00f3 la oportunidad de este viaje para afianzar v\u00ednculos con los legisladores de M\u00e9xico que conforman el Grupo Parlamentario de Amistad y programar una futura reuni\u00f3n que va a tener como anfitri\u00f3n al Congreso de la Naci\u00f3n de nuestro pa\u00eds.<\/p>\n\n\n\n<p>Fuente: Prensa Carlos Selva<\/p>\n\n\n\n<div class=\"wp-block-image\"><figure class=\"aligncenter size-large\"><img loading=\"lazy\" decoding=\"async\" width=\"800\" height=\"532\" data-attachment-id=\"125321\" data-permalink=\"https:\/\/www.hoymercedes.com.ar\/principal\/2021\/02\/24\/selva-continua-con-la-gira-por-mexico-con-el-presidente-fernandez\/whatsapp-image-2021-02-24-at-11-58-23\/#main\" data-orig-file=\"https:\/\/www.hoymercedes.com.ar\/principal\/wp-content\/uploads\/2021\/02\/WhatsApp-Image-2021-02-24-at-11.58.23.jpeg\" data-orig-size=\"800,532\" data-comments-opened=\"0\" data-image-meta=\"{&quot;aperture&quot;:&quot;0&quot;,&quot;credit&quot;:&quot;&quot;,&quot;camera&quot;:&quot;&quot;,&quot;caption&quot;:&quot;&quot;,&quot;created_timestamp&quot;:&quot;0&quot;,&quot;copyright&quot;:&quot;&quot;,&quot;focal_length&quot;:&quot;0&quot;,&quot;iso&quot;:&quot;0&quot;,&quot;shutter_speed&quot;:&quot;0&quot;,&quot;title&quot;:&quot;&quot;,&quot;orientation&quot;:&quot;0&quot;}\" data-image-title=\"WhatsApp Image 2021-02-24 at 11.58.23\" data-image-description=\"\" data-image-caption=\"\" data-large-file=\"https:\/\/www.hoymercedes.com.ar\/principal\/wp-content\/uploads\/2021\/02\/WhatsApp-Image-2021-02-24-at-11.58.23.jpeg\" src=\"https:\/\/www.hoymercedes.com.ar\/principal\/wp-content\/uploads\/2021\/02\/WhatsApp-Image-2021-02-24-at-11.58.23.jpeg\" alt=\"\" class=\"wp-image-125321\" srcset=\"https:\/\/www.hoymercedes.com.ar\/principal\/wp-content\/uploads\/2021\/02\/WhatsApp-Image-2021-02-24-at-11.58.23.jpeg 800w, https:\/\/www.hoymercedes.com.ar\/principal\/wp-content\/uploads\/2021\/02\/WhatsApp-Image-2021-02-24-at-11.58.23-630x419.jpeg 630w, https:\/\/www.hoymercedes.com.ar\/principal\/wp-content\/uploads\/2021\/02\/WhatsApp-Image-2021-02-24-at-11.58.23-150x100.jpeg 150w, https:\/\/www.hoymercedes.com.ar\/principal\/wp-content\/uploads\/2021\/02\/WhatsApp-Image-2021-02-24-at-11.58.23-700x465.jpeg 700w\" sizes=\"auto, (max-width: 800px) 100vw, 800px\" \/><\/figure><\/div>\n","protected":false},"excerpt":{"rendered":"<p>El Diputado Nacional Carlos Selva, como parte de la comitiva oficial que est\u00e1 acompa\u00f1ando al Presidente Alberto Fern\u00e1ndez, particip\u00f3 de &#8230; <a title=\"Selva contin\u00faa con la gira por M\u00e9xico con el Presidente Fern\u00e1ndez\" class=\"read-more\" href=\"https:\/\/www.hoymercedes.com.ar\/principal\/2021\/02\/24\/selva-continua-con-la-gira-por-mexico-con-el-presidente-fernandez\/\" aria-label=\"Leer m\u00e1s sobre Selva contin\u00faa con la gira por M\u00e9xico con el Presidente Fern\u00e1ndez\">Leer m\u00e1s<\/a><\/p>\n","protected":false},"author":1,"featured_media":125321,"comment_status":"closed","ping_status":"open","sticky":false,"template":"","format":"standard","meta":{"_monsterinsights_skip_tracking":false,"_monsterinsights_sitenote_active":false,"_monsterinsights_sitenote_note":"","_monsterinsights_sitenote_category":0,"jetpack_post_was_ever_published":false,"_jetpack_newsletter_access":"","_jetpack_dont_email_post_to_subs":false,"_jetpack_newsletter_tier_id":0,"_jetpack_memberships_contains_paywalled_content":false,"_jetpack_memberships_contains_paid_content":false,"footnotes":"","jetpack_publicize_message":"","jetpack_publicize_feature_enabled":true,"jetpack_social_post_already_shared":true,"jetpack_social_options":{"image_generator_settings":{"template":"highway","default_image_id":0,"font":"","enabled":false},"version":2},"_wpas_customize_per_network":false},"categories":[5210],"tags":[],"class_list":["post-125319","post","type-post","status-publish","format-standard","has-post-thumbnail","hentry","category-politica-nacional","generate-columns","tablet-grid-50","mobile-grid-100","grid-parent","grid-50"],"jetpack_publicize_connections":[],"jetpack_featured_media_url":"https:\/\/www.hoymercedes.com.ar\/principal\/wp-content\/uploads\/2021\/02\/WhatsApp-Image-2021-02-24-at-11.58.23.jpeg","wps_subtitle":"","jetpack_sharing_enabled":true,"_links":{"self":[{"href":"https:\/\/www.hoymercedes.com.ar\/principal\/wp-json\/wp\/v2\/posts\/125319","targetHints":{"allow":["GET"]}}],"collection":[{"href":"https:\/\/www.hoymercedes.com.ar\/principal\/wp-json\/wp\/v2\/posts"}],"about":[{"href":"https:\/\/www.hoymercedes.com.ar\/principal\/wp-json\/wp\/v2\/types\/post"}],"author":[{"embeddable":true,"href":"https:\/\/www.hoymercedes.com.ar\/principal\/wp-json\/wp\/v2\/users\/1"}],"replies":[{"embeddable":true,"href":"https:\/\/www.hoymercedes.com.ar\/principal\/wp-json\/wp\/v2\/comments?post=125319"}],"version-history":[{"count":0,"href":"https:\/\/www.hoymercedes.com.ar\/principal\/wp-json\/wp\/v2\/posts\/125319\/revisions"}],"wp:featuredmedia":[{"embeddable":true,"href":"https:\/\/www.hoymercedes.com.ar\/principal\/wp-json\/wp\/v2\/media\/125321"}],"wp:attachment":[{"href":"https:\/\/www.hoymercedes.com.ar\/principal\/wp-json\/wp\/v2\/media?parent=125319"}],"wp:term":[{"taxonomy":"category","embeddable":true,"href":"https:\/\/www.hoymercedes.com.ar\/principal\/wp-json\/wp\/v2\/categories?post=125319"},{"taxonomy":"post_tag","embeddable":true,"href":"https:\/\/www.hoymercedes.com.ar\/principal\/wp-json\/wp\/v2\/tags?post=125319"}],"curies":[{"name":"wp","href":"https:\/\/api.w.org\/{rel}","templated":true}]}}