{"id":125327,"date":"2021-02-24T18:31:49","date_gmt":"2021-02-24T21:31:49","guid":{"rendered":"http:\/\/www.hoymercedes.com.ar\/principal\/?p=125327"},"modified":"2021-02-24T18:31:55","modified_gmt":"2021-02-24T21:31:55","slug":"encuentran-mas-de-50-efectos-secundarios-en-ex-pacientes-graves-de-covid","status":"publish","type":"post","link":"https:\/\/www.hoymercedes.com.ar\/principal\/2021\/02\/24\/encuentran-mas-de-50-efectos-secundarios-en-ex-pacientes-graves-de-covid\/","title":{"rendered":"Encuentran m\u00e1s de 50 efectos secundarios en ex pacientes graves de Covid"},"content":{"rendered":"\n<p><strong><em>La investigaci\u00f3n publicada en Medrxiv, concluy\u00f3 en que ocho de cada 10 pacientes con coronavirus presentaban al menos un s\u00edntoma que persisti\u00f3 por al menos cuatro meses en promedio.<\/em><\/strong><\/p>\n\n\n\n<div class=\"wp-block-image\"><figure class=\"aligncenter size-large\"><img loading=\"lazy\" decoding=\"async\" width=\"696\" height=\"429\" data-attachment-id=\"111450\" data-permalink=\"https:\/\/www.hoymercedes.com.ar\/principal\/2020\/05\/31\/coronavirus-lujan-sumo-cuatro-casos-positivos-llegando-a-41\/31-coronavirus-estudios-696x429\/#main\" data-orig-file=\"https:\/\/www.hoymercedes.com.ar\/principal\/wp-content\/uploads\/2020\/05\/31-Coronavirus-Estudios-696x429-1.jpg\" data-orig-size=\"696,429\" data-comments-opened=\"0\" data-image-meta=\"{&quot;aperture&quot;:&quot;0&quot;,&quot;credit&quot;:&quot;&quot;,&quot;camera&quot;:&quot;&quot;,&quot;caption&quot;:&quot;&quot;,&quot;created_timestamp&quot;:&quot;0&quot;,&quot;copyright&quot;:&quot;&quot;,&quot;focal_length&quot;:&quot;0&quot;,&quot;iso&quot;:&quot;0&quot;,&quot;shutter_speed&quot;:&quot;0&quot;,&quot;title&quot;:&quot;&quot;,&quot;orientation&quot;:&quot;0&quot;}\" data-image-title=\"31 Coronavirus-Estudios-696&amp;#215;429\" data-image-description=\"\" data-image-caption=\"\" data-large-file=\"https:\/\/www.hoymercedes.com.ar\/principal\/wp-content\/uploads\/2020\/05\/31-Coronavirus-Estudios-696x429-1.jpg\" src=\"https:\/\/www.hoymercedes.com.ar\/principal\/wp-content\/uploads\/2020\/05\/31-Coronavirus-Estudios-696x429-1.jpg\" alt=\"\" class=\"wp-image-111450\"\/><\/figure><\/div>\n\n\n\n<p>Luego de analizar casi 19 mil estudios de pacientes covid, se descubrieron 55 efectos persistentes despu\u00e9s de la infecci\u00f3n aguda. La investigaci\u00f3n publicada en Medrxiv, concluy\u00f3 en que ocho de cada 10 pacientes con coronavirus presentaban al menos un s\u00edntoma persistente desde los 14 d\u00edas hasta las 16 semanas despu\u00e9s de haber estado graves, aunque en algunos casos podr\u00edan durar m\u00e1s.<\/p>\n\n\n\n<p>Un estudio previo en la ciudad china de\u00a0<a rel=\"noreferrer noopener\" href=\"https:\/\/www.grupolaprovincia.com\/internacionales\/como-se-vive-en-wuhan-el-kilometro-cero-del-coronavirus-647864\" target=\"_blank\">Wuhan, el kil\u00f3metro cero del Covid-19<\/a>, hab\u00eda mostrado que el 76% de los pacientes que requirieron hospitalizaci\u00f3n informaron al menos un s\u00edntoma 6 meses despu\u00e9s, y la proporci\u00f3n fue mayor en las mujeres.<\/p>\n\n\n\n<p>Los s\u00edntomas m\u00e1s comunes fueron fatiga o debilidad muscular y dificultades para dormir. Adem\u00e1s, el 23% inform\u00f3 de ansiedad o depresi\u00f3n durante el seguimiento.<\/p>\n\n\n\n<p>Las personas que sobrevivieron al SARS, un tipo de coronavirus anterior a la pandemia, mostraron anomal\u00edas pulmonares meses despu\u00e9s de la infecci\u00f3n y el 28% de las personas presentaban disfunci\u00f3n pulmonar hasta dos a\u00f1os despu\u00e9s.<\/p>\n\n\n\n<p>En cuanto a los s\u00edntomas psicol\u00f3gicos, tambi\u00e9n se reportaron altos niveles de depresi\u00f3n, ansiedad y trastorno de estr\u00e9s postraum\u00e1tico a largo plazo en pacientes previamente infectados con otros coronavirus.<\/p>\n\n\n\n<p>En el caso de los supervivientes de MERS \u2013otro tipo de covid conocido antes del 2019\u2013 tambi\u00e9n se atendi\u00f3 al 33% de las personas con fibrosis pulmonar, as\u00ed como con trastornos de estr\u00e9s y ansiedad postraum\u00e1ticos a largo plazo.<\/p>\n\n\n\n<p>Los efectos del Covid-19 a largo plazo m\u00e1s com\u00fanmente identificados fueron fatiga, dolor de cabeza, trastorno por d\u00e9ficit de atenci\u00f3n, ca\u00edda del cabello, disnea (dificultad para respirar) o anosmia (p\u00e9rdida del olfato); en ese orden.<\/p>\n\n\n\n<p>Otros s\u00edntomas persistentes fueron pulmonares (tos, opresi\u00f3n tor\u00e1cica, disminuci\u00f3n de la capacidad de difusi\u00f3n pulmonar, apnea del sue\u00f1o, fibrosis pulmonar), cardiovascular (arritmias, miocarditis), neurol\u00f3gica o psiqui\u00e1trica (p\u00e9rdida de memoria, depresi\u00f3n, ansiedad, trastornos del sue\u00f1o).<\/p>\n\n\n\n<p>Durante el seguimiento, el 34% de los pacientes tuvo una radiograf\u00eda de t\u00f3rax anormal. Tambi\u00e9n se observaron marcadores sangu\u00edneos elevados que se podr\u00edan utilizar como pron\u00f3stico de la enfermedad.<\/p>\n\n\n\n<p>La ca\u00edda del cabello se encuentra en el 25% de los casos y se tratar\u00eda de una p\u00e9rdida difusa, despu\u00e9s de un factor estresante importante o una infecci\u00f3n sist\u00e9mica por coronavirus. Es causada por transiciones foliculares prematuras de la fase de crecimiento activo a la fase de reposo, dura aproximadamente 3 meses, pero puede causar angustia emocional y desencadenar enfermedades neurol\u00f3gicas.<\/p>\n\n\n\n<p>La p\u00e9rdida del gusto u olfato es transitoria durante la fase aguda del covid, pero puede ser persistente en aproximadamente un 20% de los casos y durar hasta al menos 4 meses.<\/p>\n\n\n\n<p>Seg\u00fan los expertos, se pueden tratar las disfunciones olfativas causadas por el coronavirus a trav\u00e9s de gotas de vitamina A, esteroides, pero principalmente con un entrenamiento olfativo, que regenera las neuronas olfativas da\u00f1adas por el virus y las ayuda a recuperarse antes.<\/p>\n\n\n\n<p>Por otro lado, el estudio publicado en el sitio Medrxiv especializado en ciencias de la salud, indica que la neuroinvasi\u00f3n del SARS-CoV-2 puede afectar al cerebro y dejar secuelas a nivel neurol\u00f3gico.<\/p>\n\n\n\n<p>Las personas que padecen problemas neuropsiqui\u00e1tricos tiene un alto riesgo de mortalidad por el covid, pero tambi\u00e9n existen factores que pueden ser la respuesta a problemas neuropsiqui\u00e1tricos posteriores<\/p>\n\n\n\n<p>Por Redacci\u00f3n GLP<\/p>\n","protected":false},"excerpt":{"rendered":"<p>La investigaci\u00f3n publicada en Medrxiv, concluy\u00f3 en que ocho de cada 10 pacientes con coronavirus presentaban al menos un s\u00edntoma &#8230; <a title=\"Encuentran m\u00e1s de 50 efectos secundarios en ex pacientes graves de Covid\" class=\"read-more\" href=\"https:\/\/www.hoymercedes.com.ar\/principal\/2021\/02\/24\/encuentran-mas-de-50-efectos-secundarios-en-ex-pacientes-graves-de-covid\/\" aria-label=\"Leer m\u00e1s sobre Encuentran m\u00e1s de 50 efectos secundarios en ex pacientes graves de Covid\">Leer m\u00e1s<\/a><\/p>\n","protected":false},"author":1,"featured_media":111450,"comment_status":"closed","ping_status":"open","sticky":false,"template":"","format":"standard","meta":{"_monsterinsights_skip_tracking":false,"_monsterinsights_sitenote_active":false,"_monsterinsights_sitenote_note":"","_monsterinsights_sitenote_category":0,"jetpack_post_was_ever_published":false,"_jetpack_newsletter_access":"","_jetpack_dont_email_post_to_subs":false,"_jetpack_newsletter_tier_id":0,"_jetpack_memberships_contains_paywalled_content":false,"_jetpack_memberships_contains_paid_content":false,"footnotes":"","jetpack_publicize_message":"","jetpack_publicize_feature_enabled":true,"jetpack_social_post_already_shared":true,"jetpack_social_options":{"image_generator_settings":{"template":"highway","default_image_id":0,"font":"","enabled":false},"version":2},"_wpas_customize_per_network":false},"categories":[9791],"tags":[],"class_list":["post-125327","post","type-post","status-publish","format-standard","has-post-thumbnail","hentry","category-salud","generate-columns","tablet-grid-50","mobile-grid-100","grid-parent","grid-50"],"jetpack_publicize_connections":[],"jetpack_featured_media_url":"https:\/\/www.hoymercedes.com.ar\/principal\/wp-content\/uploads\/2020\/05\/31-Coronavirus-Estudios-696x429-1.jpg","wps_subtitle":"","jetpack_sharing_enabled":true,"_links":{"self":[{"href":"https:\/\/www.hoymercedes.com.ar\/principal\/wp-json\/wp\/v2\/posts\/125327","targetHints":{"allow":["GET"]}}],"collection":[{"href":"https:\/\/www.hoymercedes.com.ar\/principal\/wp-json\/wp\/v2\/posts"}],"about":[{"href":"https:\/\/www.hoymercedes.com.ar\/principal\/wp-json\/wp\/v2\/types\/post"}],"author":[{"embeddable":true,"href":"https:\/\/www.hoymercedes.com.ar\/principal\/wp-json\/wp\/v2\/users\/1"}],"replies":[{"embeddable":true,"href":"https:\/\/www.hoymercedes.com.ar\/principal\/wp-json\/wp\/v2\/comments?post=125327"}],"version-history":[{"count":0,"href":"https:\/\/www.hoymercedes.com.ar\/principal\/wp-json\/wp\/v2\/posts\/125327\/revisions"}],"wp:featuredmedia":[{"embeddable":true,"href":"https:\/\/www.hoymercedes.com.ar\/principal\/wp-json\/wp\/v2\/media\/111450"}],"wp:attachment":[{"href":"https:\/\/www.hoymercedes.com.ar\/principal\/wp-json\/wp\/v2\/media?parent=125327"}],"wp:term":[{"taxonomy":"category","embeddable":true,"href":"https:\/\/www.hoymercedes.com.ar\/principal\/wp-json\/wp\/v2\/categories?post=125327"},{"taxonomy":"post_tag","embeddable":true,"href":"https:\/\/www.hoymercedes.com.ar\/principal\/wp-json\/wp\/v2\/tags?post=125327"}],"curies":[{"name":"wp","href":"https:\/\/api.w.org\/{rel}","templated":true}]}}