{"id":125334,"date":"2021-02-24T19:33:04","date_gmt":"2021-02-24T22:33:04","guid":{"rendered":"http:\/\/www.hoymercedes.com.ar\/principal\/?p=125334"},"modified":"2021-02-24T19:33:11","modified_gmt":"2021-02-24T22:33:11","slug":"continua-la-vacunacion-contra-covid-19-que-en-marzo-se-mudaria-al-mamm","status":"publish","type":"post","link":"https:\/\/www.hoymercedes.com.ar\/principal\/2021\/02\/24\/continua-la-vacunacion-contra-covid-19-que-en-marzo-se-mudaria-al-mamm\/","title":{"rendered":"Contin\u00faa la vacunaci\u00f3n contra covid-19 que en marzo se mudar\u00eda al MAMM"},"content":{"rendered":"\n<p>En la jornada de este mi\u00e9rcoles, el dispositivo de vacunaci\u00f3n se traslad\u00f3 al Hogar Villa Abrile para inocular a los adultos mayores que all\u00ed viven (FOTO). Una proceso de vacunaci\u00f3n que lo hicieron junto a los responsables de PAMI, mientras tanto, comienzan los preparativos para trasladar el Centro de Vacunaci\u00f3n que a\u00fan est\u00e1 en el Colegio Nacional, hacia el Museo de Arte \u00abMunicipalidad de Mercedes\u00bb (MAMM). <\/p>\n\n\n\n<div class=\"wp-block-image\"><figure class=\"aligncenter size-large\"><img loading=\"lazy\" decoding=\"async\" width=\"800\" height=\"450\" data-attachment-id=\"125335\" data-permalink=\"https:\/\/www.hoymercedes.com.ar\/principal\/2021\/02\/24\/continua-la-vacunacion-contra-covid-19-que-en-marzo-se-mudaria-al-mamm\/dsc04044\/#main\" data-orig-file=\"https:\/\/www.hoymercedes.com.ar\/principal\/wp-content\/uploads\/2021\/02\/DSC04044.jpg\" data-orig-size=\"800,450\" data-comments-opened=\"0\" data-image-meta=\"{&quot;aperture&quot;:&quot;0&quot;,&quot;credit&quot;:&quot;&quot;,&quot;camera&quot;:&quot;&quot;,&quot;caption&quot;:&quot;&quot;,&quot;created_timestamp&quot;:&quot;0&quot;,&quot;copyright&quot;:&quot;&quot;,&quot;focal_length&quot;:&quot;0&quot;,&quot;iso&quot;:&quot;0&quot;,&quot;shutter_speed&quot;:&quot;0&quot;,&quot;title&quot;:&quot;&quot;,&quot;orientation&quot;:&quot;0&quot;}\" data-image-title=\"DSC04044\" data-image-description=\"\" data-image-caption=\"\" data-large-file=\"https:\/\/www.hoymercedes.com.ar\/principal\/wp-content\/uploads\/2021\/02\/DSC04044.jpg\" src=\"https:\/\/www.hoymercedes.com.ar\/principal\/wp-content\/uploads\/2021\/02\/DSC04044.jpg\" alt=\"\" class=\"wp-image-125335\" srcset=\"https:\/\/www.hoymercedes.com.ar\/principal\/wp-content\/uploads\/2021\/02\/DSC04044.jpg 800w, https:\/\/www.hoymercedes.com.ar\/principal\/wp-content\/uploads\/2021\/02\/DSC04044-630x354.jpg 630w, https:\/\/www.hoymercedes.com.ar\/principal\/wp-content\/uploads\/2021\/02\/DSC04044-150x84.jpg 150w\" sizes=\"auto, (max-width: 800px) 100vw, 800px\" \/><\/figure><\/div>\n\n\n\n<p>\u201cEn el marco de la planificaci\u00f3n estrat\u00e9gica de la vacunaci\u00f3n, ya se est\u00e1n vacunando los adultos mayores\u201d destac\u00f3 el intendente Ustarroz de acuerdo a la informaci\u00f3n enviada por el Municipio de Mercedes y se\u00f1al\u00f3 que la reuni\u00f3n con los concejales \u201cclarific\u00f3 lo que se hace y c\u00f3mo se hace\u00bb. <\/p>\n\n\n\n<p>\u201cHoy estamos con la poblaci\u00f3n objeto, los mayores de 70 a\u00f1os\u201d agreg\u00f3 junto al m\u00e9dico N\u00e9stor Pisapia, oara recordar que d\u00edas atr\u00e1s se vacunaron a las residentes del Hogar Divina Providencia, lo mismo que a los adultos mayores que por discapacidad se encuentran con internaci\u00f3n domiciliaria de acuerdo a las solicitudes llegadas a PAMI. \u00a0<\/p>\n\n\n\n<p>Por otro lado, el Jefe Comunal y su Secretario de Salud destacaron que en la ciudad hay m\u00e1s de 14 mil inscriptos y vacunaron m\u00e1s de dos mil personas.<\/p>\n\n\n\n<p>Mientras tanto, se supo desde la presidencia del Consejo Escolar que el convenio de pr\u00e9stamo del edificio del Colegio Nacional termina el venidero fin de semana ya que el 8 de marzo la instituci\u00f3n educativa comenzar\u00e1 con el ciclo lectivo y en la semana previa estar\u00e1 reorganizando los salones y tareas administrativa. <\/p>\n\n\n\n<p>Es por eso, que el \u00e1rea de Salud debi\u00f3 buscar un lugar nuevo para instalara el Centro Vacunatorio. El presidente del Consejo Escolar Jos\u00e9 Pisano, en entrevistas radiales, trascendi\u00f3 que el espacio elegido es el Museo de Arte (MAMM) en calle 23 entre 18 y 16. Este edificio, con sus salones amplios y patio y un circuito acordado para lo que originalmente ser\u00edan las exposiciones, permitir\u00eda un lugar propicio para la recepci\u00f3n de los vecinos que sean citados para vacunarse. <\/p>\n\n\n\n<p>La idea del MAMM como nuevo Centro Vacunatorio lo confirmaron los ediles tras las reuni\u00f3n con el Jefe Comunal al contar que se les hab\u00eda comentado la decisi\u00f3n al verse obligados a la mudanza. <\/p>\n\n\n\n<p>Asimismo, desde el Municipio informaron que recibieron m\u00e1s dosis, ya no de la Sputnik V, sino de la Covishield de origen indio. <\/p>\n","protected":false},"excerpt":{"rendered":"<p>En la jornada de este mi\u00e9rcoles, el dispositivo de vacunaci\u00f3n se traslad\u00f3 al Hogar Villa Abrile para inocular a los &#8230; <a title=\"Contin\u00faa la vacunaci\u00f3n contra covid-19 que en marzo se mudar\u00eda al MAMM\" class=\"read-more\" href=\"https:\/\/www.hoymercedes.com.ar\/principal\/2021\/02\/24\/continua-la-vacunacion-contra-covid-19-que-en-marzo-se-mudaria-al-mamm\/\" aria-label=\"Leer m\u00e1s sobre Contin\u00faa la vacunaci\u00f3n contra covid-19 que en marzo se mudar\u00eda al MAMM\">Leer m\u00e1s<\/a><\/p>\n","protected":false},"author":1,"featured_media":125335,"comment_status":"closed","ping_status":"open","sticky":false,"template":"","format":"standard","meta":{"_monsterinsights_skip_tracking":false,"_monsterinsights_sitenote_active":false,"_monsterinsights_sitenote_note":"","_monsterinsights_sitenote_category":0,"jetpack_post_was_ever_published":false,"_jetpack_newsletter_access":"","_jetpack_dont_email_post_to_subs":false,"_jetpack_newsletter_tier_id":0,"_jetpack_memberships_contains_paywalled_content":false,"_jetpack_memberships_contains_paid_content":false,"footnotes":"","jetpack_publicize_message":"","jetpack_publicize_feature_enabled":true,"jetpack_social_post_already_shared":true,"jetpack_social_options":{"image_generator_settings":{"template":"highway","default_image_id":0,"font":"","enabled":false},"version":2},"_wpas_customize_per_network":false},"categories":[9791],"tags":[],"class_list":["post-125334","post","type-post","status-publish","format-standard","has-post-thumbnail","hentry","category-salud","generate-columns","tablet-grid-50","mobile-grid-100","grid-parent","grid-50"],"jetpack_publicize_connections":[],"jetpack_featured_media_url":"https:\/\/www.hoymercedes.com.ar\/principal\/wp-content\/uploads\/2021\/02\/DSC04044.jpg","wps_subtitle":"","jetpack_sharing_enabled":true,"_links":{"self":[{"href":"https:\/\/www.hoymercedes.com.ar\/principal\/wp-json\/wp\/v2\/posts\/125334","targetHints":{"allow":["GET"]}}],"collection":[{"href":"https:\/\/www.hoymercedes.com.ar\/principal\/wp-json\/wp\/v2\/posts"}],"about":[{"href":"https:\/\/www.hoymercedes.com.ar\/principal\/wp-json\/wp\/v2\/types\/post"}],"author":[{"embeddable":true,"href":"https:\/\/www.hoymercedes.com.ar\/principal\/wp-json\/wp\/v2\/users\/1"}],"replies":[{"embeddable":true,"href":"https:\/\/www.hoymercedes.com.ar\/principal\/wp-json\/wp\/v2\/comments?post=125334"}],"version-history":[{"count":0,"href":"https:\/\/www.hoymercedes.com.ar\/principal\/wp-json\/wp\/v2\/posts\/125334\/revisions"}],"wp:featuredmedia":[{"embeddable":true,"href":"https:\/\/www.hoymercedes.com.ar\/principal\/wp-json\/wp\/v2\/media\/125335"}],"wp:attachment":[{"href":"https:\/\/www.hoymercedes.com.ar\/principal\/wp-json\/wp\/v2\/media?parent=125334"}],"wp:term":[{"taxonomy":"category","embeddable":true,"href":"https:\/\/www.hoymercedes.com.ar\/principal\/wp-json\/wp\/v2\/categories?post=125334"},{"taxonomy":"post_tag","embeddable":true,"href":"https:\/\/www.hoymercedes.com.ar\/principal\/wp-json\/wp\/v2\/tags?post=125334"}],"curies":[{"name":"wp","href":"https:\/\/api.w.org\/{rel}","templated":true}]}}