{"id":125399,"date":"2021-02-26T07:32:00","date_gmt":"2021-02-26T10:32:00","guid":{"rendered":"http:\/\/www.hoymercedes.com.ar\/principal\/?p=125399"},"modified":"2021-02-25T23:02:28","modified_gmt":"2021-02-26T02:02:28","slug":"la-provincia-aprobo-la-vuelta-de-los-cines","status":"publish","type":"post","link":"https:\/\/www.hoymercedes.com.ar\/principal\/2021\/02\/26\/la-provincia-aprobo-la-vuelta-de-los-cines\/","title":{"rendered":"Provincia aprob\u00f3 la vuelta de los cines"},"content":{"rendered":"\n<p><em>Las salas podr\u00e1n abrir a partir de marzo con un aforo del 30%. Se esperan m\u00e1s detalles de la implementaci\u00f3n y protocolos en la publicaci\u00f3n en el Bolet\u00edn Oficial Bonaerense. En el \u00e1mbito local, se espera la decisi\u00f3n del Comit\u00e9 de Crisis.  <\/em><\/p>\n\n\n\n<div class=\"wp-block-image\"><figure class=\"aligncenter size-large\"><img loading=\"lazy\" decoding=\"async\" width=\"626\" height=\"469\" data-attachment-id=\"125400\" data-permalink=\"https:\/\/www.hoymercedes.com.ar\/principal\/2021\/02\/26\/la-provincia-aprobo-la-vuelta-de-los-cines\/sala-cine-pantalla-blanco-blanco-asientos_88188-74\/#main\" data-orig-file=\"https:\/\/www.hoymercedes.com.ar\/principal\/wp-content\/uploads\/2021\/02\/sala-cine-pantalla-blanco-blanco-asientos_88188-74.jpg\" data-orig-size=\"626,469\" data-comments-opened=\"0\" data-image-meta=\"{&quot;aperture&quot;:&quot;0&quot;,&quot;credit&quot;:&quot;&quot;,&quot;camera&quot;:&quot;&quot;,&quot;caption&quot;:&quot;&quot;,&quot;created_timestamp&quot;:&quot;0&quot;,&quot;copyright&quot;:&quot;&quot;,&quot;focal_length&quot;:&quot;0&quot;,&quot;iso&quot;:&quot;0&quot;,&quot;shutter_speed&quot;:&quot;0&quot;,&quot;title&quot;:&quot;&quot;,&quot;orientation&quot;:&quot;0&quot;}\" data-image-title=\"sala-cine-pantalla-blanco-blanco-asientos_88188-74\" data-image-description=\"\" data-image-caption=\"\" data-large-file=\"https:\/\/www.hoymercedes.com.ar\/principal\/wp-content\/uploads\/2021\/02\/sala-cine-pantalla-blanco-blanco-asientos_88188-74.jpg\" src=\"https:\/\/www.hoymercedes.com.ar\/principal\/wp-content\/uploads\/2021\/02\/sala-cine-pantalla-blanco-blanco-asientos_88188-74.jpg\" alt=\"\" class=\"wp-image-125400\" srcset=\"https:\/\/www.hoymercedes.com.ar\/principal\/wp-content\/uploads\/2021\/02\/sala-cine-pantalla-blanco-blanco-asientos_88188-74.jpg 626w, https:\/\/www.hoymercedes.com.ar\/principal\/wp-content\/uploads\/2021\/02\/sala-cine-pantalla-blanco-blanco-asientos_88188-74-150x112.jpg 150w\" sizes=\"auto, (max-width: 626px) 100vw, 626px\" \/><\/figure><\/div>\n\n\n\n<p>El Ministerio de Producci\u00f3n, Ciencia e Innovaci\u00f3n Tecnol\u00f3gica habilit\u00f3 este jueves la apertura de las salas y complejos cinematogr\u00e1ficos en la Provincia, desde marzo. A partir de la resoluci\u00f3n publicada en el Bolet\u00edn Oficial de Naci\u00f3n, el gobierno provincial habilitar\u00e1 la apertura con un 30%.<\/p>\n\n\n\n<p>Asimismo, seg\u00fan el protocolo, el uso de barbijo ser\u00e1 obligatorio pudiendo quit\u00e1rselo s\u00f3lo para ingerir alimentos o bebidas, y deber\u00e1 volver a colocarlo despu\u00e9s. Por otra parte, las salas ser\u00e1n higienizadas y sanitizadas adecuadamente antes y despu\u00e9s de cada funci\u00f3n.<\/p>\n\n\n\n<p>Tambi\u00e9n se regir\u00e1 por \u201cburbujas sociales de recreaci\u00f3n\u201d que no podr\u00e1n ser superiores a seis personas y estar\u00e1n conformadas por butacas contiguas. La distancia entre butacas ocupadas deber\u00e1 ser de 1,5 metros a 2 metros, como m\u00ednimo, es decir, dos butacas de distancia por burbuja.<\/p>\n\n\n\n<p>Se ampliar\u00e1 la informaci\u00f3n con la publicaci\u00f3n de la resoluci\u00f3n correspondiente en el Bolet\u00edn Oficial de la Provincia de Buenos Aires.<\/p>\n\n\n\n<p>Fuente: Provincia de Buenos Aires<\/p>\n\n\n\n<p><em> <\/em><\/p>\n","protected":false},"excerpt":{"rendered":"<p>Las salas podr\u00e1n abrir a partir de marzo con un aforo del 30%. Se esperan m\u00e1s detalles de la implementaci\u00f3n &#8230; <a title=\"Provincia aprob\u00f3 la vuelta de los cines\" class=\"read-more\" href=\"https:\/\/www.hoymercedes.com.ar\/principal\/2021\/02\/26\/la-provincia-aprobo-la-vuelta-de-los-cines\/\" aria-label=\"Leer m\u00e1s sobre Provincia aprob\u00f3 la vuelta de los cines\">Leer m\u00e1s<\/a><\/p>\n","protected":false},"author":1,"featured_media":125400,"comment_status":"closed","ping_status":"open","sticky":false,"template":"","format":"standard","meta":{"_monsterinsights_skip_tracking":false,"_monsterinsights_sitenote_active":false,"_monsterinsights_sitenote_note":"","_monsterinsights_sitenote_category":0,"jetpack_post_was_ever_published":false,"_jetpack_newsletter_access":"","_jetpack_dont_email_post_to_subs":false,"_jetpack_newsletter_tier_id":0,"_jetpack_memberships_contains_paywalled_content":false,"_jetpack_memberships_contains_paid_content":false,"footnotes":"","jetpack_publicize_message":"","jetpack_publicize_feature_enabled":true,"jetpack_social_post_already_shared":true,"jetpack_social_options":{"image_generator_settings":{"template":"highway","default_image_id":0,"font":"","enabled":false},"version":2},"_wpas_customize_per_network":false},"categories":[104],"tags":[5273,16313,7805,1803],"class_list":["post-125399","post","type-post","status-publish","format-standard","has-post-thumbnail","hentry","category-cultura","tag-cine","tag-covid-19","tag-cultura","tag-provincia","generate-columns","tablet-grid-50","mobile-grid-100","grid-parent","grid-50"],"jetpack_publicize_connections":[],"jetpack_featured_media_url":"https:\/\/www.hoymercedes.com.ar\/principal\/wp-content\/uploads\/2021\/02\/sala-cine-pantalla-blanco-blanco-asientos_88188-74.jpg","wps_subtitle":"El cine local a la espera del Comit\u00e9 de Crisis","jetpack_sharing_enabled":true,"_links":{"self":[{"href":"https:\/\/www.hoymercedes.com.ar\/principal\/wp-json\/wp\/v2\/posts\/125399","targetHints":{"allow":["GET"]}}],"collection":[{"href":"https:\/\/www.hoymercedes.com.ar\/principal\/wp-json\/wp\/v2\/posts"}],"about":[{"href":"https:\/\/www.hoymercedes.com.ar\/principal\/wp-json\/wp\/v2\/types\/post"}],"author":[{"embeddable":true,"href":"https:\/\/www.hoymercedes.com.ar\/principal\/wp-json\/wp\/v2\/users\/1"}],"replies":[{"embeddable":true,"href":"https:\/\/www.hoymercedes.com.ar\/principal\/wp-json\/wp\/v2\/comments?post=125399"}],"version-history":[{"count":0,"href":"https:\/\/www.hoymercedes.com.ar\/principal\/wp-json\/wp\/v2\/posts\/125399\/revisions"}],"wp:featuredmedia":[{"embeddable":true,"href":"https:\/\/www.hoymercedes.com.ar\/principal\/wp-json\/wp\/v2\/media\/125400"}],"wp:attachment":[{"href":"https:\/\/www.hoymercedes.com.ar\/principal\/wp-json\/wp\/v2\/media?parent=125399"}],"wp:term":[{"taxonomy":"category","embeddable":true,"href":"https:\/\/www.hoymercedes.com.ar\/principal\/wp-json\/wp\/v2\/categories?post=125399"},{"taxonomy":"post_tag","embeddable":true,"href":"https:\/\/www.hoymercedes.com.ar\/principal\/wp-json\/wp\/v2\/tags?post=125399"}],"curies":[{"name":"wp","href":"https:\/\/api.w.org\/{rel}","templated":true}]}}