{"id":125407,"date":"2021-02-26T09:50:00","date_gmt":"2021-02-26T12:50:00","guid":{"rendered":"http:\/\/www.hoymercedes.com.ar\/principal\/?p=125407"},"modified":"2021-02-25T23:01:03","modified_gmt":"2021-02-26T02:01:03","slug":"limpian-el-balneario-del-parque-municipal","status":"publish","type":"post","link":"https:\/\/www.hoymercedes.com.ar\/principal\/2021\/02\/26\/limpian-el-balneario-del-parque-municipal\/","title":{"rendered":"Limpian el balneario del Parque Municipal"},"content":{"rendered":"\n<p>Desde el \u00e1rea de Medio Ambiente del municipio de Mercedes, junto con la Direcci\u00f3n de Deportes, se procedi\u00f3 a la limpieza del R\u00edo Lujan en el balneario que se emplaza en el predio del Parque Municipal. \u00a0<\/p>\n\n\n\n<div class=\"wp-block-image\"><figure class=\"aligncenter size-large\"><img loading=\"lazy\" decoding=\"async\" width=\"800\" height=\"533\" data-attachment-id=\"125409\" data-permalink=\"https:\/\/www.hoymercedes.com.ar\/principal\/2021\/02\/26\/limpian-el-balneario-del-parque-municipal\/25-limpieza-rio-1\/#main\" data-orig-file=\"https:\/\/www.hoymercedes.com.ar\/principal\/wp-content\/uploads\/2021\/02\/25-limpieza-rio-1.jpg\" data-orig-size=\"800,533\" data-comments-opened=\"0\" data-image-meta=\"{&quot;aperture&quot;:&quot;0&quot;,&quot;credit&quot;:&quot;&quot;,&quot;camera&quot;:&quot;&quot;,&quot;caption&quot;:&quot;&quot;,&quot;created_timestamp&quot;:&quot;1614290188&quot;,&quot;copyright&quot;:&quot;&quot;,&quot;focal_length&quot;:&quot;0&quot;,&quot;iso&quot;:&quot;0&quot;,&quot;shutter_speed&quot;:&quot;0&quot;,&quot;title&quot;:&quot;&quot;,&quot;orientation&quot;:&quot;1&quot;}\" data-image-title=\"25 limpieza rio 1\" data-image-description=\"\" data-image-caption=\"\" data-large-file=\"https:\/\/www.hoymercedes.com.ar\/principal\/wp-content\/uploads\/2021\/02\/25-limpieza-rio-1.jpg\" src=\"https:\/\/www.hoymercedes.com.ar\/principal\/wp-content\/uploads\/2021\/02\/25-limpieza-rio-1.jpg\" alt=\"\" class=\"wp-image-125409\" srcset=\"https:\/\/www.hoymercedes.com.ar\/principal\/wp-content\/uploads\/2021\/02\/25-limpieza-rio-1.jpg 800w, https:\/\/www.hoymercedes.com.ar\/principal\/wp-content\/uploads\/2021\/02\/25-limpieza-rio-1-630x420.jpg 630w, https:\/\/www.hoymercedes.com.ar\/principal\/wp-content\/uploads\/2021\/02\/25-limpieza-rio-1-150x100.jpg 150w, https:\/\/www.hoymercedes.com.ar\/principal\/wp-content\/uploads\/2021\/02\/25-limpieza-rio-1-700x465.jpg 700w\" sizes=\"auto, (max-width: 800px) 100vw, 800px\" \/><\/figure><\/div>\n\n\n\n<p>Desde el \u00e1rea de ambiente, Juan Cruz Mend\u00eda, coment\u00f3 la tarea de limpieza que desde el \u00e1rea a cargo vienen desarrollando en diversos lugares del partido de Mercedes y que este jueves se llev\u00f3 a cabo en el balneario del Parque Municipal Independencia. \u00a0<\/p>\n\n\n\n<p>\u201cLimpiamos pero queremos generar conciencia\u201d se\u00f1al\u00f3 Mend\u00eda que luego de la tarea realizada explic\u00f3 sobre el prop\u00f3sito de esta iniciativa que tiene un doble objetivo: \u201cdejar a la ciudad m\u00e1s linda y a su vez llamar a la reflexi\u00f3n a los vecinos y que se nos sumen\u201d. \u00a0<\/p>\n\n\n\n<div class=\"wp-block-image\"><figure class=\"aligncenter size-large\"><img loading=\"lazy\" decoding=\"async\" width=\"800\" height=\"534\" data-attachment-id=\"125410\" data-permalink=\"https:\/\/www.hoymercedes.com.ar\/principal\/2021\/02\/26\/limpian-el-balneario-del-parque-municipal\/25-limpieza-rio-0\/#main\" data-orig-file=\"https:\/\/www.hoymercedes.com.ar\/principal\/wp-content\/uploads\/2021\/02\/25-limpieza-rio-0.jpg\" data-orig-size=\"800,534\" data-comments-opened=\"0\" data-image-meta=\"{&quot;aperture&quot;:&quot;0&quot;,&quot;credit&quot;:&quot;&quot;,&quot;camera&quot;:&quot;&quot;,&quot;caption&quot;:&quot;&quot;,&quot;created_timestamp&quot;:&quot;1614289842&quot;,&quot;copyright&quot;:&quot;&quot;,&quot;focal_length&quot;:&quot;0&quot;,&quot;iso&quot;:&quot;0&quot;,&quot;shutter_speed&quot;:&quot;0&quot;,&quot;title&quot;:&quot;&quot;,&quot;orientation&quot;:&quot;1&quot;}\" data-image-title=\"25 limpieza rio 0\" data-image-description=\"\" data-image-caption=\"\" data-large-file=\"https:\/\/www.hoymercedes.com.ar\/principal\/wp-content\/uploads\/2021\/02\/25-limpieza-rio-0.jpg\" src=\"https:\/\/www.hoymercedes.com.ar\/principal\/wp-content\/uploads\/2021\/02\/25-limpieza-rio-0.jpg\" alt=\"\" class=\"wp-image-125410\" srcset=\"https:\/\/www.hoymercedes.com.ar\/principal\/wp-content\/uploads\/2021\/02\/25-limpieza-rio-0.jpg 800w, https:\/\/www.hoymercedes.com.ar\/principal\/wp-content\/uploads\/2021\/02\/25-limpieza-rio-0-630x421.jpg 630w, https:\/\/www.hoymercedes.com.ar\/principal\/wp-content\/uploads\/2021\/02\/25-limpieza-rio-0-150x100.jpg 150w\" sizes=\"auto, (max-width: 800px) 100vw, 800px\" \/><\/figure><\/div>\n\n\n\n<p>Muchas personas se han ido acercando a esta iniciativa y colaboran con la limpieza. \u201cA todos nos motiva limpiar y nos molesta la basura y hay que dar el puntapi\u00e9 inicial\u201d comenta Mendia que ya vienen limpiando el arroyo Fr\u00edas, el arroyo Balta, diferentes sectores del Parque Municipal y continuar\u00e1n por algunos canales y arroyos que faltan. &nbsp;<\/p>\n\n\n\n<p>La direcci\u00f3n de Deportes tambi\u00e9n se sum\u00f3 a la jornada en el Parque Municipal conjuntamente con la direcci\u00f3n de Medio Ambiente. El director de Deporte, Silvestre, remarc\u00f3 la iniciativa a la que se suma su direcci\u00f3n y que busca la concientizaci\u00f3n de los vecinos y usuarios del parque. \u00a0<\/p>\n\n\n\n<p>Fuente: Prensa Municipal<\/p>\n\n\n\n<div class=\"wp-block-image\"><figure class=\"aligncenter size-large\"><img loading=\"lazy\" decoding=\"async\" width=\"800\" height=\"533\" data-attachment-id=\"125408\" data-permalink=\"https:\/\/www.hoymercedes.com.ar\/principal\/2021\/02\/26\/limpian-el-balneario-del-parque-municipal\/25-limpieza-rio-2\/#main\" data-orig-file=\"https:\/\/www.hoymercedes.com.ar\/principal\/wp-content\/uploads\/2021\/02\/25-limpieza-rio-2.jpg\" data-orig-size=\"800,533\" data-comments-opened=\"0\" data-image-meta=\"{&quot;aperture&quot;:&quot;0&quot;,&quot;credit&quot;:&quot;&quot;,&quot;camera&quot;:&quot;&quot;,&quot;caption&quot;:&quot;&quot;,&quot;created_timestamp&quot;:&quot;1614290220&quot;,&quot;copyright&quot;:&quot;&quot;,&quot;focal_length&quot;:&quot;0&quot;,&quot;iso&quot;:&quot;0&quot;,&quot;shutter_speed&quot;:&quot;0&quot;,&quot;title&quot;:&quot;&quot;,&quot;orientation&quot;:&quot;1&quot;}\" data-image-title=\"25 limpieza rio 2\" data-image-description=\"\" data-image-caption=\"\" data-large-file=\"https:\/\/www.hoymercedes.com.ar\/principal\/wp-content\/uploads\/2021\/02\/25-limpieza-rio-2.jpg\" src=\"https:\/\/www.hoymercedes.com.ar\/principal\/wp-content\/uploads\/2021\/02\/25-limpieza-rio-2.jpg\" alt=\"\" class=\"wp-image-125408\" srcset=\"https:\/\/www.hoymercedes.com.ar\/principal\/wp-content\/uploads\/2021\/02\/25-limpieza-rio-2.jpg 800w, https:\/\/www.hoymercedes.com.ar\/principal\/wp-content\/uploads\/2021\/02\/25-limpieza-rio-2-630x420.jpg 630w, https:\/\/www.hoymercedes.com.ar\/principal\/wp-content\/uploads\/2021\/02\/25-limpieza-rio-2-150x100.jpg 150w, https:\/\/www.hoymercedes.com.ar\/principal\/wp-content\/uploads\/2021\/02\/25-limpieza-rio-2-700x465.jpg 700w\" sizes=\"auto, (max-width: 800px) 100vw, 800px\" \/><\/figure><\/div>\n","protected":false},"excerpt":{"rendered":"<p>Desde el \u00e1rea de Medio Ambiente del municipio de Mercedes, junto con la Direcci\u00f3n de Deportes, se procedi\u00f3 a la &#8230; <a title=\"Limpian el balneario del Parque Municipal\" class=\"read-more\" href=\"https:\/\/www.hoymercedes.com.ar\/principal\/2021\/02\/26\/limpian-el-balneario-del-parque-municipal\/\" aria-label=\"Leer m\u00e1s sobre Limpian el balneario del Parque Municipal\">Leer m\u00e1s<\/a><\/p>\n","protected":false},"author":1,"featured_media":125408,"comment_status":"closed","ping_status":"open","sticky":false,"template":"","format":"standard","meta":{"_monsterinsights_skip_tracking":false,"_monsterinsights_sitenote_active":false,"_monsterinsights_sitenote_note":"","_monsterinsights_sitenote_category":0,"jetpack_post_was_ever_published":false,"_jetpack_newsletter_access":"","_jetpack_dont_email_post_to_subs":false,"_jetpack_newsletter_tier_id":0,"_jetpack_memberships_contains_paywalled_content":false,"_jetpack_memberships_contains_paid_content":false,"footnotes":"","jetpack_publicize_message":"","jetpack_publicize_feature_enabled":true,"jetpack_social_post_already_shared":true,"jetpack_social_options":{"image_generator_settings":{"template":"highway","default_image_id":0,"font":"","enabled":false},"version":2},"_wpas_customize_per_network":false},"categories":[30],"tags":[9001,6798,244,1551],"class_list":["post-125407","post","type-post","status-publish","format-standard","has-post-thumbnail","hentry","category-municipio","tag-ambiente","tag-limpieza","tag-municipio-2","tag-parque-municipal","generate-columns","tablet-grid-50","mobile-grid-100","grid-parent","grid-50"],"jetpack_publicize_connections":[],"jetpack_featured_media_url":"https:\/\/www.hoymercedes.com.ar\/principal\/wp-content\/uploads\/2021\/02\/25-limpieza-rio-2.jpg","wps_subtitle":"Desde el \u00e1rea de ambiente","jetpack_sharing_enabled":true,"_links":{"self":[{"href":"https:\/\/www.hoymercedes.com.ar\/principal\/wp-json\/wp\/v2\/posts\/125407","targetHints":{"allow":["GET"]}}],"collection":[{"href":"https:\/\/www.hoymercedes.com.ar\/principal\/wp-json\/wp\/v2\/posts"}],"about":[{"href":"https:\/\/www.hoymercedes.com.ar\/principal\/wp-json\/wp\/v2\/types\/post"}],"author":[{"embeddable":true,"href":"https:\/\/www.hoymercedes.com.ar\/principal\/wp-json\/wp\/v2\/users\/1"}],"replies":[{"embeddable":true,"href":"https:\/\/www.hoymercedes.com.ar\/principal\/wp-json\/wp\/v2\/comments?post=125407"}],"version-history":[{"count":0,"href":"https:\/\/www.hoymercedes.com.ar\/principal\/wp-json\/wp\/v2\/posts\/125407\/revisions"}],"wp:featuredmedia":[{"embeddable":true,"href":"https:\/\/www.hoymercedes.com.ar\/principal\/wp-json\/wp\/v2\/media\/125408"}],"wp:attachment":[{"href":"https:\/\/www.hoymercedes.com.ar\/principal\/wp-json\/wp\/v2\/media?parent=125407"}],"wp:term":[{"taxonomy":"category","embeddable":true,"href":"https:\/\/www.hoymercedes.com.ar\/principal\/wp-json\/wp\/v2\/categories?post=125407"},{"taxonomy":"post_tag","embeddable":true,"href":"https:\/\/www.hoymercedes.com.ar\/principal\/wp-json\/wp\/v2\/tags?post=125407"}],"curies":[{"name":"wp","href":"https:\/\/api.w.org\/{rel}","templated":true}]}}