{"id":125418,"date":"2021-02-26T11:52:00","date_gmt":"2021-02-26T14:52:00","guid":{"rendered":"http:\/\/www.hoymercedes.com.ar\/principal\/?p=125418"},"modified":"2021-02-25T23:00:31","modified_gmt":"2021-02-26T02:00:31","slug":"el-parque-loguistico-de-mercedes-incorpora-un-scanner-para-camiones","status":"publish","type":"post","link":"https:\/\/www.hoymercedes.com.ar\/principal\/2021\/02\/26\/el-parque-loguistico-de-mercedes-incorpora-un-scanner-para-camiones\/","title":{"rendered":"El Parque Logu\u00edstico de Mercedes incorpora un scanner para camiones"},"content":{"rendered":"\n<p>Fuente: Prensa Municipal &#8211; El intendente Ustarroz acompa\u00f1\u00f3 en la ma\u00f1ana de este jueves 25\u00a0de febrero al presidente del Grupo Detall, Aldo Franco, que forma parte del Parque Log\u00edstico de Mercedes, y que mostr\u00f3 el emplazamiento de este scanner.\u00a0 \u00a0<\/p>\n\n\n\n<div class=\"wp-block-image\"><figure class=\"aligncenter size-large\"><img loading=\"lazy\" decoding=\"async\" width=\"800\" height=\"449\" data-attachment-id=\"125419\" data-permalink=\"https:\/\/www.hoymercedes.com.ar\/principal\/2021\/02\/26\/el-parque-loguistico-de-mercedes-incorpora-un-scanner-para-camiones\/1-2-2\/#main\" data-orig-file=\"https:\/\/www.hoymercedes.com.ar\/principal\/wp-content\/uploads\/2021\/02\/1-2.jpeg\" data-orig-size=\"800,449\" data-comments-opened=\"0\" data-image-meta=\"{&quot;aperture&quot;:&quot;0&quot;,&quot;credit&quot;:&quot;&quot;,&quot;camera&quot;:&quot;&quot;,&quot;caption&quot;:&quot;&quot;,&quot;created_timestamp&quot;:&quot;0&quot;,&quot;copyright&quot;:&quot;&quot;,&quot;focal_length&quot;:&quot;0&quot;,&quot;iso&quot;:&quot;0&quot;,&quot;shutter_speed&quot;:&quot;0&quot;,&quot;title&quot;:&quot;&quot;,&quot;orientation&quot;:&quot;0&quot;}\" data-image-title=\"1 (2)\" data-image-description=\"\" data-image-caption=\"\" data-large-file=\"https:\/\/www.hoymercedes.com.ar\/principal\/wp-content\/uploads\/2021\/02\/1-2.jpeg\" src=\"https:\/\/www.hoymercedes.com.ar\/principal\/wp-content\/uploads\/2021\/02\/1-2.jpeg\" alt=\"\" class=\"wp-image-125419\" srcset=\"https:\/\/www.hoymercedes.com.ar\/principal\/wp-content\/uploads\/2021\/02\/1-2.jpeg 800w, https:\/\/www.hoymercedes.com.ar\/principal\/wp-content\/uploads\/2021\/02\/1-2-630x354.jpeg 630w, https:\/\/www.hoymercedes.com.ar\/principal\/wp-content\/uploads\/2021\/02\/1-2-150x84.jpeg 150w\" sizes=\"auto, (max-width: 800px) 100vw, 800px\" \/><\/figure><\/div>\n\n\n\n<p>\u201cEs un scanner de \u00faltima generaci\u00f3n que permite detectar todo tipo de problemas que tenga la carga\u201d explica Aldo Franco, y destaca que \u201cesto a Mercedes le va a traer mucho m\u00e1s flujo de camiones para que pasen por el Parque Log\u00edstico, mucho m\u00e1s r\u00e1pido\u201d. &nbsp;<\/p>\n\n\n\n<p>\u201cM\u00e1s mano de obra, m\u00e1s circulaci\u00f3n a Mercedes\u201d se\u00f1ala el Presidente del grupo de Log\u00edstica sobre el potencial de esta incorporaci\u00f3n y que pone a Mercedes cada vez m\u00e1s en un lugar destacado en la regi\u00f3n. &nbsp;<\/p>\n\n\n\n<p>El intendente acompa\u00f1\u00f3 esta incorporaci\u00f3n y dijo: \u201ccreemos mucho en la sinergia entre lo p\u00fablico y lo privado\u201d y aplaudi\u00f3 el crecimiento de la empresa en este contexto de pandemia. &nbsp;<\/p>\n\n\n\n<p>\u201cDebemos comprometernos con el desarrollo de la ciudad\u201d se\u00f1al\u00f3 el jefe comunal que ponder\u00f3 el avance que representa esta incorporaci\u00f3n: \u201ccada vez que el sector privado puede tomar m\u00e1s gente, realmente es algo muy significativo\u201d lo que ampl\u00eda el perfil de ciudad que es fuerte en lo administrativo. &nbsp;<\/p>\n","protected":false},"excerpt":{"rendered":"<p>Fuente: Prensa Municipal &#8211; El intendente Ustarroz acompa\u00f1\u00f3 en la ma\u00f1ana de este jueves 25\u00a0de febrero al presidente del Grupo &#8230; <a title=\"El Parque Logu\u00edstico de Mercedes incorpora un scanner para camiones\" class=\"read-more\" href=\"https:\/\/www.hoymercedes.com.ar\/principal\/2021\/02\/26\/el-parque-loguistico-de-mercedes-incorpora-un-scanner-para-camiones\/\" aria-label=\"Leer m\u00e1s sobre El Parque Logu\u00edstico de Mercedes incorpora un scanner para camiones\">Leer m\u00e1s<\/a><\/p>\n","protected":false},"author":1,"featured_media":125419,"comment_status":"closed","ping_status":"open","sticky":false,"template":"","format":"standard","meta":{"_monsterinsights_skip_tracking":false,"_monsterinsights_sitenote_active":false,"_monsterinsights_sitenote_note":"","_monsterinsights_sitenote_category":0,"jetpack_post_was_ever_published":false,"_jetpack_newsletter_access":"","_jetpack_dont_email_post_to_subs":false,"_jetpack_newsletter_tier_id":0,"_jetpack_memberships_contains_paywalled_content":false,"_jetpack_memberships_contains_paid_content":false,"footnotes":"","jetpack_publicize_message":"","jetpack_publicize_feature_enabled":true,"jetpack_social_post_already_shared":true,"jetpack_social_options":{"image_generator_settings":{"template":"highway","default_image_id":0,"font":"","enabled":false},"version":2},"_wpas_customize_per_network":false},"categories":[30],"tags":[2610,244,13264,17561],"class_list":["post-125418","post","type-post","status-publish","format-standard","has-post-thumbnail","hentry","category-municipio","tag-camiones","tag-municipio-2","tag-plm","tag-sacanner","generate-columns","tablet-grid-50","mobile-grid-100","grid-parent","grid-50"],"jetpack_publicize_connections":[],"jetpack_featured_media_url":"https:\/\/www.hoymercedes.com.ar\/principal\/wp-content\/uploads\/2021\/02\/1-2.jpeg","wps_subtitle":"Para la regi\u00f3n","jetpack_sharing_enabled":true,"_links":{"self":[{"href":"https:\/\/www.hoymercedes.com.ar\/principal\/wp-json\/wp\/v2\/posts\/125418","targetHints":{"allow":["GET"]}}],"collection":[{"href":"https:\/\/www.hoymercedes.com.ar\/principal\/wp-json\/wp\/v2\/posts"}],"about":[{"href":"https:\/\/www.hoymercedes.com.ar\/principal\/wp-json\/wp\/v2\/types\/post"}],"author":[{"embeddable":true,"href":"https:\/\/www.hoymercedes.com.ar\/principal\/wp-json\/wp\/v2\/users\/1"}],"replies":[{"embeddable":true,"href":"https:\/\/www.hoymercedes.com.ar\/principal\/wp-json\/wp\/v2\/comments?post=125418"}],"version-history":[{"count":0,"href":"https:\/\/www.hoymercedes.com.ar\/principal\/wp-json\/wp\/v2\/posts\/125418\/revisions"}],"wp:featuredmedia":[{"embeddable":true,"href":"https:\/\/www.hoymercedes.com.ar\/principal\/wp-json\/wp\/v2\/media\/125419"}],"wp:attachment":[{"href":"https:\/\/www.hoymercedes.com.ar\/principal\/wp-json\/wp\/v2\/media?parent=125418"}],"wp:term":[{"taxonomy":"category","embeddable":true,"href":"https:\/\/www.hoymercedes.com.ar\/principal\/wp-json\/wp\/v2\/categories?post=125418"},{"taxonomy":"post_tag","embeddable":true,"href":"https:\/\/www.hoymercedes.com.ar\/principal\/wp-json\/wp\/v2\/tags?post=125418"}],"curies":[{"name":"wp","href":"https:\/\/api.w.org\/{rel}","templated":true}]}}