{"id":125443,"date":"2021-02-26T14:40:54","date_gmt":"2021-02-26T17:40:54","guid":{"rendered":"http:\/\/www.hoymercedes.com.ar\/principal\/?p=125443"},"modified":"2021-02-26T17:42:15","modified_gmt":"2021-02-26T20:42:15","slug":"el-cine-mercedes-se-prepara-para-reabrir-sus-puertas","status":"publish","type":"post","link":"https:\/\/www.hoymercedes.com.ar\/principal\/2021\/02\/26\/el-cine-mercedes-se-prepara-para-reabrir-sus-puertas\/","title":{"rendered":"El Cine Mercedes se prepara para reabrir sus puertas"},"content":{"rendered":"\n<p>\u201cLa idea es abrir en marzo con el 30%\u201d, expres\u00f3 Diego Rosso del Cine Mercedes que anticip\u00f3 que volver\u00e1n a abrir a partir de que se oficilicen los protocolos de la provincia de Buenos Aires para la reapertura de una de las \u00fanicas actividades que no se reactivaron desde que se dispuso la cuarentena el 20 de marzo de 2020 por la pandemia del covid-19.<\/p>\n\n\n\n<div class=\"wp-block-image\"><figure class=\"aligncenter size-large is-resized\"><img loading=\"lazy\" decoding=\"async\" data-attachment-id=\"125444\" data-permalink=\"https:\/\/www.hoymercedes.com.ar\/principal\/2021\/02\/26\/el-cine-mercedes-se-prepara-para-reabrir-sus-puertas\/cine-mercedes\/#main\" data-orig-file=\"https:\/\/www.hoymercedes.com.ar\/principal\/wp-content\/uploads\/2021\/02\/cine-mercedes-e1614361222601.jpeg\" data-orig-size=\"366,138\" data-comments-opened=\"0\" data-image-meta=\"{&quot;aperture&quot;:&quot;0&quot;,&quot;credit&quot;:&quot;&quot;,&quot;camera&quot;:&quot;&quot;,&quot;caption&quot;:&quot;&quot;,&quot;created_timestamp&quot;:&quot;0&quot;,&quot;copyright&quot;:&quot;&quot;,&quot;focal_length&quot;:&quot;0&quot;,&quot;iso&quot;:&quot;0&quot;,&quot;shutter_speed&quot;:&quot;0&quot;,&quot;title&quot;:&quot;&quot;,&quot;orientation&quot;:&quot;0&quot;}\" data-image-title=\"cine mercedes\" data-image-description=\"\" data-image-caption=\"\" data-large-file=\"https:\/\/www.hoymercedes.com.ar\/principal\/wp-content\/uploads\/2021\/02\/cine-mercedes-e1614361222601.jpeg\" src=\"https:\/\/www.hoymercedes.com.ar\/principal\/wp-content\/uploads\/2021\/02\/cine-mercedes-e1614361222601.jpeg\" alt=\"\" class=\"wp-image-125444\" width=\"601\" height=\"227\"\/><\/figure><\/div>\n\n\n\n<p>En di\u00e1logo con Hoy Mercedes, Diego Rosso, propietario del Cine Mercedes, explic\u00f3 que si fuese por ello reabrir\u00eda sus puertas la pr\u00f3xima semana, pero tienen que terminar la entrega del protocolo en el Municipio que deben revisar si est\u00e1 todo tal cual lo establecido en la resoluci\u00f3n nacional.<\/p>\n\n\n\n<p>\u201cHay que hay hacer el tr\u00e1mite de protocolo, entregar el mismo en mesa de entrada en el Municipio, tienen que venir a chequear. Una vez que abrimos, vienen a inspeccionar que est\u00e9 todo en regla de acuerdo al protocolo nacional. Las resoluciones y decretos que van saliendo las hacen naci\u00f3n y provincia. En el transcurso de marzo tendr\u00edamos que estar abierto. Fines de marzo, principio de abril\u201d, explic\u00f3 Diego.<\/p>\n\n\n\n<p>Asimismo, cont\u00f3 que para llevar adelante el a\u00f1o que dur\u00f3 el cierre, gestionaron el subsidio para el sector y turismo y cultura de la provincia de Buenos Aires que lo recibieron y les permite acondicionar la sala. \u201cEse subsidio es para solventar las modificaciones que hay que hacer para la reapertura. El Cine Mercedes, por ejemplo, tiene un equipo de ventilaci\u00f3n que desde siempre tom\u00f3 aire desde afuera e inyecta aire a la sala y extrae por otro, no es de circulaci\u00f3n interna. Pero s\u00ed, hay que hacerle un cambio de filtros\u201d, agreg\u00f3.<\/p>\n\n\n\n<p>Cabe destacar que el regreso a las salas ser\u00e1 diferente en los diversos distritos. Seg\u00fan el protocolo nacional, autorizado mediante la publicaci\u00f3n de la Resoluci\u00f3n 133 y 145\/2021 en el Bolet\u00edn Oficial, adem\u00e1s, ser\u00e1 obligatorio el uso de tapabocas, se deber\u00e1n desinfectar las salas entre funci\u00f3n y funci\u00f3n, y se deber\u00e1 escalonar el horario de manera tal que no haya permanencia del p\u00fablico en el hall de espera, y que el mismo tambi\u00e9n permita una ventilaci\u00f3n entre ambas proyecciones.<\/p>\n\n\n\n<p>En relaci\u00f3n a las personas que asistan, no se podr\u00e1 ir en grupos de m\u00e1s de seis integrantes, y entre medio de cada una de estas \u201cburbujas\u201d se deber\u00e1 dejar dos butacas de distancia; de igual manera, las butacas de adelante y atr\u00e1s de cada asiento ocupado deber\u00e1n permanecer libres.<\/p>\n\n\n\n<p>Al ingreso de los asistentes al cine, se les tomar\u00e1 la temperatura, y estar\u00e1 habilitado el consumo de bebidas o alimentos, aunque los mismos deber\u00e1n consumirse con el cuidado necesario al quitarse y colocarse nuevamente el tapabocas.<\/p>\n\n\n\n<p>Aunque todav\u00eda no se conocen las pel\u00edculas que podr\u00e1n proyectarse, los estrenos previstos para la vuelta al cine de parte de las productoras y distribuidoras son: \u00abScooby\u00bb, \u00abComo perros y gatos\u00bb, \u00abLas Brujas\u00bb, \u00abMalasa\u00f1a\u00bb, \u00abAvalancha\u00bb, \u00ab10 cosas que hacer antes de dejarte\u00bb, \u00abTrolls 2: World Tour\u00bb, \u00abTenet\u00bb; \u00abWonder Woman 1984\u00bb; y tambi\u00e9n pel\u00edculas argentinas como \u00abHoy se arregla el mundo\u00bb, y \u00abLa noche m\u00e1gica\u00bb<\/p>\n","protected":false},"excerpt":{"rendered":"<p>\u201cLa idea es abrir en marzo con el 30%\u201d, expres\u00f3 Diego Rosso del Cine Mercedes que anticip\u00f3 que volver\u00e1n a &#8230; <a title=\"El Cine Mercedes se prepara para reabrir sus puertas\" class=\"read-more\" href=\"https:\/\/www.hoymercedes.com.ar\/principal\/2021\/02\/26\/el-cine-mercedes-se-prepara-para-reabrir-sus-puertas\/\" aria-label=\"Leer m\u00e1s sobre El Cine Mercedes se prepara para reabrir sus puertas\">Leer m\u00e1s<\/a><\/p>\n","protected":false},"author":1,"featured_media":125444,"comment_status":"closed","ping_status":"open","sticky":false,"template":"","format":"standard","meta":{"_monsterinsights_skip_tracking":false,"_monsterinsights_sitenote_active":false,"_monsterinsights_sitenote_note":"","_monsterinsights_sitenote_category":0,"jetpack_post_was_ever_published":false,"_jetpack_newsletter_access":"","_jetpack_dont_email_post_to_subs":false,"_jetpack_newsletter_tier_id":0,"_jetpack_memberships_contains_paywalled_content":false,"_jetpack_memberships_contains_paid_content":false,"footnotes":"","jetpack_publicize_message":"","jetpack_publicize_feature_enabled":true,"jetpack_social_post_already_shared":true,"jetpack_social_options":{"image_generator_settings":{"template":"highway","default_image_id":0,"font":"","enabled":false},"version":2},"_wpas_customize_per_network":false},"categories":[104],"tags":[984,16175,7805,11364],"class_list":["post-125443","post","type-post","status-publish","format-standard","has-post-thumbnail","hentry","category-cultura","tag-cine-mercedes","tag-coronavirus","tag-cultura","tag-reapertura","generate-columns","tablet-grid-50","mobile-grid-100","grid-parent","grid-50"],"jetpack_publicize_connections":[],"jetpack_featured_media_url":"https:\/\/www.hoymercedes.com.ar\/principal\/wp-content\/uploads\/2021\/02\/cine-mercedes-e1614361222601.jpeg","wps_subtitle":"Un a\u00f1o de espera","jetpack_sharing_enabled":true,"_links":{"self":[{"href":"https:\/\/www.hoymercedes.com.ar\/principal\/wp-json\/wp\/v2\/posts\/125443","targetHints":{"allow":["GET"]}}],"collection":[{"href":"https:\/\/www.hoymercedes.com.ar\/principal\/wp-json\/wp\/v2\/posts"}],"about":[{"href":"https:\/\/www.hoymercedes.com.ar\/principal\/wp-json\/wp\/v2\/types\/post"}],"author":[{"embeddable":true,"href":"https:\/\/www.hoymercedes.com.ar\/principal\/wp-json\/wp\/v2\/users\/1"}],"replies":[{"embeddable":true,"href":"https:\/\/www.hoymercedes.com.ar\/principal\/wp-json\/wp\/v2\/comments?post=125443"}],"version-history":[{"count":0,"href":"https:\/\/www.hoymercedes.com.ar\/principal\/wp-json\/wp\/v2\/posts\/125443\/revisions"}],"wp:featuredmedia":[{"embeddable":true,"href":"https:\/\/www.hoymercedes.com.ar\/principal\/wp-json\/wp\/v2\/media\/125444"}],"wp:attachment":[{"href":"https:\/\/www.hoymercedes.com.ar\/principal\/wp-json\/wp\/v2\/media?parent=125443"}],"wp:term":[{"taxonomy":"category","embeddable":true,"href":"https:\/\/www.hoymercedes.com.ar\/principal\/wp-json\/wp\/v2\/categories?post=125443"},{"taxonomy":"post_tag","embeddable":true,"href":"https:\/\/www.hoymercedes.com.ar\/principal\/wp-json\/wp\/v2\/tags?post=125443"}],"curies":[{"name":"wp","href":"https:\/\/api.w.org\/{rel}","templated":true}]}}