{"id":125491,"date":"2021-02-27T07:02:00","date_gmt":"2021-02-27T10:02:00","guid":{"rendered":"http:\/\/www.hoymercedes.com.ar\/principal\/?p=125491"},"modified":"2021-02-27T11:56:20","modified_gmt":"2021-02-27T14:56:20","slug":"comision-de-seguimiento-recorrio-centro-de-vacunacion","status":"publish","type":"post","link":"https:\/\/www.hoymercedes.com.ar\/principal\/2021\/02\/27\/comision-de-seguimiento-recorrio-centro-de-vacunacion\/","title":{"rendered":"Comisi\u00f3n de Seguimiento recorri\u00f3 Centro de Vacunaci\u00f3n"},"content":{"rendered":"\n<p>Tal como se hab\u00eda anticipado, durante la jornada del viernes, el Comit\u00e9 de Seguimiento que integran funcionarios del \u00e1rea de salud y gobierno y representantes del cuerpo deliberativo, recorri\u00f3 el Centro de Vacunaci\u00f3n del Colegio de Nacional que por estos d\u00edas se trasladar\u00e1 al Museo de Arte (MAMM)<\/p>\n\n\n\n<div class=\"wp-block-image\"><figure class=\"aligncenter size-large\"><img loading=\"lazy\" decoding=\"async\" width=\"800\" height=\"533\" data-attachment-id=\"125492\" data-permalink=\"https:\/\/www.hoymercedes.com.ar\/principal\/2021\/02\/27\/comision-de-seguimiento-recorrio-centro-de-vacunacion\/27-concejale-pisapia\/#main\" data-orig-file=\"https:\/\/www.hoymercedes.com.ar\/principal\/wp-content\/uploads\/2021\/02\/27-concejale-pisapia.jpeg\" data-orig-size=\"800,533\" data-comments-opened=\"0\" data-image-meta=\"{&quot;aperture&quot;:&quot;0&quot;,&quot;credit&quot;:&quot;&quot;,&quot;camera&quot;:&quot;&quot;,&quot;caption&quot;:&quot;&quot;,&quot;created_timestamp&quot;:&quot;0&quot;,&quot;copyright&quot;:&quot;&quot;,&quot;focal_length&quot;:&quot;0&quot;,&quot;iso&quot;:&quot;0&quot;,&quot;shutter_speed&quot;:&quot;0&quot;,&quot;title&quot;:&quot;&quot;,&quot;orientation&quot;:&quot;0&quot;}\" data-image-title=\"27 concejale pisapia\" data-image-description=\"\" data-image-caption=\"\" data-large-file=\"https:\/\/www.hoymercedes.com.ar\/principal\/wp-content\/uploads\/2021\/02\/27-concejale-pisapia.jpeg\" src=\"https:\/\/www.hoymercedes.com.ar\/principal\/wp-content\/uploads\/2021\/02\/27-concejale-pisapia.jpeg\" alt=\"\" class=\"wp-image-125492\" srcset=\"https:\/\/www.hoymercedes.com.ar\/principal\/wp-content\/uploads\/2021\/02\/27-concejale-pisapia.jpeg 800w, https:\/\/www.hoymercedes.com.ar\/principal\/wp-content\/uploads\/2021\/02\/27-concejale-pisapia-630x420.jpeg 630w, https:\/\/www.hoymercedes.com.ar\/principal\/wp-content\/uploads\/2021\/02\/27-concejale-pisapia-150x100.jpeg 150w, https:\/\/www.hoymercedes.com.ar\/principal\/wp-content\/uploads\/2021\/02\/27-concejale-pisapia-700x465.jpeg 700w\" sizes=\"auto, (max-width: 800px) 100vw, 800px\" \/><\/figure><\/div>\n\n\n\n<p>La Comisi\u00f3n que integran el Secretario de Salud el pediatra N\u00e9stor Pisapia, y los concejales, uno de cada bloque, el m\u00e9dico Jos\u00e9 Mar\u00eda \u00abSes\u00f3n\u00bb Comesa\u00f1a, la abogada Sabrina Vi\u00f1ales y el Sindicalista Juan Mart\u00edn Andr\u00e9s, junto a la Secretaria del HCD Yolanda Gorosito, recorrieron el lugar asignado para la etapa de la vacunaci\u00f3n masiva iniciada el 18 de febrero (NdR: los meses anteriores, la vacunaci\u00f3n contra el covid se llev\u00f3 adelante en el Hospital Dubarry). <\/p>\n\n\n\n<p>\u201cEstoy muy conforme sobre c\u00f3mo se est\u00e1n haciendo las cosas ac\u00e1 en Mercedes, estoy muy conforme con el nombramiento del Dr. Pisapia porque lo conozco como colega hace muchos a\u00f1os y me parece una persona id\u00f3nea, con mucha capacidad y nos mostr\u00f3 todo el procedimiento y nos parece muy bueno\u201d sostuvo Ses\u00f3n Comesa\u00f1a.<\/p>\n\n\n\n<p>M\u00e1s adelante Comesa\u00f1a afirm\u00f3 \u201cinstamos a la gente a animarse, no politicemos esto, porque es realmente una pena perderse la vacunaci\u00f3n por escuchar un comentario, los resultados hasta ahora son muy positivos\u201d destac\u00f3 y dijo \u201caprovecho como m\u00e9dico para decirle a la poblaci\u00f3n que si tienen un problema deben vacunarse\u201d<\/p>\n\n\n\n<p>El edil de Juntos por el Cambio afirm\u00f3 que \u201cpor ahora funciona todo perfecto e inclusive se est\u00e1n vacunando ahora a 150 personas por d\u00eda, pero la capacidad es m\u00e1s grande y pronto se mudar\u00e1n al Museo del Arte, donde ya est\u00e1 casi la mitad de su capacidad preparada all\u00ed\u201d cont\u00f3 dado que pronto iniciar\u00edan las clases y se liberar\u00e1 el colegio y expres\u00f3 que \u201ctodo est\u00e1 marchando bien y de acuerdo a las vacunas se est\u00e1 vacunando, viendo que incluso se llama a la gente cuando no vienen o se atrasa. Se est\u00e1 haciendo lo que se tiene que hacer\u201d<\/p>\n\n\n\n<p>Por su parte, la concejala Sabrina Vi\u00f1ales afirm\u00f3 que \u201cEs una gran satisfacci\u00f3n haber visto el trabajo que se viene realizando con la mayor transparencia posible y la verdad que no me imagin\u00e9 que era as\u00ed, es la primera vez que entro y la verdad que se ve reflejado el trabajo que est\u00e1 haciendo el Dr Pisapia y todo su equipo\u201d coment\u00f3 y mencion\u00f3 que \u201cnos enteramos que somos una de las pocas ciudad en toda la regi\u00f3n no ha desperdiciado una sola dosis y eso habla de toda la transparencia y gran trabajo que se viene desarrollando, as\u00ed que estamos muy conformes con la visita\u201d<\/p>\n\n\n\n<p>El edil Andr\u00e9s manifest\u00f3 \u201cEstamos muy conformes con la recorrida. Hemos visto un gran trabajo de toda la gran cantidad de gente ac\u00e1 trabajando mancomunadamente coordinados por el Dr. N\u00e9stor Pisapia encontrando un excelente Centro de Vacunaci\u00f3n donde la gente no tiene m\u00e1s que confiar\u201d afirm\u00f3 y destac\u00f3 que \u201clos vecinos s\u00f3lo tienen que venir y vacunarse, previo turno respectivo, e instamos a que las personas conf\u00eden porque es una gran tarea la visualizada y constatada en este lugar\u201d.<\/p>\n\n\n\n<p>Tras el recorrido, los Concejales destacaron la instalaci\u00f3n en el Colegio Nacional e instaron a los vecinos a inscribirse para recibir la vacuna, pese a que ya superan los 16 mil inscriptos y los 2000 vacunados en el Distrito de Mercedes y que se dan, por d\u00eda, un promedio de 150 turnos para vacunar. <\/p>\n\n\n\n<p>Asimismo, confirmaron que la mudanza al Museo de Arte (MAMM) permitir\u00e1 una mayor capacidad de otorgar turnos. Durante el fin de semana, trasladar\u00e1n el equipamiento de recepci\u00f3n y carteler\u00eda, mientras que a \u00faltimo momento llevar\u00e1n los freezer con las d\u00f3sis de las vacunas entregadas por la Regi\u00f3n Sanitaria X. <\/p>\n","protected":false},"excerpt":{"rendered":"<p>Tal como se hab\u00eda anticipado, durante la jornada del viernes, el Comit\u00e9 de Seguimiento que integran funcionarios del \u00e1rea de &#8230; <a title=\"Comisi\u00f3n de Seguimiento recorri\u00f3 Centro de Vacunaci\u00f3n\" class=\"read-more\" href=\"https:\/\/www.hoymercedes.com.ar\/principal\/2021\/02\/27\/comision-de-seguimiento-recorrio-centro-de-vacunacion\/\" aria-label=\"Leer m\u00e1s sobre Comisi\u00f3n de Seguimiento recorri\u00f3 Centro de Vacunaci\u00f3n\">Leer m\u00e1s<\/a><\/p>\n","protected":false},"author":1,"featured_media":125492,"comment_status":"closed","ping_status":"open","sticky":false,"template":"","format":"standard","meta":{"_monsterinsights_skip_tracking":false,"_monsterinsights_sitenote_active":false,"_monsterinsights_sitenote_note":"","_monsterinsights_sitenote_category":0,"jetpack_post_was_ever_published":false,"_jetpack_newsletter_access":"","_jetpack_dont_email_post_to_subs":false,"_jetpack_newsletter_tier_id":0,"_jetpack_memberships_contains_paywalled_content":false,"_jetpack_memberships_contains_paid_content":false,"footnotes":"","jetpack_publicize_message":"","jetpack_publicize_feature_enabled":true,"jetpack_social_post_already_shared":true,"jetpack_social_options":{"image_generator_settings":{"template":"highway","default_image_id":0,"font":"","enabled":false},"version":2},"_wpas_customize_per_network":false},"categories":[9791],"tags":[],"class_list":["post-125491","post","type-post","status-publish","format-standard","has-post-thumbnail","hentry","category-salud","generate-columns","tablet-grid-50","mobile-grid-100","grid-parent","grid-50"],"jetpack_publicize_connections":[],"jetpack_featured_media_url":"https:\/\/www.hoymercedes.com.ar\/principal\/wp-content\/uploads\/2021\/02\/27-concejale-pisapia.jpeg","wps_subtitle":"","jetpack_sharing_enabled":true,"_links":{"self":[{"href":"https:\/\/www.hoymercedes.com.ar\/principal\/wp-json\/wp\/v2\/posts\/125491","targetHints":{"allow":["GET"]}}],"collection":[{"href":"https:\/\/www.hoymercedes.com.ar\/principal\/wp-json\/wp\/v2\/posts"}],"about":[{"href":"https:\/\/www.hoymercedes.com.ar\/principal\/wp-json\/wp\/v2\/types\/post"}],"author":[{"embeddable":true,"href":"https:\/\/www.hoymercedes.com.ar\/principal\/wp-json\/wp\/v2\/users\/1"}],"replies":[{"embeddable":true,"href":"https:\/\/www.hoymercedes.com.ar\/principal\/wp-json\/wp\/v2\/comments?post=125491"}],"version-history":[{"count":0,"href":"https:\/\/www.hoymercedes.com.ar\/principal\/wp-json\/wp\/v2\/posts\/125491\/revisions"}],"wp:featuredmedia":[{"embeddable":true,"href":"https:\/\/www.hoymercedes.com.ar\/principal\/wp-json\/wp\/v2\/media\/125492"}],"wp:attachment":[{"href":"https:\/\/www.hoymercedes.com.ar\/principal\/wp-json\/wp\/v2\/media?parent=125491"}],"wp:term":[{"taxonomy":"category","embeddable":true,"href":"https:\/\/www.hoymercedes.com.ar\/principal\/wp-json\/wp\/v2\/categories?post=125491"},{"taxonomy":"post_tag","embeddable":true,"href":"https:\/\/www.hoymercedes.com.ar\/principal\/wp-json\/wp\/v2\/tags?post=125491"}],"curies":[{"name":"wp","href":"https:\/\/api.w.org\/{rel}","templated":true}]}}