{"id":125521,"date":"2021-02-28T09:00:00","date_gmt":"2021-02-28T12:00:00","guid":{"rendered":"http:\/\/www.hoymercedes.com.ar\/principal\/?p=125521"},"modified":"2021-02-27T20:58:30","modified_gmt":"2021-02-27T23:58:30","slug":"exhiben-en-el-museo-miguez-el-brocal-que-estaba-en-el-registro-civil","status":"publish","type":"post","link":"https:\/\/www.hoymercedes.com.ar\/principal\/2021\/02\/28\/exhiben-en-el-museo-miguez-el-brocal-que-estaba-en-el-registro-civil\/","title":{"rendered":"Exhiben en el Museo M\u00edguez el brocal que estaba en el Registro Civil"},"content":{"rendered":"\n<p>Desde la Comisi\u00f3n de Patrimonio CUNA anunciaron que el brocal que se encontraba en el patio del Registro Civil fue ya instalado en los jardines del Museo de Historia V\u00edctor M\u00edguez para ser exhibido y visitado por quienes recorran el centro cultural municipal de calle 12 y 23. <\/p>\n\n\n\n<div class=\"wp-block-image\"><figure class=\"aligncenter size-large\"><img loading=\"lazy\" decoding=\"async\" width=\"546\" height=\"800\" data-attachment-id=\"125522\" data-permalink=\"https:\/\/www.hoymercedes.com.ar\/principal\/2021\/02\/28\/exhiben-en-el-museo-miguez-el-brocal-que-estaba-en-el-registro-civil\/28-aljibe-miguez\/#main\" data-orig-file=\"https:\/\/www.hoymercedes.com.ar\/principal\/wp-content\/uploads\/2021\/02\/28-aljibe-miguez.jpg\" data-orig-size=\"546,800\" data-comments-opened=\"0\" data-image-meta=\"{&quot;aperture&quot;:&quot;0&quot;,&quot;credit&quot;:&quot;&quot;,&quot;camera&quot;:&quot;&quot;,&quot;caption&quot;:&quot;&quot;,&quot;created_timestamp&quot;:&quot;1614458642&quot;,&quot;copyright&quot;:&quot;&quot;,&quot;focal_length&quot;:&quot;0&quot;,&quot;iso&quot;:&quot;0&quot;,&quot;shutter_speed&quot;:&quot;0&quot;,&quot;title&quot;:&quot;&quot;,&quot;orientation&quot;:&quot;1&quot;}\" data-image-title=\"28 aljibe miguez\" data-image-description=\"\" data-image-caption=\"\" data-large-file=\"https:\/\/www.hoymercedes.com.ar\/principal\/wp-content\/uploads\/2021\/02\/28-aljibe-miguez.jpg\" src=\"https:\/\/www.hoymercedes.com.ar\/principal\/wp-content\/uploads\/2021\/02\/28-aljibe-miguez.jpg\" alt=\"\" class=\"wp-image-125522\" srcset=\"https:\/\/www.hoymercedes.com.ar\/principal\/wp-content\/uploads\/2021\/02\/28-aljibe-miguez.jpg 546w, https:\/\/www.hoymercedes.com.ar\/principal\/wp-content\/uploads\/2021\/02\/28-aljibe-miguez-423x620.jpg 423w, https:\/\/www.hoymercedes.com.ar\/principal\/wp-content\/uploads\/2021\/02\/28-aljibe-miguez-102x150.jpg 102w\" sizes=\"auto, (max-width: 546px) 100vw, 546px\" \/><\/figure><\/div>\n\n\n\n<p>De acuerdo a las investigaciones realizadas por historiadores locales, \u00abeste brocal fue comprado en la d\u00e9cada del &#8217;40 por el procurador Juan D. Ragone, en un remate, para ser instalado en su casa particular. En 1964 el Sr. Ragone fallece y en 1972 el inmueble es comprado por la provincia para la instalaci\u00f3n de lo que hoy conocemos como el Registro Civil de Mercedes\u00bb.<\/p>\n\n\n\n<p>\u00abLuego del inicio de las recientes obras de remodelaci\u00f3n del Registro Civil, y tras gestiones de la Comisi\u00f3n Municipal de Patrimonio Cultural y Natural (CUNA), el brocal fue trasladado a los jardines del Museo, d\u00f3nde ya se encuentra instalado para ser exhibido y disfrutado por todo los visitantes. Agradecemos la informaci\u00f3n suministrada sobre la historia del brocal al Sr. Mariano Giardelli, nieto de su antiguo propietario Juan D. Ragone\u00bb, destacan desde CUNA.<\/p>\n\n\n\n<p>Cabe recordar que en agosto del a\u00f1o pasado, fue trasladado del registro civil al Museo para su restauraci\u00f3n. El brocal es una pieza de un valor testimonial tallado en un solo bloque de m\u00e1rmol de Carrara.\u00a0 Unos meses de su traslado se supo que desde 2002 el aljibe hab\u00eda sido cedido al Museo M\u00edguez. <a rel=\"noreferrer noopener\" href=\"https:\/\/www.hoymercedes.com.ar\/principal\/2020\/08\/28\/recuperan-aljibe-del-registro-civil\/?fbclid=IwAR2wo9ny-3-243Ifm1DXtOrCjbtaFdrwvB3-NTOVi45l_0p3X57-c8u8ZXQ\" data-type=\"URL\" data-id=\"https:\/\/www.hoymercedes.com.ar\/principal\/2020\/08\/28\/recuperan-aljibe-del-registro-civil\/?fbclid=IwAR2wo9ny-3-243Ifm1DXtOrCjbtaFdrwvB3-NTOVi45l_0p3X57-c8u8ZXQ\" target=\"_blank\">(Ver Nota de archivo aqu\u00ed)<\/a><\/p>\n\n\n\n<p>Fuente: Comisi\u00f3n de Patrimonio CUNA<\/p>\n","protected":false},"excerpt":{"rendered":"<p>Desde la Comisi\u00f3n de Patrimonio CUNA anunciaron que el brocal que se encontraba en el patio del Registro Civil fue &#8230; <a title=\"Exhiben en el Museo M\u00edguez el brocal que estaba en el Registro Civil\" class=\"read-more\" href=\"https:\/\/www.hoymercedes.com.ar\/principal\/2021\/02\/28\/exhiben-en-el-museo-miguez-el-brocal-que-estaba-en-el-registro-civil\/\" aria-label=\"Leer m\u00e1s sobre Exhiben en el Museo M\u00edguez el brocal que estaba en el Registro Civil\">Leer m\u00e1s<\/a><\/p>\n","protected":false},"author":1,"featured_media":125522,"comment_status":"closed","ping_status":"open","sticky":false,"template":"","format":"standard","meta":{"_monsterinsights_skip_tracking":false,"_monsterinsights_sitenote_active":false,"_monsterinsights_sitenote_note":"","_monsterinsights_sitenote_category":0,"jetpack_post_was_ever_published":false,"_jetpack_newsletter_access":"","_jetpack_dont_email_post_to_subs":false,"_jetpack_newsletter_tier_id":0,"_jetpack_memberships_contains_paywalled_content":false,"_jetpack_memberships_contains_paid_content":false,"footnotes":"","jetpack_publicize_message":"","jetpack_publicize_feature_enabled":true,"jetpack_social_post_already_shared":true,"jetpack_social_options":{"image_generator_settings":{"template":"highway","default_image_id":0,"font":"","enabled":false},"version":2},"_wpas_customize_per_network":false},"categories":[104],"tags":[],"class_list":["post-125521","post","type-post","status-publish","format-standard","has-post-thumbnail","hentry","category-cultura","generate-columns","tablet-grid-50","mobile-grid-100","grid-parent","grid-50"],"jetpack_publicize_connections":[],"jetpack_featured_media_url":"https:\/\/www.hoymercedes.com.ar\/principal\/wp-content\/uploads\/2021\/02\/28-aljibe-miguez.jpg","wps_subtitle":"","jetpack_sharing_enabled":true,"_links":{"self":[{"href":"https:\/\/www.hoymercedes.com.ar\/principal\/wp-json\/wp\/v2\/posts\/125521","targetHints":{"allow":["GET"]}}],"collection":[{"href":"https:\/\/www.hoymercedes.com.ar\/principal\/wp-json\/wp\/v2\/posts"}],"about":[{"href":"https:\/\/www.hoymercedes.com.ar\/principal\/wp-json\/wp\/v2\/types\/post"}],"author":[{"embeddable":true,"href":"https:\/\/www.hoymercedes.com.ar\/principal\/wp-json\/wp\/v2\/users\/1"}],"replies":[{"embeddable":true,"href":"https:\/\/www.hoymercedes.com.ar\/principal\/wp-json\/wp\/v2\/comments?post=125521"}],"version-history":[{"count":0,"href":"https:\/\/www.hoymercedes.com.ar\/principal\/wp-json\/wp\/v2\/posts\/125521\/revisions"}],"wp:featuredmedia":[{"embeddable":true,"href":"https:\/\/www.hoymercedes.com.ar\/principal\/wp-json\/wp\/v2\/media\/125522"}],"wp:attachment":[{"href":"https:\/\/www.hoymercedes.com.ar\/principal\/wp-json\/wp\/v2\/media?parent=125521"}],"wp:term":[{"taxonomy":"category","embeddable":true,"href":"https:\/\/www.hoymercedes.com.ar\/principal\/wp-json\/wp\/v2\/categories?post=125521"},{"taxonomy":"post_tag","embeddable":true,"href":"https:\/\/www.hoymercedes.com.ar\/principal\/wp-json\/wp\/v2\/tags?post=125521"}],"curies":[{"name":"wp","href":"https:\/\/api.w.org\/{rel}","templated":true}]}}