{"id":125526,"date":"2021-02-28T07:05:00","date_gmt":"2021-02-28T10:05:00","guid":{"rendered":"http:\/\/www.hoymercedes.com.ar\/principal\/?p=125526"},"modified":"2021-02-27T22:28:58","modified_gmt":"2021-02-28T01:28:58","slug":"vuelve-a-circular-el-colectivo-cementerio-matienzo","status":"publish","type":"post","link":"https:\/\/www.hoymercedes.com.ar\/principal\/2021\/02\/28\/vuelve-a-circular-el-colectivo-cementerio-matienzo\/","title":{"rendered":"Vuelve a circular el colectivo Cementerio-Matienzo"},"content":{"rendered":"\n<p>Despu\u00e9s de casi un a\u00f1o que se cort\u00f3 la circulaci\u00f3n del transporte p\u00fablico urbano en Mercedes producto de la pandemia, este lunes 1\u00b0 de marzo, retomar\u00e1 la actividad la L\u00ednea 1 que une el Cementerio Municipal con la 22 bis y 113, esquina conocida como Matienzo por el comercio que all\u00ed se encontraba. La circulaci\u00f3n se dar\u00e1 de acuerdo a los protocolos para el transporte p\u00fablico urbano de pasajeros y con una grilla de horarios cada hora, reforzando a la media hora en los horarios de ingreso y egreso de las escuelas en el turno ma\u00f1ana. <\/p>\n\n\n\n<div class=\"wp-block-image\"><figure class=\"aligncenter size-large\"><img loading=\"lazy\" decoding=\"async\" width=\"951\" height=\"960\" data-attachment-id=\"125531\" data-permalink=\"https:\/\/www.hoymercedes.com.ar\/principal\/2021\/02\/28\/vuelve-a-circular-el-colectivo-cementerio-matienzo\/nuevohorariolinea1\/#main\" data-orig-file=\"https:\/\/www.hoymercedes.com.ar\/principal\/wp-content\/uploads\/2021\/02\/NuevoHorarioLinea1.jpg\" data-orig-size=\"951,960\" data-comments-opened=\"0\" data-image-meta=\"{&quot;aperture&quot;:&quot;0&quot;,&quot;credit&quot;:&quot;&quot;,&quot;camera&quot;:&quot;&quot;,&quot;caption&quot;:&quot;&quot;,&quot;created_timestamp&quot;:&quot;0&quot;,&quot;copyright&quot;:&quot;&quot;,&quot;focal_length&quot;:&quot;0&quot;,&quot;iso&quot;:&quot;0&quot;,&quot;shutter_speed&quot;:&quot;0&quot;,&quot;title&quot;:&quot;&quot;,&quot;orientation&quot;:&quot;0&quot;}\" data-image-title=\"NuevoHorarioLinea1\" data-image-description=\"\" data-image-caption=\"\" data-large-file=\"https:\/\/www.hoymercedes.com.ar\/principal\/wp-content\/uploads\/2021\/02\/NuevoHorarioLinea1.jpg\" src=\"https:\/\/www.hoymercedes.com.ar\/principal\/wp-content\/uploads\/2021\/02\/NuevoHorarioLinea1.jpg\" alt=\"\" class=\"wp-image-125531\" srcset=\"https:\/\/www.hoymercedes.com.ar\/principal\/wp-content\/uploads\/2021\/02\/NuevoHorarioLinea1.jpg 951w, https:\/\/www.hoymercedes.com.ar\/principal\/wp-content\/uploads\/2021\/02\/NuevoHorarioLinea1-614x620.jpg 614w, https:\/\/www.hoymercedes.com.ar\/principal\/wp-content\/uploads\/2021\/02\/NuevoHorarioLinea1-150x150.jpg 150w\" sizes=\"auto, (max-width: 951px) 100vw, 951px\" \/><\/figure><\/div>\n\n\n\n<p>De acuerdo a la informaci\u00f3n enviada por el Municipio, el \u00e1rea de Tr\u00e1nsito de la Secretar\u00eda de Seguridad gener\u00f3 los mecanismos necesarios, protocolizados y planificados, para poder retomar la prestaci\u00f3n. \u201cEs el primer lanzamiento, para luego avanzar con m\u00e1s recorridos\u201d afirm\u00f3 V\u00edctor Palazzo, director de seguridad. \u00a0<\/p>\n\n\n\n<p>\u201cEl regreso a clases presenciales es un elemento importante para retomar el servicio y hacerlo de la manera cuidada y respetuosa, como venimos haciendo con cada actividad municipal\u201d agreg\u00f3. <\/p>\n\n\n\n<p>Por otra parte, informan que para consultas o tr\u00e1mites sobre boleto estudiantil o beneficios existentes, la sub direcci\u00f3n de Juventud (Instituto Unzu\u00e9 en 47 y 26) y el \u00e1rea de Defensa del Consumidor (30 entre 29 y 27) contin\u00faan siendo espacios de asesoramiento y gesti\u00f3n para que quien lo desee acceda al beneficio.  \u00a0<\/p>\n","protected":false},"excerpt":{"rendered":"<p>Despu\u00e9s de casi un a\u00f1o que se cort\u00f3 la circulaci\u00f3n del transporte p\u00fablico urbano en Mercedes producto de la pandemia, &#8230; <a title=\"Vuelve a circular el colectivo Cementerio-Matienzo\" class=\"read-more\" href=\"https:\/\/www.hoymercedes.com.ar\/principal\/2021\/02\/28\/vuelve-a-circular-el-colectivo-cementerio-matienzo\/\" aria-label=\"Leer m\u00e1s sobre Vuelve a circular el colectivo Cementerio-Matienzo\">Leer m\u00e1s<\/a><\/p>\n","protected":false},"author":1,"featured_media":125531,"comment_status":"closed","ping_status":"open","sticky":false,"template":"","format":"standard","meta":{"_monsterinsights_skip_tracking":false,"_monsterinsights_sitenote_active":false,"_monsterinsights_sitenote_note":"","_monsterinsights_sitenote_category":0,"jetpack_post_was_ever_published":false,"_jetpack_newsletter_access":"","_jetpack_dont_email_post_to_subs":false,"_jetpack_newsletter_tier_id":0,"_jetpack_memberships_contains_paywalled_content":false,"_jetpack_memberships_contains_paid_content":false,"footnotes":"","jetpack_publicize_message":"","jetpack_publicize_feature_enabled":true,"jetpack_social_post_already_shared":true,"jetpack_social_options":{"image_generator_settings":{"template":"highway","default_image_id":0,"font":"","enabled":false},"version":2},"_wpas_customize_per_network":false},"categories":[30],"tags":[17573,244,17572],"class_list":["post-125526","post","type-post","status-publish","format-standard","has-post-thumbnail","hentry","category-municipio","tag-linea-1","tag-municipio-2","tag-transporte-urbano-publico-de-pasajeros","generate-columns","tablet-grid-50","mobile-grid-100","grid-parent","grid-50"],"jetpack_publicize_connections":[],"jetpack_featured_media_url":"https:\/\/www.hoymercedes.com.ar\/principal\/wp-content\/uploads\/2021\/02\/NuevoHorarioLinea1.jpg","wps_subtitle":"Retoma su actividad la L\u00ednea 1","jetpack_sharing_enabled":true,"_links":{"self":[{"href":"https:\/\/www.hoymercedes.com.ar\/principal\/wp-json\/wp\/v2\/posts\/125526","targetHints":{"allow":["GET"]}}],"collection":[{"href":"https:\/\/www.hoymercedes.com.ar\/principal\/wp-json\/wp\/v2\/posts"}],"about":[{"href":"https:\/\/www.hoymercedes.com.ar\/principal\/wp-json\/wp\/v2\/types\/post"}],"author":[{"embeddable":true,"href":"https:\/\/www.hoymercedes.com.ar\/principal\/wp-json\/wp\/v2\/users\/1"}],"replies":[{"embeddable":true,"href":"https:\/\/www.hoymercedes.com.ar\/principal\/wp-json\/wp\/v2\/comments?post=125526"}],"version-history":[{"count":0,"href":"https:\/\/www.hoymercedes.com.ar\/principal\/wp-json\/wp\/v2\/posts\/125526\/revisions"}],"wp:featuredmedia":[{"embeddable":true,"href":"https:\/\/www.hoymercedes.com.ar\/principal\/wp-json\/wp\/v2\/media\/125531"}],"wp:attachment":[{"href":"https:\/\/www.hoymercedes.com.ar\/principal\/wp-json\/wp\/v2\/media?parent=125526"}],"wp:term":[{"taxonomy":"category","embeddable":true,"href":"https:\/\/www.hoymercedes.com.ar\/principal\/wp-json\/wp\/v2\/categories?post=125526"},{"taxonomy":"post_tag","embeddable":true,"href":"https:\/\/www.hoymercedes.com.ar\/principal\/wp-json\/wp\/v2\/tags?post=125526"}],"curies":[{"name":"wp","href":"https:\/\/api.w.org\/{rel}","templated":true}]}}