{"id":12553,"date":"2012-04-29T02:05:56","date_gmt":"2012-04-29T02:05:56","guid":{"rendered":"http:\/\/www.hoymercedes.com.ar\/principal\/?p=12553"},"modified":"2012-05-01T00:04:33","modified_gmt":"2012-05-01T00:04:33","slug":"caja-joven-en-el-frente-mercedino-en-velez","status":"publish","type":"post","link":"https:\/\/www.hoymercedes.com.ar\/principal\/2012\/04\/29\/caja-joven-en-el-frente-mercedino-en-velez\/","title":{"rendered":"Casa Joven en el Frente Mercedino en V\u00e9lez"},"content":{"rendered":"<p>El grupo de Casa Joven integrantes del Frente Mercedino para la Victoria estuvieron presentes en el acto que la presidenta Cristina Fern\u00e1ndez de Kirchner dio el pasado viernes 27 en el estadio de Velez S\u00e1rfield.<\/p>\n<p>Entre varios mercedinos, que pueden contarse de cientos, pues fueron varios los micros que salieron desde nuestra localidad y otros tantos fueron por sus propios medios, las voluntades de Casa Joven estuvieron presentes junto a La C\u00e1mpora y el Frente Mercedino para la Victoria en el multitudinario encuentro vivido en Liniers donde la \u00fanica oradora fue la presidenta de la Naci\u00f3n recordando los nueve a\u00f1os de la victoria de N\u00e9stor Kirchner que luego lo conducir\u00eda a la presidencia.<\/p>\n<p>Casa Joven es conducido por el actual concejal del Frente Mercedino Juan Pablo L\u00f3pez.<\/p>\n<p><a href=\"https:\/\/www.hoymercedes.com.ar\/principal\/wp-content\/uploads\/2012\/04\/CamporaMercedes-Velez-II.jpg\"><img loading=\"lazy\" decoding=\"async\" data-attachment-id=\"12555\" data-permalink=\"https:\/\/www.hoymercedes.com.ar\/principal\/2012\/04\/29\/caja-joven-en-el-frente-mercedino-en-velez\/camporamercedes-velez-ii\/#main\" data-orig-file=\"https:\/\/www.hoymercedes.com.ar\/principal\/wp-content\/uploads\/2012\/04\/CamporaMercedes-Velez-II.jpg\" data-orig-size=\"612,459\" data-comments-opened=\"1\" data-image-meta=\"{&quot;aperture&quot;:&quot;2.8&quot;,&quot;credit&quot;:&quot;&quot;,&quot;camera&quot;:&quot;iPhone 3GS&quot;,&quot;caption&quot;:&quot;&quot;,&quot;created_timestamp&quot;:&quot;1335551981&quot;,&quot;copyright&quot;:&quot;&quot;,&quot;focal_length&quot;:&quot;3.85&quot;,&quot;iso&quot;:&quot;160&quot;,&quot;shutter_speed&quot;:&quot;0.066666666666667&quot;,&quot;title&quot;:&quot;&quot;}\" data-image-title=\"CamporaMercedes-Velez-II\" data-image-description=\"\" data-image-caption=\"\" data-large-file=\"https:\/\/www.hoymercedes.com.ar\/principal\/wp-content\/uploads\/2012\/04\/CamporaMercedes-Velez-II.jpg\" class=\"aligncenter size-full wp-image-12555\" title=\"CamporaMercedes-Velez-II\" src=\"https:\/\/www.hoymercedes.com.ar\/principal\/wp-content\/uploads\/2012\/04\/CamporaMercedes-Velez-II.jpg\" alt=\"\" width=\"612\" height=\"459\" \/><\/a><\/p>\n<p>&nbsp;<\/p>\n<p><a href=\"https:\/\/www.hoymercedes.com.ar\/principal\/wp-content\/uploads\/2012\/04\/CamporaMercedes-Velez-III.jpg\"><img loading=\"lazy\" decoding=\"async\" data-attachment-id=\"12557\" data-permalink=\"https:\/\/www.hoymercedes.com.ar\/principal\/2012\/04\/29\/caja-joven-en-el-frente-mercedino-en-velez\/camporamercedes-velez-iii\/#main\" data-orig-file=\"https:\/\/www.hoymercedes.com.ar\/principal\/wp-content\/uploads\/2012\/04\/CamporaMercedes-Velez-III.jpg\" data-orig-size=\"612,406\" data-comments-opened=\"1\" data-image-meta=\"{&quot;aperture&quot;:&quot;0&quot;,&quot;credit&quot;:&quot;&quot;,&quot;camera&quot;:&quot;&quot;,&quot;caption&quot;:&quot;&quot;,&quot;created_timestamp&quot;:&quot;0&quot;,&quot;copyright&quot;:&quot;&quot;,&quot;focal_length&quot;:&quot;0&quot;,&quot;iso&quot;:&quot;0&quot;,&quot;shutter_speed&quot;:&quot;0&quot;,&quot;title&quot;:&quot;&quot;}\" data-image-title=\"CamporaMercedes-Velez-III\" data-image-description=\"\" data-image-caption=\"\" data-large-file=\"https:\/\/www.hoymercedes.com.ar\/principal\/wp-content\/uploads\/2012\/04\/CamporaMercedes-Velez-III.jpg\" class=\"aligncenter size-full wp-image-12557\" title=\"CamporaMercedes-Velez-III\" src=\"https:\/\/www.hoymercedes.com.ar\/principal\/wp-content\/uploads\/2012\/04\/CamporaMercedes-Velez-III.jpg\" alt=\"\" width=\"612\" height=\"406\" srcset=\"https:\/\/www.hoymercedes.com.ar\/principal\/wp-content\/uploads\/2012\/04\/CamporaMercedes-Velez-III.jpg 612w, https:\/\/www.hoymercedes.com.ar\/principal\/wp-content\/uploads\/2012\/04\/CamporaMercedes-Velez-III-300x199.jpg 300w\" sizes=\"auto, (max-width: 612px) 100vw, 612px\" \/><\/a><\/p>\n<p>&nbsp;<\/p>\n<p><a href=\"https:\/\/www.hoymercedes.com.ar\/principal\/wp-content\/uploads\/2012\/04\/CamporaMercedes-Velez1.jpg\"><img loading=\"lazy\" decoding=\"async\" data-attachment-id=\"12558\" data-permalink=\"https:\/\/www.hoymercedes.com.ar\/principal\/2012\/04\/29\/caja-joven-en-el-frente-mercedino-en-velez\/camporamercedes-velez-2\/#main\" data-orig-file=\"https:\/\/www.hoymercedes.com.ar\/principal\/wp-content\/uploads\/2012\/04\/CamporaMercedes-Velez1.jpg\" data-orig-size=\"612,406\" data-comments-opened=\"1\" data-image-meta=\"{&quot;aperture&quot;:&quot;0&quot;,&quot;credit&quot;:&quot;&quot;,&quot;camera&quot;:&quot;&quot;,&quot;caption&quot;:&quot;&quot;,&quot;created_timestamp&quot;:&quot;0&quot;,&quot;copyright&quot;:&quot;&quot;,&quot;focal_length&quot;:&quot;0&quot;,&quot;iso&quot;:&quot;0&quot;,&quot;shutter_speed&quot;:&quot;0&quot;,&quot;title&quot;:&quot;&quot;}\" data-image-title=\"CamporaMercedes-Velez\" data-image-description=\"\" data-image-caption=\"\" data-large-file=\"https:\/\/www.hoymercedes.com.ar\/principal\/wp-content\/uploads\/2012\/04\/CamporaMercedes-Velez1.jpg\" class=\"aligncenter size-full wp-image-12558\" title=\"CamporaMercedes-Velez\" src=\"https:\/\/www.hoymercedes.com.ar\/principal\/wp-content\/uploads\/2012\/04\/CamporaMercedes-Velez1.jpg\" alt=\"\" width=\"612\" height=\"406\" srcset=\"https:\/\/www.hoymercedes.com.ar\/principal\/wp-content\/uploads\/2012\/04\/CamporaMercedes-Velez1.jpg 612w, https:\/\/www.hoymercedes.com.ar\/principal\/wp-content\/uploads\/2012\/04\/CamporaMercedes-Velez1-300x199.jpg 300w\" sizes=\"auto, (max-width: 612px) 100vw, 612px\" \/><\/a><\/p>\n","protected":false},"excerpt":{"rendered":"<p>El grupo de Casa Joven integrantes del Frente Mercedino para la Victoria estuvieron presentes en el acto que la presidenta &#8230; <a title=\"Casa Joven en el Frente Mercedino en V\u00e9lez\" class=\"read-more\" href=\"https:\/\/www.hoymercedes.com.ar\/principal\/2012\/04\/29\/caja-joven-en-el-frente-mercedino-en-velez\/\" aria-label=\"Leer m\u00e1s sobre Casa Joven en el Frente Mercedino en V\u00e9lez\">Leer m\u00e1s<\/a><\/p>\n","protected":false},"author":1,"featured_media":0,"comment_status":"open","ping_status":"open","sticky":false,"template":"","format":"standard","meta":{"_monsterinsights_skip_tracking":false,"_monsterinsights_sitenote_active":false,"_monsterinsights_sitenote_note":"","_monsterinsights_sitenote_category":0,"jetpack_post_was_ever_published":false,"_jetpack_newsletter_access":"","_jetpack_dont_email_post_to_subs":false,"_jetpack_newsletter_tier_id":0,"_jetpack_memberships_contains_paywalled_content":false,"_jetpack_memberships_contains_paid_content":false,"footnotes":"","jetpack_publicize_message":"","jetpack_publicize_feature_enabled":true,"jetpack_social_post_already_shared":false,"jetpack_social_options":{"image_generator_settings":{"template":"highway","default_image_id":0,"font":"","enabled":false},"version":2},"_wpas_customize_per_network":false},"categories":[5],"tags":[3,379,273,542],"class_list":["post-12553","post","type-post","status-publish","format-standard","hentry","category-politica","tag-casa-joven","tag-frente-mercedino-para-la-victoria","tag-juan-pablo-lopez","tag-la-campora-mercedes","generate-columns","tablet-grid-50","mobile-grid-100","grid-parent","grid-50"],"jetpack_publicize_connections":[],"jetpack_featured_media_url":"","wps_subtitle":"","jetpack_sharing_enabled":true,"_links":{"self":[{"href":"https:\/\/www.hoymercedes.com.ar\/principal\/wp-json\/wp\/v2\/posts\/12553","targetHints":{"allow":["GET"]}}],"collection":[{"href":"https:\/\/www.hoymercedes.com.ar\/principal\/wp-json\/wp\/v2\/posts"}],"about":[{"href":"https:\/\/www.hoymercedes.com.ar\/principal\/wp-json\/wp\/v2\/types\/post"}],"author":[{"embeddable":true,"href":"https:\/\/www.hoymercedes.com.ar\/principal\/wp-json\/wp\/v2\/users\/1"}],"replies":[{"embeddable":true,"href":"https:\/\/www.hoymercedes.com.ar\/principal\/wp-json\/wp\/v2\/comments?post=12553"}],"version-history":[{"count":0,"href":"https:\/\/www.hoymercedes.com.ar\/principal\/wp-json\/wp\/v2\/posts\/12553\/revisions"}],"wp:attachment":[{"href":"https:\/\/www.hoymercedes.com.ar\/principal\/wp-json\/wp\/v2\/media?parent=12553"}],"wp:term":[{"taxonomy":"category","embeddable":true,"href":"https:\/\/www.hoymercedes.com.ar\/principal\/wp-json\/wp\/v2\/categories?post=12553"},{"taxonomy":"post_tag","embeddable":true,"href":"https:\/\/www.hoymercedes.com.ar\/principal\/wp-json\/wp\/v2\/tags?post=12553"}],"curies":[{"name":"wp","href":"https:\/\/api.w.org\/{rel}","templated":true}]}}