{"id":125533,"date":"2021-02-28T12:28:00","date_gmt":"2021-02-28T15:28:00","guid":{"rendered":"http:\/\/www.hoymercedes.com.ar\/principal\/?p=125533"},"modified":"2021-02-28T12:41:05","modified_gmt":"2021-02-28T15:41:05","slug":"reunion-en-la-colonia-de-olivera-para-avanzar-en-el-polo-tecnologico","status":"publish","type":"post","link":"https:\/\/www.hoymercedes.com.ar\/principal\/2021\/02\/28\/reunion-en-la-colonia-de-olivera-para-avanzar-en-el-polo-tecnologico\/","title":{"rendered":"Reuni\u00f3n en la Colonia de Olivera para avanzar en el Polo Tecnol\u00f3gico"},"content":{"rendered":"\n<p>Informaci\u00f3n municipal &#8211; Tras m\u00faltiples gestiones y coordinaciones se llev\u00f3 a cabo una importante reuni\u00f3n multi institucional con \u00e1reas nacionales, provinciales y locales para continuar trabajando en torno al proyecto de constituci\u00f3n de un polo tecnol\u00f3gico y acad\u00e9mico en el predio de la colonia Capit\u00e1n Sarmiento. La ciencia, la tecnolog\u00eda, la producci\u00f3n y la educaci\u00f3n como ejes tem\u00e1ticos y de planificaci\u00f3n. El jefe comunal destac\u00f3 que \u201cfue una reuni\u00f3n muy importante\u201d. \u00a0<\/p>\n\n\n\n<div class=\"wp-block-image\"><figure class=\"aligncenter size-large\"><img loading=\"lazy\" decoding=\"async\" width=\"809\" height=\"540\" data-attachment-id=\"125558\" data-permalink=\"https:\/\/www.hoymercedes.com.ar\/principal\/2021\/02\/28\/reunion-en-la-colonia-de-olivera-para-avanzar-en-el-polo-tecnologico\/whatsapp-image-2021-02-27-at-14-17-50-1\/#main\" data-orig-file=\"https:\/\/www.hoymercedes.com.ar\/principal\/wp-content\/uploads\/2021\/02\/WhatsApp-Image-2021-02-27-at-14.17.50-1.jpeg\" data-orig-size=\"809,540\" data-comments-opened=\"0\" data-image-meta=\"{&quot;aperture&quot;:&quot;0&quot;,&quot;credit&quot;:&quot;&quot;,&quot;camera&quot;:&quot;&quot;,&quot;caption&quot;:&quot;&quot;,&quot;created_timestamp&quot;:&quot;1614461526&quot;,&quot;copyright&quot;:&quot;&quot;,&quot;focal_length&quot;:&quot;0&quot;,&quot;iso&quot;:&quot;0&quot;,&quot;shutter_speed&quot;:&quot;0&quot;,&quot;title&quot;:&quot;&quot;,&quot;orientation&quot;:&quot;1&quot;}\" data-image-title=\"WhatsApp Image 2021-02-27 at 14.17.50 (1)\" data-image-description=\"\" data-image-caption=\"\" data-large-file=\"https:\/\/www.hoymercedes.com.ar\/principal\/wp-content\/uploads\/2021\/02\/WhatsApp-Image-2021-02-27-at-14.17.50-1.jpeg\" src=\"https:\/\/www.hoymercedes.com.ar\/principal\/wp-content\/uploads\/2021\/02\/WhatsApp-Image-2021-02-27-at-14.17.50-1.jpeg\" alt=\"\" class=\"wp-image-125558\" srcset=\"https:\/\/www.hoymercedes.com.ar\/principal\/wp-content\/uploads\/2021\/02\/WhatsApp-Image-2021-02-27-at-14.17.50-1.jpeg 809w, https:\/\/www.hoymercedes.com.ar\/principal\/wp-content\/uploads\/2021\/02\/WhatsApp-Image-2021-02-27-at-14.17.50-1-630x421.jpeg 630w, https:\/\/www.hoymercedes.com.ar\/principal\/wp-content\/uploads\/2021\/02\/WhatsApp-Image-2021-02-27-at-14.17.50-1-150x100.jpeg 150w\" sizes=\"auto, (max-width: 809px) 100vw, 809px\" \/><\/figure><\/div>\n\n\n\n<p>El intendente de Mercedes se reuni\u00f3n en la colonia Olivera con equipos del Ministerio de Ciencia y Tecnolog\u00eda de la Naci\u00f3n, YPF Agro, Y-TEC, por la Provincia de Buenos Aires el Ministerio de Producci\u00f3n, Ciencia e Innovaci\u00f3n tecnol\u00f3gica y el Ministerio de Desarrollo Agrario y la Senaf junto a distintas \u00e1reas de gesti\u00f3n de nuestra Municipalidad. &nbsp;<\/p>\n\n\n\n<p>Durante la ma\u00f1ana del viernes el intendente Ustarroz recorri\u00f3 el predio de la Colonia Capit\u00e1n Sarmiento acompa\u00f1ado de funcionarios de las \u00e1reas mencionadas, equipos t\u00e9cnicos y \u00e1reas locales. Es decir, una intervenci\u00f3n multi disciplinar, intra e inter institucional. &nbsp;<\/p>\n\n\n\n<p>El intendente Ustarroz frente a los funcionarios nacionales y provinciales explic\u00f3 que \u201chasta el 2015 hubo una inversi\u00f3n fuert\u00edsima del Estado Nacional a trav\u00e9s del ministerio que conduc\u00eda Alicia Kirchner en el recupero de cada una de las naves y nos dieron la custodia\u201d y record\u00f3 que, tras asumir en diciembre del 2015, al a\u00f1o siguiente \u201cen febrero nos sacaron la custodia del predio y nunca m\u00e1s se hizo nada\u201d.&nbsp;&nbsp;La realidad del lugar, hoy, es que est\u00e1 siendo puesto de pie nuevamente. &nbsp;<\/p>\n\n\n\n<p>Acompa\u00f1ado de Marcelo Gonz\u00e1lez, Director de la Colonia Capit\u00e1n Sarmiento e integrantes de Senaf (secretar\u00eda de ni\u00f1ez y adolescencia de la provincia de Bs As), Juan Ustarroz propuso trabajar r\u00e1pidamente en proyectos de ciencia y bio tecnolog\u00eda que puedan sumarse en el lugar. &nbsp;<\/p>\n\n\n\n<p>Junto a los representantes de distintas \u00e1reas de Ciencia y Bio Tecnolog\u00eda de la Naci\u00f3n y la Provincia de Buenos Aires, el Dr Ustarroz destac\u00f3 \u201cel grado de entendimiento entre todas las \u00e1rea convocadas\u201d para lograr establecer proyectos tecnol\u00f3gicos. &nbsp;<\/p>\n\n\n\n<p>Representantes de YTEC y del Ministerio de Ciencias se\u00f1alaron la intensi\u00f3n de invertir significativamente en infraestructura para el establecimiento de laboratorios, invernaderos y hasta sumar estrategias desde el \u00e1rea comercial para reforzar los v\u00ednculos entre el agro, la ciencia, biotecnolog\u00eda y el Estado. \u00a0<\/p>\n\n\n\n<div class=\"wp-block-image\"><figure class=\"aligncenter size-large\"><img loading=\"lazy\" decoding=\"async\" width=\"754\" height=\"502\" data-attachment-id=\"125557\" data-permalink=\"https:\/\/www.hoymercedes.com.ar\/principal\/2021\/02\/28\/reunion-en-la-colonia-de-olivera-para-avanzar-en-el-polo-tecnologico\/whatsapp-image-2021-02-27-at-14-17-50\/#main\" data-orig-file=\"https:\/\/www.hoymercedes.com.ar\/principal\/wp-content\/uploads\/2021\/02\/WhatsApp-Image-2021-02-27-at-14.17.50.jpeg\" data-orig-size=\"754,502\" data-comments-opened=\"0\" data-image-meta=\"{&quot;aperture&quot;:&quot;0&quot;,&quot;credit&quot;:&quot;&quot;,&quot;camera&quot;:&quot;&quot;,&quot;caption&quot;:&quot;&quot;,&quot;created_timestamp&quot;:&quot;1614461534&quot;,&quot;copyright&quot;:&quot;&quot;,&quot;focal_length&quot;:&quot;0&quot;,&quot;iso&quot;:&quot;0&quot;,&quot;shutter_speed&quot;:&quot;0&quot;,&quot;title&quot;:&quot;&quot;,&quot;orientation&quot;:&quot;1&quot;}\" data-image-title=\"WhatsApp Image 2021-02-27 at 14.17.50\" data-image-description=\"\" data-image-caption=\"\" data-large-file=\"https:\/\/www.hoymercedes.com.ar\/principal\/wp-content\/uploads\/2021\/02\/WhatsApp-Image-2021-02-27-at-14.17.50.jpeg\" src=\"https:\/\/www.hoymercedes.com.ar\/principal\/wp-content\/uploads\/2021\/02\/WhatsApp-Image-2021-02-27-at-14.17.50.jpeg\" alt=\"\" class=\"wp-image-125557\" srcset=\"https:\/\/www.hoymercedes.com.ar\/principal\/wp-content\/uploads\/2021\/02\/WhatsApp-Image-2021-02-27-at-14.17.50.jpeg 754w, https:\/\/www.hoymercedes.com.ar\/principal\/wp-content\/uploads\/2021\/02\/WhatsApp-Image-2021-02-27-at-14.17.50-630x419.jpeg 630w, https:\/\/www.hoymercedes.com.ar\/principal\/wp-content\/uploads\/2021\/02\/WhatsApp-Image-2021-02-27-at-14.17.50-150x100.jpeg 150w, https:\/\/www.hoymercedes.com.ar\/principal\/wp-content\/uploads\/2021\/02\/WhatsApp-Image-2021-02-27-at-14.17.50-700x465.jpeg 700w\" sizes=\"auto, (max-width: 754px) 100vw, 754px\" \/><\/figure><\/div>\n\n\n\n<p>As\u00ed, cada \u00e1rea interviniente, efectu\u00f3 aportes, ideas, planificaciones y deseos de generar all\u00ed un espacio de innovaci\u00f3n y trabajo con miras a una sociedad integrada acad\u00e9mica, cient\u00edfica y productivamente. &nbsp;<\/p>\n\n\n\n<p>Tras la reuni\u00f3n en el predio de la Colonia Olivera, la comitiva se acerc\u00f3 a la Municipalidad de Mercedes. Entre los funcionarios presentes estaban: Pablo Nu\u00f1ez, Subsecretario de Coordinaci\u00f3n Institucional MINCYT; Sergio Romano, Gerente de Vinculaci\u00f3n Tecnol\u00f3gica CONICET; Laila Toum , Asesora Subsecretar\u00eda de Coordinaci\u00f3n Institucional MINCYT; Santiago \u00c1lvarez, Vicepresidente de Asuntos Corporativos, Comunicaciones y Marketing; Santiago Sacerdote, Gerente General Y-TEC; Julian Chavero, L\u00edder de Proyecto de Centros de Excelencia YPF Agro; Zacarias Ruiz Moreno, Jefe de Ventas de red propia de YPF Agro; Mar\u00eda Elena Oneto, L\u00edder del Programa de Sostenibilidad Ambiental YTEC; Walter Vargas, Jefe de \u00e1rea Biociencias aplicadas en YTEC e investigador independiente CONICET; Sebasti\u00e1n Reinoso, Tecn\u00f3logo L\u00edder Portafolio agro en YTEC. &nbsp;<\/p>\n","protected":false},"excerpt":{"rendered":"<p>Informaci\u00f3n municipal &#8211; Tras m\u00faltiples gestiones y coordinaciones se llev\u00f3 a cabo una importante reuni\u00f3n multi institucional con \u00e1reas nacionales, &#8230; <a title=\"Reuni\u00f3n en la Colonia de Olivera para avanzar en el Polo Tecnol\u00f3gico\" class=\"read-more\" href=\"https:\/\/www.hoymercedes.com.ar\/principal\/2021\/02\/28\/reunion-en-la-colonia-de-olivera-para-avanzar-en-el-polo-tecnologico\/\" aria-label=\"Leer m\u00e1s sobre Reuni\u00f3n en la Colonia de Olivera para avanzar en el Polo Tecnol\u00f3gico\">Leer m\u00e1s<\/a><\/p>\n","protected":false},"author":1,"featured_media":125557,"comment_status":"closed","ping_status":"open","sticky":false,"template":"","format":"standard","meta":{"_monsterinsights_skip_tracking":false,"_monsterinsights_sitenote_active":false,"_monsterinsights_sitenote_note":"","_monsterinsights_sitenote_category":0,"jetpack_post_was_ever_published":false,"_jetpack_newsletter_access":"","_jetpack_dont_email_post_to_subs":false,"_jetpack_newsletter_tier_id":0,"_jetpack_memberships_contains_paywalled_content":false,"_jetpack_memberships_contains_paid_content":false,"footnotes":"","jetpack_publicize_message":"","jetpack_publicize_feature_enabled":true,"jetpack_social_post_already_shared":true,"jetpack_social_options":{"image_generator_settings":{"template":"highway","default_image_id":0,"font":"","enabled":false},"version":2},"_wpas_customize_per_network":false},"categories":[30],"tags":[],"class_list":["post-125533","post","type-post","status-publish","format-standard","has-post-thumbnail","hentry","category-municipio","generate-columns","tablet-grid-50","mobile-grid-100","grid-parent","grid-50"],"jetpack_publicize_connections":[],"jetpack_featured_media_url":"https:\/\/www.hoymercedes.com.ar\/principal\/wp-content\/uploads\/2021\/02\/WhatsApp-Image-2021-02-27-at-14.17.50.jpeg","wps_subtitle":"","jetpack_sharing_enabled":true,"_links":{"self":[{"href":"https:\/\/www.hoymercedes.com.ar\/principal\/wp-json\/wp\/v2\/posts\/125533","targetHints":{"allow":["GET"]}}],"collection":[{"href":"https:\/\/www.hoymercedes.com.ar\/principal\/wp-json\/wp\/v2\/posts"}],"about":[{"href":"https:\/\/www.hoymercedes.com.ar\/principal\/wp-json\/wp\/v2\/types\/post"}],"author":[{"embeddable":true,"href":"https:\/\/www.hoymercedes.com.ar\/principal\/wp-json\/wp\/v2\/users\/1"}],"replies":[{"embeddable":true,"href":"https:\/\/www.hoymercedes.com.ar\/principal\/wp-json\/wp\/v2\/comments?post=125533"}],"version-history":[{"count":0,"href":"https:\/\/www.hoymercedes.com.ar\/principal\/wp-json\/wp\/v2\/posts\/125533\/revisions"}],"wp:featuredmedia":[{"embeddable":true,"href":"https:\/\/www.hoymercedes.com.ar\/principal\/wp-json\/wp\/v2\/media\/125557"}],"wp:attachment":[{"href":"https:\/\/www.hoymercedes.com.ar\/principal\/wp-json\/wp\/v2\/media?parent=125533"}],"wp:term":[{"taxonomy":"category","embeddable":true,"href":"https:\/\/www.hoymercedes.com.ar\/principal\/wp-json\/wp\/v2\/categories?post=125533"},{"taxonomy":"post_tag","embeddable":true,"href":"https:\/\/www.hoymercedes.com.ar\/principal\/wp-json\/wp\/v2\/tags?post=125533"}],"curies":[{"name":"wp","href":"https:\/\/api.w.org\/{rel}","templated":true}]}}