{"id":125574,"date":"2021-02-28T21:02:00","date_gmt":"2021-03-01T00:02:00","guid":{"rendered":"http:\/\/www.hoymercedes.com.ar\/principal\/?p=125574"},"modified":"2021-02-28T20:06:56","modified_gmt":"2021-02-28T23:06:56","slug":"detienen-a-un-hombre-acusado-de-abuso-sexual","status":"publish","type":"post","link":"https:\/\/www.hoymercedes.com.ar\/principal\/2021\/02\/28\/detienen-a-un-hombre-acusado-de-abuso-sexual\/","title":{"rendered":"Detienen a un hombre acusado de abuso sexual"},"content":{"rendered":"\n<p>Personal de la Comisar\u00eda de la Mujer y la Familia, tras las intervenciones y activaci\u00f3n de protocolos correspondientes, la Sub Estaci\u00f3n Gowland y GTO detuvieron a un var\u00f3n acusado de abuso sexual agravado. <\/p>\n\n\n\n<p>Con actuaci\u00f3n del Juzgado de Garant\u00edas N\u00ba 3 se procedi\u00f3 con las respectivas \u00f3rdenes de allanamiento que permitieron a las fuerzas de seguridad lograr la incautaci\u00f3n de objetos vinculados a la causa, cuya car\u00e1tula inicial es \u201cAbuso sexual agravado\u201d con la investigaci\u00f3n de la U.F.I N\u00ba 2, del Departamento Judicial Mercedes. <\/p>\n","protected":false},"excerpt":{"rendered":"<p>Personal de la Comisar\u00eda de la Mujer y la Familia, tras las intervenciones y activaci\u00f3n de protocolos correspondientes, la Sub &#8230; <a title=\"Detienen a un hombre acusado de abuso sexual\" class=\"read-more\" href=\"https:\/\/www.hoymercedes.com.ar\/principal\/2021\/02\/28\/detienen-a-un-hombre-acusado-de-abuso-sexual\/\" aria-label=\"Leer m\u00e1s sobre Detienen a un hombre acusado de abuso sexual\">Leer m\u00e1s<\/a><\/p>\n","protected":false},"author":1,"featured_media":106934,"comment_status":"closed","ping_status":"open","sticky":false,"template":"","format":"standard","meta":{"_monsterinsights_skip_tracking":false,"_monsterinsights_sitenote_active":false,"_monsterinsights_sitenote_note":"","_monsterinsights_sitenote_category":0,"jetpack_post_was_ever_published":false,"_jetpack_newsletter_access":"","_jetpack_dont_email_post_to_subs":false,"_jetpack_newsletter_tier_id":0,"_jetpack_memberships_contains_paywalled_content":false,"_jetpack_memberships_contains_paid_content":false,"footnotes":"","jetpack_publicize_message":"","jetpack_publicize_feature_enabled":true,"jetpack_social_post_already_shared":true,"jetpack_social_options":{"image_generator_settings":{"template":"highway","default_image_id":0,"font":"","enabled":false},"version":2},"_wpas_customize_per_network":false},"categories":[85],"tags":[],"class_list":["post-125574","post","type-post","status-publish","format-standard","has-post-thumbnail","hentry","category-policial","generate-columns","tablet-grid-50","mobile-grid-100","grid-parent","grid-50"],"jetpack_publicize_connections":[],"jetpack_featured_media_url":"https:\/\/www.hoymercedes.com.ar\/principal\/wp-content\/uploads\/2020\/03\/04-policia-calle-22.jpg","wps_subtitle":"","jetpack_sharing_enabled":true,"jetpack-related-posts":[{"id":94595,"url":"https:\/\/www.hoymercedes.com.ar\/principal\/2019\/06\/06\/detectan-y-detienen-a-masculino-acusado-de-abuso-agravado\/","url_meta":{"origin":125574,"position":0},"title":"Detectan y detienen a masculino acusado de abuso agravado","author":"hoymercedes","date":"6 junio, 2019","format":false,"excerpt":"En el marco de los operativos \u201cCalles Seguras\u201d se efectu\u00f3 la detenci\u00f3n de un masculino acusado de \u201cabuso sexual doblemente agravado\u201d siendo el hecho mediante una causa motorizada desde el Juzgado de Garant\u00edas N\u00b03 de nuestra ciudad. Es importante tener presente que este tipo de hechos, que se concretan en\u2026","rel":"","context":"En \u00abPolicial\u00bb","block_context":{"text":"Policial","link":"https:\/\/www.hoymercedes.com.ar\/principal\/category\/policial\/"},"img":{"alt_text":"","src":"https:\/\/i0.wp.com\/www.hoymercedes.com.ar\/principal\/wp-content\/uploads\/2019\/05\/12-policia-patrulleros.jpg?resize=350%2C200&ssl=1","width":350,"height":200,"srcset":"https:\/\/i0.wp.com\/www.hoymercedes.com.ar\/principal\/wp-content\/uploads\/2019\/05\/12-policia-patrulleros.jpg?resize=350%2C200&ssl=1 1x, https:\/\/i0.wp.com\/www.hoymercedes.com.ar\/principal\/wp-content\/uploads\/2019\/05\/12-policia-patrulleros.jpg?resize=525%2C300&ssl=1 1.5x, https:\/\/i0.wp.com\/www.hoymercedes.com.ar\/principal\/wp-content\/uploads\/2019\/05\/12-policia-patrulleros.jpg?resize=700%2C400&ssl=1 2x"},"classes":[]},{"id":141932,"url":"https:\/\/www.hoymercedes.com.ar\/principal\/2021\/12\/27\/detienen-acusado-de-abuso-sexual-agravado\/","url_meta":{"origin":125574,"position":1},"title":"Detienen acusado de abuso sexual agravado","author":"hoymercedes","date":"27 diciembre, 2021","format":false,"excerpt":"Tras un pedido de la U.F.I N\u00ba4 y el Juzgado de Garant\u00edas N\u00ba3 del Departamento Judicial Mercedes se procedi\u00f3 a un allanamiento con el objetivo de detener a un masculino de 29 a\u00f1os de edad sobre qui\u00e9n reca\u00eda un pedido de captura por el delito de \u201cabuso sexual agravado\u201d. El\u2026","rel":"","context":"En \u00abPolicial\u00bb","block_context":{"text":"Policial","link":"https:\/\/www.hoymercedes.com.ar\/principal\/category\/policial\/"},"img":{"alt_text":"","src":"https:\/\/i0.wp.com\/www.hoymercedes.com.ar\/principal\/wp-content\/uploads\/2021\/12\/AbusoSexual-26.jpg?resize=350%2C200&ssl=1","width":350,"height":200},"classes":[]},{"id":137048,"url":"https:\/\/www.hoymercedes.com.ar\/principal\/2021\/09\/11\/detienen-a-hombre-acusado-de-abuso-sexual-agravado\/","url_meta":{"origin":125574,"position":2},"title":"Detienen a hombre acusado de abuso sexual agravado","author":"hoymercedes","date":"11 septiembre, 2021","format":false,"excerpt":"La Polic\u00eda Rural detuvo a un hombre acusado de abuso a una menor que en su momento se fug\u00f3 de su domicilio por este motivo. La menor al declarar expres\u00f3 que era abusada por su progenitor. El hecho se concretaba en la zona rural. A trav\u00e9s de la justicia de\u2026","rel":"","context":"En \u00abPolicial\u00bb","block_context":{"text":"Policial","link":"https:\/\/www.hoymercedes.com.ar\/principal\/category\/policial\/"},"img":{"alt_text":"","src":"https:\/\/i0.wp.com\/www.hoymercedes.com.ar\/principal\/wp-content\/uploads\/2021\/09\/WhatsApp-Image-2021-09-09-at-11.46.35-e1631379895623.jpeg?resize=350%2C200&ssl=1","width":350,"height":200,"srcset":"https:\/\/i0.wp.com\/www.hoymercedes.com.ar\/principal\/wp-content\/uploads\/2021\/09\/WhatsApp-Image-2021-09-09-at-11.46.35-e1631379895623.jpeg?resize=350%2C200&ssl=1 1x, https:\/\/i0.wp.com\/www.hoymercedes.com.ar\/principal\/wp-content\/uploads\/2021\/09\/WhatsApp-Image-2021-09-09-at-11.46.35-e1631379895623.jpeg?resize=525%2C300&ssl=1 1.5x, https:\/\/i0.wp.com\/www.hoymercedes.com.ar\/principal\/wp-content\/uploads\/2021\/09\/WhatsApp-Image-2021-09-09-at-11.46.35-e1631379895623.jpeg?resize=700%2C400&ssl=1 2x"},"classes":[]},{"id":94137,"url":"https:\/\/www.hoymercedes.com.ar\/principal\/2019\/05\/30\/acusado-de-abuso-es-detenido-por-la-policia-comunal\/","url_meta":{"origin":125574,"position":3},"title":"Acusado de abuso es detenido por la Polic\u00eda Comunal","author":"hoymercedes","date":"30 mayo, 2019","format":false,"excerpt":"Tras investigar los hechos denunciados los dirigidos por el Comisario Inspector Sergio Macedo logran detener y poner a disposici\u00f3n de la justicia a un masculino acusado de abuso. La actividad en el marco del operativo \u201cCalles Seguras\u201d permiti\u00f3 nuevamente dar respuesta a una solicitud judicial En calle 17 y 30\u2026","rel":"","context":"En \u00abPolicial\u00bb","block_context":{"text":"Policial","link":"https:\/\/www.hoymercedes.com.ar\/principal\/category\/policial\/"},"img":{"alt_text":"","src":"https:\/\/i0.wp.com\/www.hoymercedes.com.ar\/principal\/wp-content\/uploads\/2018\/04\/ComisarioMacedo.jpg?resize=350%2C200&ssl=1","width":350,"height":200,"srcset":"https:\/\/i0.wp.com\/www.hoymercedes.com.ar\/principal\/wp-content\/uploads\/2018\/04\/ComisarioMacedo.jpg?resize=350%2C200&ssl=1 1x, https:\/\/i0.wp.com\/www.hoymercedes.com.ar\/principal\/wp-content\/uploads\/2018\/04\/ComisarioMacedo.jpg?resize=525%2C300&ssl=1 1.5x, https:\/\/i0.wp.com\/www.hoymercedes.com.ar\/principal\/wp-content\/uploads\/2018\/04\/ComisarioMacedo.jpg?resize=700%2C400&ssl=1 2x"},"classes":[]},{"id":143981,"url":"https:\/\/www.hoymercedes.com.ar\/principal\/2022\/02\/15\/tras-investigacion-detuvieron-a-acusado-de-abuso-agravado\/","url_meta":{"origin":125574,"position":4},"title":"Tras investigaci\u00f3n detuvieron a acusado de abuso agravado","author":"hoymercedes","date":"15 febrero, 2022","format":false,"excerpt":"Tras varias instancias investigativas y bas\u00e1ndose en testimonios la Polic\u00eda Comunal logr\u00f3 atrapar a un masculino de 46 a\u00f1os de edad, vecino de esta ciudad, acusado de Abuso Sexual. La respuesta de la Polic\u00eda fue inmediata. Particip\u00f3 tambi\u00e9n el GTO EPC logrando comprobar la autor\u00eda de las acusaciones. Intervino adem\u00e1s\u2026","rel":"","context":"En \u00abPolicial\u00bb","block_context":{"text":"Policial","link":"https:\/\/www.hoymercedes.com.ar\/principal\/category\/policial\/"},"img":{"alt_text":"Polic\u00eda Comunal Mercedes","src":"https:\/\/i0.wp.com\/www.hoymercedes.com.ar\/principal\/wp-content\/uploads\/2021\/03\/02-movil-policia.jpg?resize=350%2C200&ssl=1","width":350,"height":200,"srcset":"https:\/\/i0.wp.com\/www.hoymercedes.com.ar\/principal\/wp-content\/uploads\/2021\/03\/02-movil-policia.jpg?resize=350%2C200&ssl=1 1x, https:\/\/i0.wp.com\/www.hoymercedes.com.ar\/principal\/wp-content\/uploads\/2021\/03\/02-movil-policia.jpg?resize=525%2C300&ssl=1 1.5x, https:\/\/i0.wp.com\/www.hoymercedes.com.ar\/principal\/wp-content\/uploads\/2021\/03\/02-movil-policia.jpg?resize=700%2C400&ssl=1 2x"},"classes":[]},{"id":186918,"url":"https:\/\/www.hoymercedes.com.ar\/principal\/2025\/08\/13\/policia-federal-mercedes-detiene-en-rodriguez-a-hombre-acusado-de-abuso-sexual-agravado\/","url_meta":{"origin":125574,"position":5},"title":"Polic\u00eda Federal Mercedes detiene en Rodr\u00edguez a hombre acusado de abuso sexual agravado","author":"hoymercedes","date":"13 agosto, 2025","format":false,"excerpt":"La Polic\u00eda Federal Argentina (PFA), a trav\u00e9s de la Divisi\u00f3n Unidad Operativa Federal Mercedes, detuvo este viernes a un hombre de unos 60 a\u00f1os que permanec\u00eda pr\u00f3fugo de la justicia, acusado de abuso sexual agravado con acceso carnal.El arresto se concret\u00f3 en horas de la tarde del 8 de agosto,\u2026","rel":"","context":"En \u00abPolicial\u00bb","block_context":{"text":"Policial","link":"https:\/\/www.hoymercedes.com.ar\/principal\/category\/policial\/"},"img":{"alt_text":"Polic\u00eda Federal","src":"https:\/\/i0.wp.com\/www.hoymercedes.com.ar\/principal\/wp-content\/uploads\/2025\/08\/Captura-de-pantalla-2025-08-13-125424.png?resize=350%2C200&ssl=1","width":350,"height":200,"srcset":"https:\/\/i0.wp.com\/www.hoymercedes.com.ar\/principal\/wp-content\/uploads\/2025\/08\/Captura-de-pantalla-2025-08-13-125424.png?resize=350%2C200&ssl=1 1x, https:\/\/i0.wp.com\/www.hoymercedes.com.ar\/principal\/wp-content\/uploads\/2025\/08\/Captura-de-pantalla-2025-08-13-125424.png?resize=525%2C300&ssl=1 1.5x, https:\/\/i0.wp.com\/www.hoymercedes.com.ar\/principal\/wp-content\/uploads\/2025\/08\/Captura-de-pantalla-2025-08-13-125424.png?resize=700%2C400&ssl=1 2x"},"classes":[]}],"_links":{"self":[{"href":"https:\/\/www.hoymercedes.com.ar\/principal\/wp-json\/wp\/v2\/posts\/125574","targetHints":{"allow":["GET"]}}],"collection":[{"href":"https:\/\/www.hoymercedes.com.ar\/principal\/wp-json\/wp\/v2\/posts"}],"about":[{"href":"https:\/\/www.hoymercedes.com.ar\/principal\/wp-json\/wp\/v2\/types\/post"}],"author":[{"embeddable":true,"href":"https:\/\/www.hoymercedes.com.ar\/principal\/wp-json\/wp\/v2\/users\/1"}],"replies":[{"embeddable":true,"href":"https:\/\/www.hoymercedes.com.ar\/principal\/wp-json\/wp\/v2\/comments?post=125574"}],"version-history":[{"count":0,"href":"https:\/\/www.hoymercedes.com.ar\/principal\/wp-json\/wp\/v2\/posts\/125574\/revisions"}],"wp:featuredmedia":[{"embeddable":true,"href":"https:\/\/www.hoymercedes.com.ar\/principal\/wp-json\/wp\/v2\/media\/106934"}],"wp:attachment":[{"href":"https:\/\/www.hoymercedes.com.ar\/principal\/wp-json\/wp\/v2\/media?parent=125574"}],"wp:term":[{"taxonomy":"category","embeddable":true,"href":"https:\/\/www.hoymercedes.com.ar\/principal\/wp-json\/wp\/v2\/categories?post=125574"},{"taxonomy":"post_tag","embeddable":true,"href":"https:\/\/www.hoymercedes.com.ar\/principal\/wp-json\/wp\/v2\/tags?post=125574"}],"curies":[{"name":"wp","href":"https:\/\/api.w.org\/{rel}","templated":true}]}}