{"id":125606,"date":"2021-03-01T17:16:03","date_gmt":"2021-03-01T20:16:03","guid":{"rendered":"http:\/\/www.hoymercedes.com.ar\/principal\/?p=125606"},"modified":"2021-03-01T17:16:08","modified_gmt":"2021-03-01T20:16:08","slug":"yacare-sequeira-aguanto-pero-no-le-alcanzo","status":"publish","type":"post","link":"https:\/\/www.hoymercedes.com.ar\/principal\/2021\/03\/01\/yacare-sequeira-aguanto-pero-no-le-alcanzo\/","title":{"rendered":"Yacar\u00e9 Sequeira aguant\u00f3 pero no le alcanz\u00f3"},"content":{"rendered":"\n<p>El \u201cYacar\u00e9\u201d se present\u00f3 despu\u00e9s de un a\u00f1o del inactividad en el micro estadio de\u00a0Hurlingham\u00a0en la noche del viernes por el t\u00edtulo de\u00a0Sudamericano\u00a0Mediopesado. Tuvo un buen arranque pero a mitad del\u00a0combate,\u00a0una lesi\u00f3n lo complic\u00f3 y termin\u00f3 cayendo en el 8vo round.\u00a0<\/p>\n\n\n\n<div class=\"wp-block-image\"><figure class=\"aligncenter size-large\"><img loading=\"lazy\" decoding=\"async\" width=\"1024\" height=\"576\" data-attachment-id=\"125608\" data-permalink=\"https:\/\/www.hoymercedes.com.ar\/principal\/2021\/03\/01\/yacare-sequeira-aguanto-pero-no-le-alcanzo\/yacare-pelea-2\/#main\" data-orig-file=\"https:\/\/www.hoymercedes.com.ar\/principal\/wp-content\/uploads\/2021\/03\/yacare-pelea-2.jpeg\" data-orig-size=\"1280,720\" data-comments-opened=\"0\" data-image-meta=\"{&quot;aperture&quot;:&quot;0&quot;,&quot;credit&quot;:&quot;&quot;,&quot;camera&quot;:&quot;&quot;,&quot;caption&quot;:&quot;&quot;,&quot;created_timestamp&quot;:&quot;0&quot;,&quot;copyright&quot;:&quot;&quot;,&quot;focal_length&quot;:&quot;0&quot;,&quot;iso&quot;:&quot;0&quot;,&quot;shutter_speed&quot;:&quot;0&quot;,&quot;title&quot;:&quot;&quot;,&quot;orientation&quot;:&quot;0&quot;}\" data-image-title=\"yacare pelea (2)\" data-image-description=\"\" data-image-caption=\"\" data-large-file=\"https:\/\/www.hoymercedes.com.ar\/principal\/wp-content\/uploads\/2021\/03\/yacare-pelea-2-1024x576.jpeg\" src=\"https:\/\/www.hoymercedes.com.ar\/principal\/wp-content\/uploads\/2021\/03\/yacare-pelea-2-1024x576.jpeg\" alt=\"\" class=\"wp-image-125608\" srcset=\"https:\/\/www.hoymercedes.com.ar\/principal\/wp-content\/uploads\/2021\/03\/yacare-pelea-2-1024x576.jpeg 1024w, https:\/\/www.hoymercedes.com.ar\/principal\/wp-content\/uploads\/2021\/03\/yacare-pelea-2-630x354.jpeg 630w, https:\/\/www.hoymercedes.com.ar\/principal\/wp-content\/uploads\/2021\/03\/yacare-pelea-2-150x84.jpeg 150w, https:\/\/www.hoymercedes.com.ar\/principal\/wp-content\/uploads\/2021\/03\/yacare-pelea-2.jpeg 1280w\" sizes=\"auto, (max-width: 1024px) 100vw, 1024px\" \/><\/figure><\/div>\n\n\n\n<p>El viernes por la noche en el&nbsp;Microestadio&nbsp;de la localidad de&nbsp;Hurlingham, Walter \u201cYacar\u00e9\u201d Sequeira volvi\u00f3 al ring tras un a\u00f1o de inactividad para enfrentar&nbsp;Hern\u00e1n \u201cEl Picante\u201d P\u00e9rez, oriundo de Jos\u00e9&nbsp;M\u00e1rmol, por el t\u00edtulo de&nbsp;Sudamericano&nbsp;Mediopesado, que se encontraba vacante.&nbsp;<\/p>\n\n\n\n<p>En la previa, El mercedino hab\u00eda acusado en la balanza un peso de 79,300&nbsp;kg, mientras que su rival registr\u00f3&nbsp;77,600&nbsp;kg.&nbsp;Con el arbitraje de V\u00edctor S\u00e1nchez,&nbsp;y con los&nbsp;jueces Javier&nbsp;Geido, N\u00e9stor&nbsp;Savino&nbsp;y \u00c1ngel&nbsp;Gorreri, cerca de las 21.30 horas y con la trasmisi\u00f3n de la se\u00f1al deportiva&nbsp;TyC&nbsp;Sports, dio comienzo el combate, el cual estaba pautado a 10 asaltos.&nbsp;<\/p>\n\n\n\n<p>Desde el inicio, ambos salieron al cuadril\u00e1tero y durante los primeros 3 minutos, se dedicaron a \u201cmedirse\u201d sin llegar a duros intercambios de golpes. Ya en el segundo asalto,&nbsp; el \u201cYacar\u00e9\u201d comenz\u00f3 a hacer con el protagonismo de la pelea y a dominar el combate con golpes certeros, buena defensa y mostrando ese estilo agresivo que lo caracteriza. Incluso para el tercer round, su rival ya mostraba marcas en su rostro y a mitad del cuarto asalto, P\u00e9rez debi\u00f3 recibir la cuenta de protecci\u00f3n tras un claro dominio de Sequeira.&nbsp;<\/p>\n\n\n\n<p>Pero llegando a la mitad del combate,&nbsp;El \u201cYacer\u00e9\u201d&nbsp;empez\u00f3 mostrar una merma f\u00edsica, la cual poco a poco hizo crecer el boxeo del \u201cPicante\u201d. En el trascurso de los rounds, se hizo cada vez m\u00e1s evidente. Sequeira buscaba mantenerse en pie con un calambre en la pierna lo que hac\u00eda perder un poco de estabilidad en el ring y tratar de llegar hasta el cierre del combate, pero en octavo asalto, P\u00e9rez se aprovech\u00f3 de la situaci\u00f3n y al minuto y medio, Sequeira toc\u00f3 la lona y ya no pudo volver a levantarse.&nbsp;<\/p>\n\n\n\n<p>As\u00ed, el de Jos\u00e9 M\u00e1rmol&nbsp;se qued\u00f3 con el t\u00edtulo de&nbsp;Sudamericano&nbsp;Mediopesado, tras una actuaci\u00f3n notable del mercedino, que como siempre, mostr\u00f3 su entereza mental, su boxeo agresivo el cual lo hizo ser un claro dominador del combate durante los momentos en que su f\u00edsico estaba al cien por cien. Por otra parte, es de destacar que, pese a la triste noticia del falleciemitno0 de su padre y promotor \u00c1ngel Sequeira el pasado lunes, el \u201cYacar\u00e9\u201d no solo que no dio un paso atr\u00e1s en el compromiso, sino que adem\u00e1s, supo manejar un combate que termin\u00f3 pediendo debido a una lesi\u00f3n.&nbsp;<\/p>\n\n\n\n<p>Ahora, el mercedino junto a su nuevo equipo de trabajo se tomar\u00e1n un descanso y seguramente volver\u00e1n a la actividad box\u00edstica, con m\u00e1s combates durante lo que resta del 2021. Pese a la derrota, Sequeira mostr\u00f3 que todav\u00eda tiene m\u00e1s para dar sobre el ring&nbsp;y seguramente no tardar\u00e1 mucho en volver a demostrarlo.&nbsp;<\/p>\n\n\n\n<p>Tras el combate, el record marcar\u00e1 de aqu\u00ed en adelante\u00a07-3, 3 KO para P\u00e9rez\u00a0\u00a0y\u00a023-8, 15 KO\u00a0para el \u201cYacar\u00e9\u201d\u00a0Sequeira.\u00a0<\/p>\n\n\n\n<div class=\"wp-block-image\"><figure class=\"aligncenter size-large\"><img loading=\"lazy\" decoding=\"async\" width=\"862\" height=\"485\" data-attachment-id=\"125607\" data-permalink=\"https:\/\/www.hoymercedes.com.ar\/principal\/2021\/03\/01\/yacare-sequeira-aguanto-pero-no-le-alcanzo\/yacare-pelea-1\/#main\" data-orig-file=\"https:\/\/www.hoymercedes.com.ar\/principal\/wp-content\/uploads\/2021\/03\/yacare-pelea-1.jpeg\" data-orig-size=\"862,485\" data-comments-opened=\"0\" data-image-meta=\"{&quot;aperture&quot;:&quot;0&quot;,&quot;credit&quot;:&quot;&quot;,&quot;camera&quot;:&quot;&quot;,&quot;caption&quot;:&quot;&quot;,&quot;created_timestamp&quot;:&quot;0&quot;,&quot;copyright&quot;:&quot;&quot;,&quot;focal_length&quot;:&quot;0&quot;,&quot;iso&quot;:&quot;0&quot;,&quot;shutter_speed&quot;:&quot;0&quot;,&quot;title&quot;:&quot;&quot;,&quot;orientation&quot;:&quot;0&quot;}\" data-image-title=\"yacare pelea (1)\" data-image-description=\"\" data-image-caption=\"\" data-large-file=\"https:\/\/www.hoymercedes.com.ar\/principal\/wp-content\/uploads\/2021\/03\/yacare-pelea-1.jpeg\" src=\"https:\/\/www.hoymercedes.com.ar\/principal\/wp-content\/uploads\/2021\/03\/yacare-pelea-1.jpeg\" alt=\"\" class=\"wp-image-125607\" srcset=\"https:\/\/www.hoymercedes.com.ar\/principal\/wp-content\/uploads\/2021\/03\/yacare-pelea-1.jpeg 862w, https:\/\/www.hoymercedes.com.ar\/principal\/wp-content\/uploads\/2021\/03\/yacare-pelea-1-630x354.jpeg 630w, https:\/\/www.hoymercedes.com.ar\/principal\/wp-content\/uploads\/2021\/03\/yacare-pelea-1-150x84.jpeg 150w\" sizes=\"auto, (max-width: 862px) 100vw, 862px\" \/><\/figure><\/div>\n\n\n\n<p><strong>Resto de combates<\/strong>&nbsp;<\/p>\n\n\n\n<p>En la noche del&nbsp;Microestadio&nbsp;de&nbsp;Hurlingham, la velada tuvo a Emmanuel&nbsp;Schramm&nbsp;quien super\u00f3 por GKOT 2 a Mat\u00edas D\u00edaz. En tanto&nbsp;Gerardo P\u00e9rez&nbsp;pudo ganarle&nbsp;a Sergio&nbsp;Quintana tras el fallo de las tarjetas, mientras que Leandro&nbsp;Fonseca&nbsp;venci\u00f3 por&nbsp;GKOT 3 a Juan Balbuena&nbsp;y&nbsp;Maximiliano Maidana&nbsp;se impuso en las tarjetas ante Jorge Acosta.&nbsp;<\/p>\n\n\n\n<p>Por \u00faltimo, en lo que respecta al combate estelar de la noche que pon\u00eda en juego el T\u00edtulo Argentino Ligero,&nbsp;el&nbsp;juninense&nbsp;De Le\u00f3n logr\u00f3 derribar a Acevedo en el sexto asalto y quedarse con el cintur\u00f3n de campe\u00f3n.&nbsp;<\/p>\n\n\n\n<p>Colaboraci\u00f3n: Mariano Oyarz\u00fa<\/p>\n","protected":false},"excerpt":{"rendered":"<p>El \u201cYacar\u00e9\u201d se present\u00f3 despu\u00e9s de un a\u00f1o del inactividad en el micro estadio de\u00a0Hurlingham\u00a0en la noche del viernes por &#8230; <a title=\"Yacar\u00e9 Sequeira aguant\u00f3 pero no le alcanz\u00f3\" class=\"read-more\" href=\"https:\/\/www.hoymercedes.com.ar\/principal\/2021\/03\/01\/yacare-sequeira-aguanto-pero-no-le-alcanzo\/\" aria-label=\"Leer m\u00e1s sobre Yacar\u00e9 Sequeira aguant\u00f3 pero no le alcanz\u00f3\">Leer m\u00e1s<\/a><\/p>\n","protected":false},"author":1,"featured_media":125607,"comment_status":"closed","ping_status":"open","sticky":false,"template":"","format":"standard","meta":{"_monsterinsights_skip_tracking":false,"_monsterinsights_sitenote_active":false,"_monsterinsights_sitenote_note":"","_monsterinsights_sitenote_category":0,"jetpack_post_was_ever_published":false,"_jetpack_newsletter_access":"","_jetpack_dont_email_post_to_subs":false,"_jetpack_newsletter_tier_id":0,"_jetpack_memberships_contains_paywalled_content":false,"_jetpack_memberships_contains_paid_content":false,"footnotes":"","jetpack_publicize_message":"","jetpack_publicize_feature_enabled":true,"jetpack_social_post_already_shared":true,"jetpack_social_options":{"image_generator_settings":{"template":"highway","default_image_id":0,"font":"","enabled":false},"version":2},"_wpas_customize_per_network":false},"categories":[21],"tags":[],"class_list":["post-125606","post","type-post","status-publish","format-standard","has-post-thumbnail","hentry","category-deportes","generate-columns","tablet-grid-50","mobile-grid-100","grid-parent","grid-50"],"jetpack_publicize_connections":[],"jetpack_featured_media_url":"https:\/\/www.hoymercedes.com.ar\/principal\/wp-content\/uploads\/2021\/03\/yacare-pelea-1.jpeg","wps_subtitle":"","jetpack_sharing_enabled":true,"jetpack-related-posts":[{"id":172778,"url":"https:\/\/www.hoymercedes.com.ar\/principal\/2024\/02\/11\/yacare-sequeira-cayo-por-nocaut-ante-el-campeon-sudamericano\/","url_meta":{"origin":125606,"position":0},"title":"\u00abYacar\u00e9\u00bb Sequeira cay\u00f3 por nocaut ante el campe\u00f3n sudamericano","author":"hoymercedes","date":"11 febrero, 2024","format":false,"excerpt":"Walter \"Yacar\u00e9\" Sequeira cay\u00f3 por nocaut En Cutral Co el mercedino Walter \u201cYacar\u00e9\u201d Siquiera cay\u00f3 por nocaut en el 7\u00ba round con el campe\u00f3n sudamericano mediopesado Mat\u00edas Lovera quien retiene el t\u00edtulo. Un golpe letal en la \u201czona hep\u00e1tica\u201d permiti\u00f3 quedarse en el combate cuando \u201cYacar\u00e9\u201d ven\u00eda mostrando m\u00e1s aire\u2026","rel":"","context":"En \u00abDeportes\u00bb","block_context":{"text":"Deportes","link":"https:\/\/www.hoymercedes.com.ar\/principal\/category\/deportes\/"},"img":{"alt_text":"Walter \"Yacar\u00e9\" Sequeira cay\u00f3 por nocaut contra Mat\u00edas Lovera.","src":"https:\/\/i0.wp.com\/www.hoymercedes.com.ar\/principal\/wp-content\/uploads\/2024\/02\/YacareVsLovera.jpg?resize=350%2C200&ssl=1","width":350,"height":200,"srcset":"https:\/\/i0.wp.com\/www.hoymercedes.com.ar\/principal\/wp-content\/uploads\/2024\/02\/YacareVsLovera.jpg?resize=350%2C200&ssl=1 1x, https:\/\/i0.wp.com\/www.hoymercedes.com.ar\/principal\/wp-content\/uploads\/2024\/02\/YacareVsLovera.jpg?resize=525%2C300&ssl=1 1.5x, https:\/\/i0.wp.com\/www.hoymercedes.com.ar\/principal\/wp-content\/uploads\/2024\/02\/YacareVsLovera.jpg?resize=700%2C400&ssl=1 2x, https:\/\/i0.wp.com\/www.hoymercedes.com.ar\/principal\/wp-content\/uploads\/2024\/02\/YacareVsLovera.jpg?resize=1050%2C600&ssl=1 3x, https:\/\/i0.wp.com\/www.hoymercedes.com.ar\/principal\/wp-content\/uploads\/2024\/02\/YacareVsLovera.jpg?resize=1400%2C800&ssl=1 4x"},"classes":[]},{"id":125251,"url":"https:\/\/www.hoymercedes.com.ar\/principal\/2021\/02\/24\/el-yacare-sequeira-se-sube-al-ring\/","url_meta":{"origin":125606,"position":1},"title":"El \u201cYacar\u00e9\u201d Sequeira se sube al ring","author":"hoymercedes","date":"24 febrero, 2021","format":false,"excerpt":"Este lunes, el deporte mercedino se enlut\u00f3 al conocerse el fallecimiento del padre de Walter \"Yacar\u00e9\" Sequeira. Esto hizo dudar si el boxeador competir\u00eda tal como se hab\u00eda anunciado. Sin embargo, se confirm\u00f3 que este viernes volver\u00e1 al cuadrilatero ante Hern\u00e1n David P\u00e9rez por el T\u00edtulo Fedebol Mediopesado de la\u2026","rel":"","context":"En \u00abDeportes\u00bb","block_context":{"text":"Deportes","link":"https:\/\/www.hoymercedes.com.ar\/principal\/category\/deportes\/"},"img":{"alt_text":"","src":"https:\/\/i0.wp.com\/www.hoymercedes.com.ar\/principal\/wp-content\/uploads\/2021\/02\/dBoxeo-yacare.jpeg?resize=350%2C200&ssl=1","width":350,"height":200,"srcset":"https:\/\/i0.wp.com\/www.hoymercedes.com.ar\/principal\/wp-content\/uploads\/2021\/02\/dBoxeo-yacare.jpeg?resize=350%2C200&ssl=1 1x, https:\/\/i0.wp.com\/www.hoymercedes.com.ar\/principal\/wp-content\/uploads\/2021\/02\/dBoxeo-yacare.jpeg?resize=525%2C300&ssl=1 1.5x"},"classes":[]},{"id":182708,"url":"https:\/\/www.hoymercedes.com.ar\/principal\/2025\/02\/21\/walter-yacare-sequeira-se-prepara-para-un-regreso-al-ring\/","url_meta":{"origin":125606,"position":2},"title":"Walter \u201cYacar\u00e9\u201d Sequeira se prepara para un regreso al ring","author":"hoymercedes","date":"21 febrero, 2025","format":false,"excerpt":"Este s\u00e1bado 22 de febrero, el boxeador Walter Gabriel Sequeira, conocido como el \"Yacar\u00e9\", se subir\u00e1 al ring en lo que podr\u00eda ser su \u00faltima pelea profesional. El combate se llevar\u00e1 a cabo en el estadio de la Federaci\u00f3n Argentina de Box (FAB). La velada, titulada \"La Leyenda Contin\u00faa\", est\u00e1\u2026","rel":"","context":"En \u00abDeportes\u00bb","block_context":{"text":"Deportes","link":"https:\/\/www.hoymercedes.com.ar\/principal\/category\/deportes\/"},"img":{"alt_text":"Yacar\u00e9 Sequeira","src":"https:\/\/i0.wp.com\/www.hoymercedes.com.ar\/principal\/wp-content\/uploads\/2021\/10\/DSC_0079-scaled.jpg?resize=350%2C200&ssl=1","width":350,"height":200,"srcset":"https:\/\/i0.wp.com\/www.hoymercedes.com.ar\/principal\/wp-content\/uploads\/2021\/10\/DSC_0079-scaled.jpg?resize=350%2C200&ssl=1 1x, https:\/\/i0.wp.com\/www.hoymercedes.com.ar\/principal\/wp-content\/uploads\/2021\/10\/DSC_0079-scaled.jpg?resize=525%2C300&ssl=1 1.5x, https:\/\/i0.wp.com\/www.hoymercedes.com.ar\/principal\/wp-content\/uploads\/2021\/10\/DSC_0079-scaled.jpg?resize=700%2C400&ssl=1 2x, https:\/\/i0.wp.com\/www.hoymercedes.com.ar\/principal\/wp-content\/uploads\/2021\/10\/DSC_0079-scaled.jpg?resize=1050%2C600&ssl=1 3x, https:\/\/i0.wp.com\/www.hoymercedes.com.ar\/principal\/wp-content\/uploads\/2021\/10\/DSC_0079-scaled.jpg?resize=1400%2C800&ssl=1 4x"},"classes":[]},{"id":152710,"url":"https:\/\/www.hoymercedes.com.ar\/principal\/2022\/09\/06\/boxeo-el-yacare-sequeira-rumbo-a-inglaterra\/","url_meta":{"origin":125606,"position":3},"title":"Boxeo: El \u201cYacar\u00e9\u201d Sequeira rumbo a Inglaterra\u00a0","author":"hoymercedes","date":"6 septiembre, 2022","format":false,"excerpt":"El boxeador local vuelve a tener una oportunidad en el exterior ante Lyndon Arthur. La pelea ser\u00e1 el pr\u00f3ximo 17 de septiembre en la ciudad de Bolton por la categor\u00eda mediopesado.\u00a0","rel":"","context":"En \u00abDeportes\u00bb","block_context":{"text":"Deportes","link":"https:\/\/www.hoymercedes.com.ar\/principal\/category\/deportes\/"},"img":{"alt_text":"Walter Yacar\u00e9 Sequeira","src":"https:\/\/i0.wp.com\/www.hoymercedes.com.ar\/principal\/wp-content\/uploads\/2022\/09\/yacare-0590.jpeg?resize=350%2C200&ssl=1","width":350,"height":200,"srcset":"https:\/\/i0.wp.com\/www.hoymercedes.com.ar\/principal\/wp-content\/uploads\/2022\/09\/yacare-0590.jpeg?resize=350%2C200&ssl=1 1x, https:\/\/i0.wp.com\/www.hoymercedes.com.ar\/principal\/wp-content\/uploads\/2022\/09\/yacare-0590.jpeg?resize=525%2C300&ssl=1 1.5x"},"classes":[]},{"id":143167,"url":"https:\/\/www.hoymercedes.com.ar\/principal\/2022\/01\/28\/boxeo-titulo-en-juego-para-el-yacare\/","url_meta":{"origin":125606,"position":4},"title":"Boxeo: T\u00edtulo en juego para \u201cEl Yacar\u00e9\u201d","author":"hoymercedes","date":"28 enero, 2022","format":false,"excerpt":"El pr\u00f3ximo s\u00e1bado enfrentar\u00e1 a Franco Ezequiel Acosta en la localidad de Mar del Plata. El ganador se consagrar\u00e1 con el cintur\u00f3n de la categor\u00eda mediopesado, de la cual el mercedino supo ser due\u00f1o. Este viernes, a la hora 17, se realizar\u00e1 el pesaje de los boxeadores en el Balneario\u2026","rel":"","context":"En \u00abDeportes\u00bb","block_context":{"text":"Deportes","link":"https:\/\/www.hoymercedes.com.ar\/principal\/category\/deportes\/"},"img":{"alt_text":"","src":"https:\/\/i0.wp.com\/www.hoymercedes.com.ar\/principal\/wp-content\/uploads\/2022\/01\/yacare-sequeira.jpg?resize=350%2C200&ssl=1","width":350,"height":200,"srcset":"https:\/\/i0.wp.com\/www.hoymercedes.com.ar\/principal\/wp-content\/uploads\/2022\/01\/yacare-sequeira.jpg?resize=350%2C200&ssl=1 1x, https:\/\/i0.wp.com\/www.hoymercedes.com.ar\/principal\/wp-content\/uploads\/2022\/01\/yacare-sequeira.jpg?resize=525%2C300&ssl=1 1.5x"},"classes":[]},{"id":195025,"url":"https:\/\/www.hoymercedes.com.ar\/principal\/2026\/04\/23\/video-conor-wallace-vencio-por-ko-al-yacare-sequeira-en-brisbane\/","url_meta":{"origin":125606,"position":5},"title":"Video: Conor Wallace venci\u00f3 por KO al \u00abYacar\u00e9\u00bb Sequeira en Brisbane","author":"hoymercedes","date":"23 abril, 2026","format":false,"excerpt":"https:\/\/youtu.be\/5OLotiS5wBc En la madrugada de este jueves el boxeador mercedino Walter \"Yacar\u00e9\" Sequeira regres\u00f3 al cuadril\u00e1tero internacional en una dura batalla celebrada en el Fortitude Music Hall de Brisbane, Australia. El resultado final favoreci\u00f3 al local Conor Wallace, quien se impuso por nocaut en el sexto asalto. Internacional El combate,\u2026","rel":"","context":"En \u00abSociedad\u00bb","block_context":{"text":"Sociedad","link":"https:\/\/www.hoymercedes.com.ar\/principal\/category\/sociedad\/"},"img":{"alt_text":"Sequeira vs Wallace","src":"https:\/\/i0.wp.com\/www.hoymercedes.com.ar\/principal\/wp-content\/uploads\/2026\/04\/04231.gif?resize=350%2C200&ssl=1","width":350,"height":200},"classes":[]}],"_links":{"self":[{"href":"https:\/\/www.hoymercedes.com.ar\/principal\/wp-json\/wp\/v2\/posts\/125606","targetHints":{"allow":["GET"]}}],"collection":[{"href":"https:\/\/www.hoymercedes.com.ar\/principal\/wp-json\/wp\/v2\/posts"}],"about":[{"href":"https:\/\/www.hoymercedes.com.ar\/principal\/wp-json\/wp\/v2\/types\/post"}],"author":[{"embeddable":true,"href":"https:\/\/www.hoymercedes.com.ar\/principal\/wp-json\/wp\/v2\/users\/1"}],"replies":[{"embeddable":true,"href":"https:\/\/www.hoymercedes.com.ar\/principal\/wp-json\/wp\/v2\/comments?post=125606"}],"version-history":[{"count":0,"href":"https:\/\/www.hoymercedes.com.ar\/principal\/wp-json\/wp\/v2\/posts\/125606\/revisions"}],"wp:featuredmedia":[{"embeddable":true,"href":"https:\/\/www.hoymercedes.com.ar\/principal\/wp-json\/wp\/v2\/media\/125607"}],"wp:attachment":[{"href":"https:\/\/www.hoymercedes.com.ar\/principal\/wp-json\/wp\/v2\/media?parent=125606"}],"wp:term":[{"taxonomy":"category","embeddable":true,"href":"https:\/\/www.hoymercedes.com.ar\/principal\/wp-json\/wp\/v2\/categories?post=125606"},{"taxonomy":"post_tag","embeddable":true,"href":"https:\/\/www.hoymercedes.com.ar\/principal\/wp-json\/wp\/v2\/tags?post=125606"}],"curies":[{"name":"wp","href":"https:\/\/api.w.org\/{rel}","templated":true}]}}