{"id":12561,"date":"2012-04-30T19:19:00","date_gmt":"2012-04-30T19:19:00","guid":{"rendered":"http:\/\/www.hoymercedes.com.ar\/principal\/?p=12561"},"modified":"2012-04-30T19:19:00","modified_gmt":"2012-04-30T19:19:00","slug":"comienzan-los-regionales-de-atletismo","status":"publish","type":"post","link":"https:\/\/www.hoymercedes.com.ar\/principal\/2012\/04\/30\/comienzan-los-regionales-de-atletismo\/","title":{"rendered":"Comienzan los regionales de atletismo"},"content":{"rendered":"<p><a href=\"https:\/\/www.hoymercedes.com.ar\/principal\/wp-content\/uploads\/2012\/04\/Atletismo-en-Giles.jpg\"><img loading=\"lazy\" decoding=\"async\" data-attachment-id=\"12563\" data-permalink=\"https:\/\/www.hoymercedes.com.ar\/principal\/2012\/04\/30\/comienzan-los-regionales-de-atletismo\/atletismo-en-giles\/#main\" data-orig-file=\"https:\/\/www.hoymercedes.com.ar\/principal\/wp-content\/uploads\/2012\/04\/Atletismo-en-Giles.jpg\" data-orig-size=\"612,400\" data-comments-opened=\"1\" data-image-meta=\"{&quot;aperture&quot;:&quot;0&quot;,&quot;credit&quot;:&quot;&quot;,&quot;camera&quot;:&quot;&quot;,&quot;caption&quot;:&quot;&quot;,&quot;created_timestamp&quot;:&quot;0&quot;,&quot;copyright&quot;:&quot;&quot;,&quot;focal_length&quot;:&quot;0&quot;,&quot;iso&quot;:&quot;0&quot;,&quot;shutter_speed&quot;:&quot;0&quot;,&quot;title&quot;:&quot;&quot;}\" data-image-title=\"Atletismo-en-Giles\" data-image-description=\"\" data-image-caption=\"\" data-large-file=\"https:\/\/www.hoymercedes.com.ar\/principal\/wp-content\/uploads\/2012\/04\/Atletismo-en-Giles.jpg\" class=\"aligncenter size-full wp-image-12563\" title=\"Atletismo-en-Giles\" src=\"https:\/\/www.hoymercedes.com.ar\/principal\/wp-content\/uploads\/2012\/04\/Atletismo-en-Giles.jpg\" alt=\"\" width=\"612\" height=\"400\" \/><\/a><\/p>\n<p>Una nueva temporada de competencias regionales de atletismo en pista est\u00e1 a punto de comenzar. El pr\u00f3ximo s\u00e1bado 5 de mayo en la ciudad de San Andr\u00e9s de Giles se dar\u00e1 inicio a una nueva temporada de este deporte con pruebas para las categorias Pre- infantiles, Infantiles, Cadetes, Menores y Juveniles con la categoria Mayores. En la pista del Parque Municipal y organizado por la Direcci\u00f3n de Deportes de la ciudad de Giles junto con el Cef 27 de dicha ciudad en horario de la tarde este torneo inicial permitir\u00e1 que atletas de Mercedes, Suipacha, Gral Rodr\u00edguez, Luj\u00e1n , Navarro , San Antonio de Areco y los locales participen en las siguientes pruebas:<\/p>\n<p>Pre- Infantiles. (clases 2001 y 2002) : Triatl\u00f3n ( 60 mts- Lanz. de pelota y Salto en Alto)<\/p>\n<p>Infantiles. Clases 1999 &#8211; 2000): Triatl\u00f3n ( 80 mts- Lanz. de Bala &#8211; Salto en Alto)<\/p>\n<p>Cadetes. Clases 1997- 1998): 100 mts &#8211; Lanz. Disco y Salto en Largo.<\/p>\n<p>Menores Clases 1995 &#8211; 1996: 100 mts &#8211; Salto en Alto &#8211; Lanz. Jabalina &#8211; 1500 mts- Postas y 60 mts con vallas.<\/p>\n<p>Juveniles y Mayores Clases 1994 en adelante: 100 mts- Lanz. Disco &#8211; Salto en Alto &#8211; 1500 mts &#8211; Posta 4 x 100 y 60 mts vallas.<\/p>\n<p>En las pruebas de triatl\u00f3n es obligaci\u00f3n completar las 3 pruebas en el resto son pruebas individuales.<\/p>\n<p>As\u00ed mismo la Direcci\u00f3n de Deportes de Mercedes se encuentra preparando ya su competencia con fecha en el mes de Junio donde seguramente muchos j\u00f3venes y chicos puedan participar.<\/p>\n","protected":false},"excerpt":{"rendered":"<p>Una nueva temporada de competencias regionales de atletismo en pista est\u00e1 a punto de comenzar. El pr\u00f3ximo s\u00e1bado 5 de &#8230; <a title=\"Comienzan los regionales de atletismo\" class=\"read-more\" href=\"https:\/\/www.hoymercedes.com.ar\/principal\/2012\/04\/30\/comienzan-los-regionales-de-atletismo\/\" aria-label=\"Leer m\u00e1s sobre Comienzan los regionales de atletismo\">Leer m\u00e1s<\/a><\/p>\n","protected":false},"author":1,"featured_media":0,"comment_status":"open","ping_status":"open","sticky":false,"template":"","format":"standard","meta":{"_monsterinsights_skip_tracking":false,"_monsterinsights_sitenote_active":false,"_monsterinsights_sitenote_note":"","_monsterinsights_sitenote_category":0,"jetpack_post_was_ever_published":false,"_jetpack_newsletter_access":"","_jetpack_dont_email_post_to_subs":false,"_jetpack_newsletter_tier_id":0,"_jetpack_memberships_contains_paywalled_content":false,"_jetpack_memberships_contains_paid_content":false,"footnotes":"","jetpack_publicize_message":"","jetpack_publicize_feature_enabled":true,"jetpack_social_post_already_shared":false,"jetpack_social_options":{"image_generator_settings":{"template":"highway","default_image_id":0,"font":"","enabled":false},"version":2},"_wpas_customize_per_network":false},"categories":[21],"tags":[803,2124,2123],"class_list":["post-12561","post","type-post","status-publish","format-standard","hentry","category-deportes","tag-atletismo","tag-deportes-regionales","tag-san-andres-de-giles","generate-columns","tablet-grid-50","mobile-grid-100","grid-parent","grid-50"],"jetpack_publicize_connections":[],"jetpack_featured_media_url":"","wps_subtitle":"","jetpack_sharing_enabled":true,"_links":{"self":[{"href":"https:\/\/www.hoymercedes.com.ar\/principal\/wp-json\/wp\/v2\/posts\/12561","targetHints":{"allow":["GET"]}}],"collection":[{"href":"https:\/\/www.hoymercedes.com.ar\/principal\/wp-json\/wp\/v2\/posts"}],"about":[{"href":"https:\/\/www.hoymercedes.com.ar\/principal\/wp-json\/wp\/v2\/types\/post"}],"author":[{"embeddable":true,"href":"https:\/\/www.hoymercedes.com.ar\/principal\/wp-json\/wp\/v2\/users\/1"}],"replies":[{"embeddable":true,"href":"https:\/\/www.hoymercedes.com.ar\/principal\/wp-json\/wp\/v2\/comments?post=12561"}],"version-history":[{"count":0,"href":"https:\/\/www.hoymercedes.com.ar\/principal\/wp-json\/wp\/v2\/posts\/12561\/revisions"}],"wp:attachment":[{"href":"https:\/\/www.hoymercedes.com.ar\/principal\/wp-json\/wp\/v2\/media?parent=12561"}],"wp:term":[{"taxonomy":"category","embeddable":true,"href":"https:\/\/www.hoymercedes.com.ar\/principal\/wp-json\/wp\/v2\/categories?post=12561"},{"taxonomy":"post_tag","embeddable":true,"href":"https:\/\/www.hoymercedes.com.ar\/principal\/wp-json\/wp\/v2\/tags?post=12561"}],"curies":[{"name":"wp","href":"https:\/\/api.w.org\/{rel}","templated":true}]}}