{"id":125610,"date":"2021-03-01T18:15:00","date_gmt":"2021-03-01T21:15:00","guid":{"rendered":"http:\/\/www.hoymercedes.com.ar\/principal\/?p=125610"},"modified":"2021-03-01T17:45:50","modified_gmt":"2021-03-01T20:45:50","slug":"la-liga-de-futbol-definio-el-inicio-del-torneo","status":"publish","type":"post","link":"https:\/\/www.hoymercedes.com.ar\/principal\/2021\/03\/01\/la-liga-de-futbol-definio-el-inicio-del-torneo\/","title":{"rendered":"La Liga de Futbol defini\u00f3 el inicio del torneo"},"content":{"rendered":"\n<h3 class=\"wp-block-heading\"><strong><em>El lunes se realiz\u00f3 una reuni\u00f3n en la sede del Club Estudiantes para delinear los \u00faltimos detalles de cara al inicio el pr\u00f3ximo 13 de marzo. Durante esta temporada, se definir\u00e1 el campe\u00f3n del 2021 m\u00e1s los 14 equipos que conformar\u00e1n la primera divisi\u00f3n el a\u00f1o siguiente. Los restantes jugar\u00e1n el ascenso desde el 2022<\/em>.<\/strong><\/h3>\n\n\n\n<div class=\"wp-block-image\"><figure class=\"aligncenter size-large\"><img loading=\"lazy\" decoding=\"async\" width=\"890\" height=\"530\" data-attachment-id=\"125611\" data-permalink=\"https:\/\/www.hoymercedes.com.ar\/principal\/2021\/03\/01\/la-liga-de-futbol-definio-el-inicio-del-torneo\/01-liga-fe-futbol\/#main\" data-orig-file=\"https:\/\/www.hoymercedes.com.ar\/principal\/wp-content\/uploads\/2021\/03\/01-liga-fe-futbol.jpg\" data-orig-size=\"890,530\" data-comments-opened=\"0\" data-image-meta=\"{&quot;aperture&quot;:&quot;0&quot;,&quot;credit&quot;:&quot;&quot;,&quot;camera&quot;:&quot;&quot;,&quot;caption&quot;:&quot;&quot;,&quot;created_timestamp&quot;:&quot;0&quot;,&quot;copyright&quot;:&quot;&quot;,&quot;focal_length&quot;:&quot;0&quot;,&quot;iso&quot;:&quot;0&quot;,&quot;shutter_speed&quot;:&quot;0&quot;,&quot;title&quot;:&quot;&quot;,&quot;orientation&quot;:&quot;0&quot;}\" data-image-title=\"01 liga fe futbol\" data-image-description=\"\" data-image-caption=\"\" data-large-file=\"https:\/\/www.hoymercedes.com.ar\/principal\/wp-content\/uploads\/2021\/03\/01-liga-fe-futbol.jpg\" src=\"https:\/\/www.hoymercedes.com.ar\/principal\/wp-content\/uploads\/2021\/03\/01-liga-fe-futbol.jpg\" alt=\"\" class=\"wp-image-125611\" srcset=\"https:\/\/www.hoymercedes.com.ar\/principal\/wp-content\/uploads\/2021\/03\/01-liga-fe-futbol.jpg 890w, https:\/\/www.hoymercedes.com.ar\/principal\/wp-content\/uploads\/2021\/03\/01-liga-fe-futbol-630x375.jpg 630w, https:\/\/www.hoymercedes.com.ar\/principal\/wp-content\/uploads\/2021\/03\/01-liga-fe-futbol-150x89.jpg 150w, https:\/\/www.hoymercedes.com.ar\/principal\/wp-content\/uploads\/2021\/03\/01-liga-fe-futbol-445x265.jpg 445w\" sizes=\"auto, (max-width: 890px) 100vw, 890px\" \/><\/figure><\/div>\n\n\n\n<p>El lunes por la noche en la sede del Club Estudiantes, se llev\u00f3 a cabo una nueva reuni\u00f3n entre los clubes y los representantes de la Liga Mercedina de Futbol para poder delinear el inicio del torneo de Primera Divisi\u00f3n y Reserva el pr\u00f3ximo 13 de marzo.<\/p>\n\n\n\n<p>En principio, uno de los temas del encuentro fueron las afiliaciones por parte de los clubes. Tanto Espa\u00f1ol de Luj\u00e1n como AEFIP San Mart\u00edn son los \u00fanicos dos que restaban realizar la presentaci\u00f3n correspondiente, la cual venc\u00eda el pasado viernes 26. Ante el cierre de afiliaciones, el \u00fanico que present\u00f3 la filiaci\u00f3n fue el club mercedino, por lo que resta que se incorpore o no el conjunto lujanense.<\/p>\n\n\n\n<p>Por otra parte, se confirm\u00f3 el inicio del torneo y se hizo p\u00fablico el fixture de la primera ronda, el cual consta de 23 fechas. Recordamos que para este a\u00f1o, 24 son los conjuntos (de incluirse Espa\u00f1ol de Luj\u00e1n) que buscar\u00e1n definir no solo el campe\u00f3n de la temporada, sino tambi\u00e9n los descensos que conformar\u00e1n la Segunda Divisi\u00f3n desde el 2022. Para ello, todos los equipos se enfrentar\u00e1n bajo el formato de todos contra todos, lo que se reducir\u00e1 a la tabla de posiciones donde los primeros 12 jugaran una liguilla para definir el campe\u00f3n. El ganador de esta fase tendr\u00e1 un lugar en el Federal Amateur del 2022.<\/p>\n\n\n\n<p>En tanto, los dos \u00faltimos de esa tabla de posiciones perder\u00e1n la categor\u00eda y los 10 restantes buscar\u00e1n quedar solo dos para sumarse a la primera Divisi\u00f3n del siguiente a\u00f1o.<\/p>\n\n\n\n<p>Seg\u00fan lo proyectado desde la Liga, para la siguiente temporada se buscar\u00e1 que la primera divisi\u00f3n cuente con 14 equipos, mientras que la segunda lo har\u00e1 con el resto ya sean 10 o 9.<\/p>\n\n\n\n<p>Por lo pronto, el inicio del certamen estar\u00e1 compuesto por los siguientes enfrentamientos:<\/p>\n\n\n\n<h3 class=\"wp-block-heading\"><strong>Primera divisi\u00f3n<\/strong><\/h3>\n\n\n\n<p>Fecha 1: S\u00e1bado 13 de marzo<br>\u2022 Cancha: Quilmes.<br>A las 14 Ateneo vs. AMEFIP San Mart\u00edn.<br>A las 16.30 Quilmes vs. Gowland.<\/p>\n\n\n\n<p>\u2022 Cancha: Liga Mercedina.<br>A las 13 Estudiantes vs. V\u00e9lez.<br>A las 15.30 Talleres vs. La Tijera.<br>A las 18 Diego Armando vs. Atl\u00e9tico Marcos Paz.<\/p>\n\n\n\n<p>\u2022 Domingo 14<br>Cancha: Liga Mercedina.<br>A las 11 Espa\u00f1ol vs. El Tim\u00f3n.<br>A las 13.30 Trocha vs. Palometas.<br>A las 16.30 Los Carteros vs. Club Mercedes.<\/p>\n\n\n\n<p>\u2022 A confirmar<br>Pabell\u00f3n (Marcos Paz) vs. Defensores Juniors.<br>Col\u00f3n (Luj\u00e1n) vs. Holanda.<br>El Front\u00f3n (Giles) vs. Uni\u00f3n.<br>Juventud de Suipacha vs. Gimnasia.<\/p>\n\n\n\n<p>Colaboraci\u00f3n: Mariano Oyarz\u00fa<\/p>\n","protected":false},"excerpt":{"rendered":"<p>El lunes se realiz\u00f3 una reuni\u00f3n en la sede del Club Estudiantes para delinear los \u00faltimos detalles de cara al &#8230; <a title=\"La Liga de Futbol defini\u00f3 el inicio del torneo\" class=\"read-more\" href=\"https:\/\/www.hoymercedes.com.ar\/principal\/2021\/03\/01\/la-liga-de-futbol-definio-el-inicio-del-torneo\/\" aria-label=\"Leer m\u00e1s sobre La Liga de Futbol defini\u00f3 el inicio del torneo\">Leer m\u00e1s<\/a><\/p>\n","protected":false},"author":1,"featured_media":125611,"comment_status":"closed","ping_status":"open","sticky":false,"template":"","format":"standard","meta":{"_monsterinsights_skip_tracking":false,"_monsterinsights_sitenote_active":false,"_monsterinsights_sitenote_note":"","_monsterinsights_sitenote_category":0,"jetpack_post_was_ever_published":false,"_jetpack_newsletter_access":"","_jetpack_dont_email_post_to_subs":false,"_jetpack_newsletter_tier_id":0,"_jetpack_memberships_contains_paywalled_content":false,"_jetpack_memberships_contains_paid_content":false,"footnotes":"","jetpack_publicize_message":"","jetpack_publicize_feature_enabled":true,"jetpack_social_post_already_shared":true,"jetpack_social_options":{"image_generator_settings":{"template":"highway","default_image_id":0,"font":"","enabled":false},"version":2},"_wpas_customize_per_network":false},"categories":[21],"tags":[],"class_list":["post-125610","post","type-post","status-publish","format-standard","has-post-thumbnail","hentry","category-deportes","generate-columns","tablet-grid-50","mobile-grid-100","grid-parent","grid-50"],"jetpack_publicize_connections":[],"jetpack_featured_media_url":"https:\/\/www.hoymercedes.com.ar\/principal\/wp-content\/uploads\/2021\/03\/01-liga-fe-futbol.jpg","wps_subtitle":"","jetpack_sharing_enabled":true,"jetpack-related-posts":[{"id":158591,"url":"https:\/\/www.hoymercedes.com.ar\/principal\/2023\/02\/21\/liga-mercedina-de-futbol-definen-los-torneos-de-primera-y-segunda\/","url_meta":{"origin":125610,"position":0},"title":"Liga Mercedina de F\u00fatbol: Definen los torneos de Primera y Segunda\u00a0","author":"hoymercedes","date":"21 febrero, 2023","format":false,"excerpt":"Se realiz\u00f3 una reuni\u00f3n en la Liga Mercedina para delinear la temporada 2023. Hay novedades en Primera, Segunda e Infanto Juvenil. En tanto, el Senior y\u00a0 el F\u00fatbol Femenino aguardan por el inicio de su temporada.\u00a0 \u00a0Durante la semana se llev\u00f3 a cabo una reuni\u00f3n en las instalaciones de la\u2026","rel":"","context":"En \u00abDeportes\u00bb","block_context":{"text":"Deportes","link":"https:\/\/www.hoymercedes.com.ar\/principal\/category\/deportes\/"},"img":{"alt_text":"","src":"https:\/\/i0.wp.com\/www.hoymercedes.com.ar\/principal\/wp-content\/uploads\/2023\/02\/liga-2102.jpeg?resize=350%2C200&ssl=1","width":350,"height":200,"srcset":"https:\/\/i0.wp.com\/www.hoymercedes.com.ar\/principal\/wp-content\/uploads\/2023\/02\/liga-2102.jpeg?resize=350%2C200&ssl=1 1x, https:\/\/i0.wp.com\/www.hoymercedes.com.ar\/principal\/wp-content\/uploads\/2023\/02\/liga-2102.jpeg?resize=525%2C300&ssl=1 1.5x, https:\/\/i0.wp.com\/www.hoymercedes.com.ar\/principal\/wp-content\/uploads\/2023\/02\/liga-2102.jpeg?resize=700%2C400&ssl=1 2x"},"classes":[]},{"id":192917,"url":"https:\/\/www.hoymercedes.com.ar\/principal\/2026\/03\/08\/el-futbol-femenino-de-la-liga-mercedina-retraso-una-semana-el-inicio-de-la-primera-division\/","url_meta":{"origin":125610,"position":1},"title":"El f\u00fatbol femenino de la Liga Mercedina retras\u00f3 una semana el inicio de la Primera Divisi\u00f3n","author":"hoymercedes","date":"8 marzo, 2026","format":false,"excerpt":"En la noche del jueves se llev\u00f3 adelante en la sede de la Liga Mercedina de F\u00fatbol una reuni\u00f3n de delegados del Departamento de F\u00fatbol Femenino, donde se analizaron distintos aspectos organizativos de cara a la nueva temporada para las categor\u00edas Sub 11, Sub 13, Sub 15, Sub 17 y\u2026","rel":"","context":"En \u00abDeportes\u00bb","block_context":{"text":"Deportes","link":"https:\/\/www.hoymercedes.com.ar\/principal\/category\/deportes\/"},"img":{"alt_text":"","src":"https:\/\/i0.wp.com\/www.hoymercedes.com.ar\/principal\/wp-content\/uploads\/2026\/03\/image-20.png?resize=350%2C200&ssl=1","width":350,"height":200,"srcset":"https:\/\/i0.wp.com\/www.hoymercedes.com.ar\/principal\/wp-content\/uploads\/2026\/03\/image-20.png?resize=350%2C200&ssl=1 1x, https:\/\/i0.wp.com\/www.hoymercedes.com.ar\/principal\/wp-content\/uploads\/2026\/03\/image-20.png?resize=525%2C300&ssl=1 1.5x, https:\/\/i0.wp.com\/www.hoymercedes.com.ar\/principal\/wp-content\/uploads\/2026\/03\/image-20.png?resize=700%2C400&ssl=1 2x, https:\/\/i0.wp.com\/www.hoymercedes.com.ar\/principal\/wp-content\/uploads\/2026\/03\/image-20.png?resize=1050%2C600&ssl=1 3x"},"classes":[]},{"id":150025,"url":"https:\/\/www.hoymercedes.com.ar\/principal\/2022\/06\/29\/futbol-femenino-definen-el-fixture-del-torneo-clausura\/","url_meta":{"origin":125610,"position":2},"title":"Futbol Femenino: definen el fixture del torneo clausura","author":"hoymercedes","date":"29 junio, 2022","format":false,"excerpt":"Futbol Femenino: definen el fixture del torneo clausura. El comienzo de la primera divisi\u00f3n ser\u00e1 el 2 de julio","rel":"","context":"En \u00abDeportes\u00bb","block_context":{"text":"Deportes","link":"https:\/\/www.hoymercedes.com.ar\/principal\/category\/deportes\/"},"img":{"alt_text":"","src":"https:\/\/i0.wp.com\/www.hoymercedes.com.ar\/principal\/wp-content\/uploads\/2022\/06\/fixture-femenino.jpg?resize=350%2C200&ssl=1","width":350,"height":200,"srcset":"https:\/\/i0.wp.com\/www.hoymercedes.com.ar\/principal\/wp-content\/uploads\/2022\/06\/fixture-femenino.jpg?resize=350%2C200&ssl=1 1x, https:\/\/i0.wp.com\/www.hoymercedes.com.ar\/principal\/wp-content\/uploads\/2022\/06\/fixture-femenino.jpg?resize=525%2C300&ssl=1 1.5x, https:\/\/i0.wp.com\/www.hoymercedes.com.ar\/principal\/wp-content\/uploads\/2022\/06\/fixture-femenino.jpg?resize=700%2C400&ssl=1 2x"},"classes":[]},{"id":159722,"url":"https:\/\/www.hoymercedes.com.ar\/principal\/2023\/03\/18\/arranca-el-futbol-femenino-de-la-liga-mercedina\/","url_meta":{"origin":125610,"position":3},"title":"Arranca el f\u00fatbol femenino de la Liga Mercedina","author":"hoymercedes","date":"18 marzo, 2023","format":false,"excerpt":"Este s\u00e1bado dar\u00e1 inicio el certamen de primera divisi\u00f3n. En Mercedes habr\u00e1 partidos el s\u00e1bado y el domingo se completar\u00e1 la fecha fuera de la ciudad. La Liga dio a conocer los horarios y sedes de la primera fecha. Luego de varias reuniones entre los dirigentes de los clubes y\u2026","rel":"","context":"En \u00abDeportes\u00bb","block_context":{"text":"Deportes","link":"https:\/\/www.hoymercedes.com.ar\/principal\/category\/deportes\/"},"img":{"alt_text":"","src":"https:\/\/i0.wp.com\/www.hoymercedes.com.ar\/principal\/wp-content\/uploads\/2023\/03\/image-28.png?resize=350%2C200&ssl=1","width":350,"height":200,"srcset":"https:\/\/i0.wp.com\/www.hoymercedes.com.ar\/principal\/wp-content\/uploads\/2023\/03\/image-28.png?resize=350%2C200&ssl=1 1x, https:\/\/i0.wp.com\/www.hoymercedes.com.ar\/principal\/wp-content\/uploads\/2023\/03\/image-28.png?resize=525%2C300&ssl=1 1.5x"},"classes":[]},{"id":147237,"url":"https:\/\/www.hoymercedes.com.ar\/principal\/2022\/04\/27\/arranca-el-torneo-2022-de-la-liga-mercedina-de-futbol\/","url_meta":{"origin":125610,"position":4},"title":"Arranca el torneo 2022 de la Liga Mercedina de Futbol\u00a0","author":"hoymercedes","date":"27 abril, 2022","format":false,"excerpt":"En la semana, la Liga Mercedina de Futbol dispuso el fixture, tanto para la Primera Divisi\u00f3n como para la Segunda, teniendo en cuanta el formato que se llevar\u00e1 adelante en el siguiente certamen.\u00a0 Tras lo ocurrido en el \u00faltimo torneo que qued\u00f3 en manos de Trocha, la Liga local defini\u00f3\u2026","rel":"","context":"En \u00abDeportes\u00bb","block_context":{"text":"Deportes","link":"https:\/\/www.hoymercedes.com.ar\/principal\/category\/deportes\/"},"img":{"alt_text":"","src":"https:\/\/i0.wp.com\/www.hoymercedes.com.ar\/principal\/wp-content\/uploads\/2021\/03\/13-futbol-liga.jpg?resize=350%2C200&ssl=1","width":350,"height":200,"srcset":"https:\/\/i0.wp.com\/www.hoymercedes.com.ar\/principal\/wp-content\/uploads\/2021\/03\/13-futbol-liga.jpg?resize=350%2C200&ssl=1 1x, https:\/\/i0.wp.com\/www.hoymercedes.com.ar\/principal\/wp-content\/uploads\/2021\/03\/13-futbol-liga.jpg?resize=525%2C300&ssl=1 1.5x, https:\/\/i0.wp.com\/www.hoymercedes.com.ar\/principal\/wp-content\/uploads\/2021\/03\/13-futbol-liga.jpg?resize=700%2C400&ssl=1 2x"},"classes":[]},{"id":47431,"url":"https:\/\/www.hoymercedes.com.ar\/principal\/2016\/02\/25\/hockey-femenino-preparan-el-inicio-de-la-linebh\/","url_meta":{"origin":125610,"position":5},"title":"Hockey femenino: Preparan el inicio de la LINEBH","author":"hoymercedes","date":"25 febrero, 2016","format":false,"excerpt":"La Liga del Noroeste Bonaerense de Hockey empieza a delinear c\u00f3mo ser\u00e1 su pr\u00f3xima temporada, que contar\u00e1 con un nuevo equipo de la localidad de Luj\u00e1n. Jugar\u00e1n todos contra todos y al Play-Off clasificar\u00e1n los mejores seis de cada categor\u00eda, siendo 1 y 2 los que pasen directo a semifinales.\u2026","rel":"","context":"En \u00abCiudad\u00bb","block_context":{"text":"Ciudad","link":"https:\/\/www.hoymercedes.com.ar\/principal\/category\/ciudad\/"},"img":{"alt_text":"","src":"https:\/\/i0.wp.com\/www.hoymercedes.com.ar\/principal\/wp-content\/uploads\/2016\/02\/hockey-quilmescampeon.jpg?resize=350%2C200&ssl=1","width":350,"height":200,"srcset":"https:\/\/i0.wp.com\/www.hoymercedes.com.ar\/principal\/wp-content\/uploads\/2016\/02\/hockey-quilmescampeon.jpg?resize=350%2C200&ssl=1 1x, https:\/\/i0.wp.com\/www.hoymercedes.com.ar\/principal\/wp-content\/uploads\/2016\/02\/hockey-quilmescampeon.jpg?resize=525%2C300&ssl=1 1.5x"},"classes":[]}],"_links":{"self":[{"href":"https:\/\/www.hoymercedes.com.ar\/principal\/wp-json\/wp\/v2\/posts\/125610","targetHints":{"allow":["GET"]}}],"collection":[{"href":"https:\/\/www.hoymercedes.com.ar\/principal\/wp-json\/wp\/v2\/posts"}],"about":[{"href":"https:\/\/www.hoymercedes.com.ar\/principal\/wp-json\/wp\/v2\/types\/post"}],"author":[{"embeddable":true,"href":"https:\/\/www.hoymercedes.com.ar\/principal\/wp-json\/wp\/v2\/users\/1"}],"replies":[{"embeddable":true,"href":"https:\/\/www.hoymercedes.com.ar\/principal\/wp-json\/wp\/v2\/comments?post=125610"}],"version-history":[{"count":0,"href":"https:\/\/www.hoymercedes.com.ar\/principal\/wp-json\/wp\/v2\/posts\/125610\/revisions"}],"wp:featuredmedia":[{"embeddable":true,"href":"https:\/\/www.hoymercedes.com.ar\/principal\/wp-json\/wp\/v2\/media\/125611"}],"wp:attachment":[{"href":"https:\/\/www.hoymercedes.com.ar\/principal\/wp-json\/wp\/v2\/media?parent=125610"}],"wp:term":[{"taxonomy":"category","embeddable":true,"href":"https:\/\/www.hoymercedes.com.ar\/principal\/wp-json\/wp\/v2\/categories?post=125610"},{"taxonomy":"post_tag","embeddable":true,"href":"https:\/\/www.hoymercedes.com.ar\/principal\/wp-json\/wp\/v2\/tags?post=125610"}],"curies":[{"name":"wp","href":"https:\/\/api.w.org\/{rel}","templated":true}]}}