{"id":125617,"date":"2021-03-01T20:16:00","date_gmt":"2021-03-01T23:16:00","guid":{"rendered":"http:\/\/www.hoymercedes.com.ar\/principal\/?p=125617"},"modified":"2021-03-01T19:24:43","modified_gmt":"2021-03-01T22:24:43","slug":"desde-ate-y-el-stmm-entregan-bonos-para-compra-de-utiles-escolares","status":"publish","type":"post","link":"https:\/\/www.hoymercedes.com.ar\/principal\/2021\/03\/01\/desde-ate-y-el-stmm-entregan-bonos-para-compra-de-utiles-escolares\/","title":{"rendered":"Desde ATE y el STMM entregan bonos para compra de \u00fatiles escolares"},"content":{"rendered":"\n<p>Los gremios estatales realizan una entrega de bonos econ\u00f3micos y kits escolares para el inicio de clases 2021 \u2022 Dicha entrega comenz\u00f3 la semana pasada y continuar\u00e1 en los pr\u00f3ximos d\u00edas.\u00a0<\/p>\n\n\n\n<p>Desde la semana pasada, tanto el gremio estatal ATE como el Sindicato de Trabajadores Municipales de Mercedes&nbsp;comenzaron&nbsp;con la entrega de bonos destinados a los afiliados para afrontar los gastos relacionados con el inicio de clases 2021.&nbsp;<\/p>\n\n\n\n<p>En este sentido, el secretario general de ATE Mercedes Hugo&nbsp;Bonafina, quien&nbsp;nuclea&nbsp;en su mayor\u00eda a auxiliares docentes tanto como trabajadores municipales manifest\u00f3 que \u201cdesde hace muchos a\u00f1os que, tras la dificultad de conseguir salarios dignos comenzamos con este mecanismo de aportes de la propia recaudaci\u00f3n que tiene el gremio con los afiliados\u201d.&nbsp;<\/p>\n\n\n\n<p>Para ello,&nbsp;Bonafina&nbsp;coment\u00f3 que \u201chemos realizado convenio con comerciantes locales como librer\u00edas, art\u00edculos para el hogar, ropa deportiva, tanto en la b\u00fasqueda de generar un mayor consumo como tambi\u00e9n dar esta ayuda econ\u00f3mica a nuestros afiliados\u201d.&nbsp;<\/p>\n\n\n\n<p>Para ello, se comenz\u00f3 a entregar un bono de 2.000 pesos en el local de la CTA (esquina de 17 y 30, pegado a la sede del gremio) para aquellos afiliados que deseen hacerse con este sustento. Esta entrega tendr\u00e1 su continuidad en las seas siguientes, pero desde el sindicato advirtieron que va a estar a disposici\u00f3n de sus afiliados durante todo el a\u00f1o ya que bonos no poseen un plazo de vencimiento.&nbsp;<\/p>\n\n\n\n<p>\u201cCalculamos que hay mas de 300 chicos que tienen edad de obligatoriedad de escuela entre nuestros afiliados, el cual abarca de la \u00faltima sala de jard\u00edn de infantes hasta el \u00faltimo a\u00f1o de secundaria\u201d expres\u00f3&nbsp;Bonafina.&nbsp;<\/p>\n\n\n\n<p>Para acceder a este beneficio no es necesario un registro previo. Aquellos afiliados que est\u00e9n interesados de hacerse con esta ayuda social deber\u00e1n presentar el certificado.&nbsp;<\/p>\n\n\n\n<p>En tanto, desde el Sindicato de Trabajadores Municipales se viene implementando una medida similar. Desde sus redes sociales manifestaron que el pasado viernes comenz\u00f3 la entrega de kits para afiliados en la\u00a0sede de calle 10 entre 29 y 31. Estar\u00e1 destinada a los estudiantes del \u00faltimo a\u00f1o de jard\u00edn hasta el secundario.\u00a0<\/p>\n\n\n\n<p>Colaboraci\u00f3n Mariano Oyarz\u00fa<\/p>\n","protected":false},"excerpt":{"rendered":"<p>Los gremios estatales realizan una entrega de bonos econ\u00f3micos y kits escolares para el inicio de clases 2021 \u2022 Dicha &#8230; <a title=\"Desde ATE y el STMM entregan bonos para compra de \u00fatiles escolares\" class=\"read-more\" href=\"https:\/\/www.hoymercedes.com.ar\/principal\/2021\/03\/01\/desde-ate-y-el-stmm-entregan-bonos-para-compra-de-utiles-escolares\/\" aria-label=\"Leer m\u00e1s sobre Desde ATE y el STMM entregan bonos para compra de \u00fatiles escolares\">Leer m\u00e1s<\/a><\/p>\n","protected":false},"author":1,"featured_media":125618,"comment_status":"closed","ping_status":"open","sticky":false,"template":"","format":"standard","meta":{"_monsterinsights_skip_tracking":false,"_monsterinsights_sitenote_active":false,"_monsterinsights_sitenote_note":"","_monsterinsights_sitenote_category":0,"jetpack_post_was_ever_published":false,"_jetpack_newsletter_access":"","_jetpack_dont_email_post_to_subs":false,"_jetpack_newsletter_tier_id":0,"_jetpack_memberships_contains_paywalled_content":false,"_jetpack_memberships_contains_paid_content":false,"footnotes":"","jetpack_publicize_message":"","jetpack_publicize_feature_enabled":true,"jetpack_social_post_already_shared":true,"jetpack_social_options":{"image_generator_settings":{"template":"highway","default_image_id":0,"font":"","enabled":false},"version":2},"_wpas_customize_per_network":false},"categories":[10563],"tags":[],"class_list":["post-125617","post","type-post","status-publish","format-standard","has-post-thumbnail","hentry","category-gremios-sindicatos","generate-columns","tablet-grid-50","mobile-grid-100","grid-parent","grid-50"],"jetpack_publicize_connections":[],"jetpack_featured_media_url":"https:\/\/www.hoymercedes.com.ar\/principal\/wp-content\/uploads\/2021\/03\/01-sindicatos-municipales.jpg","wps_subtitle":"","jetpack_sharing_enabled":true,"_links":{"self":[{"href":"https:\/\/www.hoymercedes.com.ar\/principal\/wp-json\/wp\/v2\/posts\/125617","targetHints":{"allow":["GET"]}}],"collection":[{"href":"https:\/\/www.hoymercedes.com.ar\/principal\/wp-json\/wp\/v2\/posts"}],"about":[{"href":"https:\/\/www.hoymercedes.com.ar\/principal\/wp-json\/wp\/v2\/types\/post"}],"author":[{"embeddable":true,"href":"https:\/\/www.hoymercedes.com.ar\/principal\/wp-json\/wp\/v2\/users\/1"}],"replies":[{"embeddable":true,"href":"https:\/\/www.hoymercedes.com.ar\/principal\/wp-json\/wp\/v2\/comments?post=125617"}],"version-history":[{"count":0,"href":"https:\/\/www.hoymercedes.com.ar\/principal\/wp-json\/wp\/v2\/posts\/125617\/revisions"}],"wp:featuredmedia":[{"embeddable":true,"href":"https:\/\/www.hoymercedes.com.ar\/principal\/wp-json\/wp\/v2\/media\/125618"}],"wp:attachment":[{"href":"https:\/\/www.hoymercedes.com.ar\/principal\/wp-json\/wp\/v2\/media?parent=125617"}],"wp:term":[{"taxonomy":"category","embeddable":true,"href":"https:\/\/www.hoymercedes.com.ar\/principal\/wp-json\/wp\/v2\/categories?post=125617"},{"taxonomy":"post_tag","embeddable":true,"href":"https:\/\/www.hoymercedes.com.ar\/principal\/wp-json\/wp\/v2\/tags?post=125617"}],"curies":[{"name":"wp","href":"https:\/\/api.w.org\/{rel}","templated":true}]}}