{"id":125622,"date":"2021-03-02T12:32:00","date_gmt":"2021-03-02T15:32:00","guid":{"rendered":"http:\/\/www.hoymercedes.com.ar\/principal\/?p=125622"},"modified":"2021-03-01T20:17:26","modified_gmt":"2021-03-01T23:17:26","slug":"nutrida-actividad-para-el-tenis-de-mesa-local","status":"publish","type":"post","link":"https:\/\/www.hoymercedes.com.ar\/principal\/2021\/03\/02\/nutrida-actividad-para-el-tenis-de-mesa-local\/","title":{"rendered":"Nutrida actividad para el tenis de mesa local"},"content":{"rendered":"\n<h3 class=\"wp-block-heading\"><strong><em>Varios mercedinos participaron de distintas categor\u00edas y competencias en estas \u00faltimas semanas. Todos han logrado buenos resultados y sumatoria de puntos para el ranking.<\/em><\/strong><\/h3>\n\n\n\n<div class=\"wp-block-image\"><figure class=\"aligncenter size-large\"><img loading=\"lazy\" decoding=\"async\" width=\"1024\" height=\"473\" data-attachment-id=\"125624\" data-permalink=\"https:\/\/www.hoymercedes.com.ar\/principal\/2021\/03\/02\/nutrida-actividad-para-el-tenis-de-mesa-local\/02-tenis-de-mesa-2\/#main\" data-orig-file=\"https:\/\/www.hoymercedes.com.ar\/principal\/wp-content\/uploads\/2021\/03\/02-tenis-de-mesa-2.jpg\" data-orig-size=\"1152,532\" data-comments-opened=\"0\" data-image-meta=\"{&quot;aperture&quot;:&quot;0&quot;,&quot;credit&quot;:&quot;&quot;,&quot;camera&quot;:&quot;&quot;,&quot;caption&quot;:&quot;&quot;,&quot;created_timestamp&quot;:&quot;0&quot;,&quot;copyright&quot;:&quot;&quot;,&quot;focal_length&quot;:&quot;0&quot;,&quot;iso&quot;:&quot;0&quot;,&quot;shutter_speed&quot;:&quot;0&quot;,&quot;title&quot;:&quot;&quot;,&quot;orientation&quot;:&quot;0&quot;}\" data-image-title=\"02 tenis de mesa 2\" data-image-description=\"\" data-image-caption=\"\" data-large-file=\"https:\/\/www.hoymercedes.com.ar\/principal\/wp-content\/uploads\/2021\/03\/02-tenis-de-mesa-2-1024x473.jpg\" src=\"https:\/\/www.hoymercedes.com.ar\/principal\/wp-content\/uploads\/2021\/03\/02-tenis-de-mesa-2-1024x473.jpg\" alt=\"\" class=\"wp-image-125624\" srcset=\"https:\/\/www.hoymercedes.com.ar\/principal\/wp-content\/uploads\/2021\/03\/02-tenis-de-mesa-2-1024x473.jpg 1024w, https:\/\/www.hoymercedes.com.ar\/principal\/wp-content\/uploads\/2021\/03\/02-tenis-de-mesa-2-630x291.jpg 630w, https:\/\/www.hoymercedes.com.ar\/principal\/wp-content\/uploads\/2021\/03\/02-tenis-de-mesa-2-150x69.jpg 150w, https:\/\/www.hoymercedes.com.ar\/principal\/wp-content\/uploads\/2021\/03\/02-tenis-de-mesa-2.jpg 1152w\" sizes=\"auto, (max-width: 1024px) 100vw, 1024px\" \/><\/figure><\/div>\n\n\n\n<p>En principio, el pasado domingo Hern\u00e1n De Andrea, Dar\u00edo Dellafontana y Luciano Bozzuto, participaron del torneo N\u00b0 420 de la ciudad de Vicente L\u00f3pez. El destacado de la tarde fue De Andrea, quien se enfrento a jugadores de alto nivel, ganando su grupo 2-0 al jugador de Tigre y 2-1 al jugador de Saladillo. En octavos de final le gano 3-1 a Opazo David, en 4tos de final 3-1 a Bisforo Lucas.\u00a0 Ya en semifinales se enfrentar\u00eda al jugador local Burgos N\u00e9stor en un partido cambiante que terminar\u00eda con victoria de Hern\u00e1n 3 set a 2, su pase a la final se enfrento a Luciano Bozzuto, de gran partido fue por 3 set a 1 para Hern\u00e1n De Andrea logrando su tercer titulo a nivel TMT.<\/p>\n\n\n\n<div class=\"wp-block-image\"><figure class=\"aligncenter size-large\"><img loading=\"lazy\" decoding=\"async\" width=\"1024\" height=\"473\" data-attachment-id=\"125623\" data-permalink=\"https:\/\/www.hoymercedes.com.ar\/principal\/2021\/03\/02\/nutrida-actividad-para-el-tenis-de-mesa-local\/02-tenis-de-mesa-3\/#main\" data-orig-file=\"https:\/\/www.hoymercedes.com.ar\/principal\/wp-content\/uploads\/2021\/03\/02-tenis-de-mesa-3.jpg\" data-orig-size=\"1152,532\" data-comments-opened=\"0\" data-image-meta=\"{&quot;aperture&quot;:&quot;0&quot;,&quot;credit&quot;:&quot;&quot;,&quot;camera&quot;:&quot;&quot;,&quot;caption&quot;:&quot;&quot;,&quot;created_timestamp&quot;:&quot;0&quot;,&quot;copyright&quot;:&quot;&quot;,&quot;focal_length&quot;:&quot;0&quot;,&quot;iso&quot;:&quot;0&quot;,&quot;shutter_speed&quot;:&quot;0&quot;,&quot;title&quot;:&quot;&quot;,&quot;orientation&quot;:&quot;0&quot;}\" data-image-title=\"02 tenis de mesa 3\" data-image-description=\"\" data-image-caption=\"\" data-large-file=\"https:\/\/www.hoymercedes.com.ar\/principal\/wp-content\/uploads\/2021\/03\/02-tenis-de-mesa-3-1024x473.jpg\" src=\"https:\/\/www.hoymercedes.com.ar\/principal\/wp-content\/uploads\/2021\/03\/02-tenis-de-mesa-3-1024x473.jpg\" alt=\"\" class=\"wp-image-125623\" srcset=\"https:\/\/www.hoymercedes.com.ar\/principal\/wp-content\/uploads\/2021\/03\/02-tenis-de-mesa-3-1024x473.jpg 1024w, https:\/\/www.hoymercedes.com.ar\/principal\/wp-content\/uploads\/2021\/03\/02-tenis-de-mesa-3-630x291.jpg 630w, https:\/\/www.hoymercedes.com.ar\/principal\/wp-content\/uploads\/2021\/03\/02-tenis-de-mesa-3-150x69.jpg 150w, https:\/\/www.hoymercedes.com.ar\/principal\/wp-content\/uploads\/2021\/03\/02-tenis-de-mesa-3.jpg 1152w\" sizes=\"auto, (max-width: 1024px) 100vw, 1024px\" \/><\/figure><\/div>\n\n\n\n<p>Por su parte Dellafontana y quedo en el camino llegando a 8vos de final y siguen sumando al Ranking.<\/p>\n\n\n\n<p>En tanto, en el 131\u00b0 torneo Cedima en San Justo, dentro de la categor\u00eda de 5ta Division, Alejandro Russo gano su grupo con partidos sin sobresaltos en la cual acceder\u00eda a instancias finales. En la final se enfrento al jugador local Nicol\u00e1s Husson. Russo de gran torneo comenz\u00f3 ganando el primer set pero no le alcanzo y termino 1-3 para Husson. Durante el fin de semana consigui\u00f3 cosechar 120 puntos que lo acerca al ascenso de divisi\u00f3n.<\/p>\n\n\n\n<p>Por \u00faltimo, un grupo de jugadores representantes de Mercedes Tenis de mesa participaron del torneo TMT el s\u00e1bado por la copa de campeones, jugado en el predio del CENARD. La delegaci\u00f3n fue Christian Cerverizzo, Alejandro Russo, Nicol\u00e1s Rivas, Hern\u00e1n De Andrea, Dar\u00edo Dellafontana y Luciano Bozzuto. Participaron en las categor\u00edas 7ma, 5ta, 4ta y 3ra. y lograron avanzar a instancias finales ganando importantes puntos para el ranking TMT.<\/p>\n\n\n\n<p>Colaboraci\u00f3n Mariano Oyarz\u00fa<\/p>\n\n\n\n<div class=\"wp-block-image\"><figure class=\"aligncenter size-large\"><img loading=\"lazy\" decoding=\"async\" width=\"1024\" height=\"768\" data-attachment-id=\"125625\" data-permalink=\"https:\/\/www.hoymercedes.com.ar\/principal\/2021\/03\/02\/nutrida-actividad-para-el-tenis-de-mesa-local\/02-tenis-de-mesa-1\/#main\" data-orig-file=\"https:\/\/www.hoymercedes.com.ar\/principal\/wp-content\/uploads\/2021\/03\/02-tenis-de-mesa-1.jpg\" data-orig-size=\"1280,960\" data-comments-opened=\"0\" data-image-meta=\"{&quot;aperture&quot;:&quot;0&quot;,&quot;credit&quot;:&quot;&quot;,&quot;camera&quot;:&quot;&quot;,&quot;caption&quot;:&quot;&quot;,&quot;created_timestamp&quot;:&quot;0&quot;,&quot;copyright&quot;:&quot;&quot;,&quot;focal_length&quot;:&quot;0&quot;,&quot;iso&quot;:&quot;0&quot;,&quot;shutter_speed&quot;:&quot;0&quot;,&quot;title&quot;:&quot;&quot;,&quot;orientation&quot;:&quot;0&quot;}\" data-image-title=\"02 tenis de mesa 1\" data-image-description=\"\" data-image-caption=\"\" data-large-file=\"https:\/\/www.hoymercedes.com.ar\/principal\/wp-content\/uploads\/2021\/03\/02-tenis-de-mesa-1-1024x768.jpg\" src=\"https:\/\/www.hoymercedes.com.ar\/principal\/wp-content\/uploads\/2021\/03\/02-tenis-de-mesa-1-1024x768.jpg\" alt=\"\" class=\"wp-image-125625\" srcset=\"https:\/\/www.hoymercedes.com.ar\/principal\/wp-content\/uploads\/2021\/03\/02-tenis-de-mesa-1-1024x768.jpg 1024w, https:\/\/www.hoymercedes.com.ar\/principal\/wp-content\/uploads\/2021\/03\/02-tenis-de-mesa-1-630x473.jpg 630w, https:\/\/www.hoymercedes.com.ar\/principal\/wp-content\/uploads\/2021\/03\/02-tenis-de-mesa-1-150x113.jpg 150w, https:\/\/www.hoymercedes.com.ar\/principal\/wp-content\/uploads\/2021\/03\/02-tenis-de-mesa-1.jpg 1280w\" sizes=\"auto, (max-width: 1024px) 100vw, 1024px\" \/><\/figure><\/div>\n","protected":false},"excerpt":{"rendered":"<p>Varios mercedinos participaron de distintas categor\u00edas y competencias en estas \u00faltimas semanas. Todos han logrado buenos resultados y sumatoria de &#8230; <a title=\"Nutrida actividad para el tenis de mesa local\" class=\"read-more\" href=\"https:\/\/www.hoymercedes.com.ar\/principal\/2021\/03\/02\/nutrida-actividad-para-el-tenis-de-mesa-local\/\" aria-label=\"Leer m\u00e1s sobre Nutrida actividad para el tenis de mesa local\">Leer m\u00e1s<\/a><\/p>\n","protected":false},"author":1,"featured_media":125625,"comment_status":"closed","ping_status":"open","sticky":false,"template":"","format":"standard","meta":{"_monsterinsights_skip_tracking":false,"_monsterinsights_sitenote_active":false,"_monsterinsights_sitenote_note":"","_monsterinsights_sitenote_category":0,"jetpack_post_was_ever_published":false,"_jetpack_newsletter_access":"","_jetpack_dont_email_post_to_subs":false,"_jetpack_newsletter_tier_id":0,"_jetpack_memberships_contains_paywalled_content":false,"_jetpack_memberships_contains_paid_content":false,"footnotes":"","jetpack_publicize_message":"","jetpack_publicize_feature_enabled":true,"jetpack_social_post_already_shared":true,"jetpack_social_options":{"image_generator_settings":{"template":"highway","default_image_id":0,"font":"","enabled":false},"version":2},"_wpas_customize_per_network":false},"categories":[21],"tags":[],"class_list":["post-125622","post","type-post","status-publish","format-standard","has-post-thumbnail","hentry","category-deportes","generate-columns","tablet-grid-50","mobile-grid-100","grid-parent","grid-50"],"jetpack_publicize_connections":[],"jetpack_featured_media_url":"https:\/\/www.hoymercedes.com.ar\/principal\/wp-content\/uploads\/2021\/03\/02-tenis-de-mesa-1.jpg","wps_subtitle":"","jetpack_sharing_enabled":true,"jetpack-related-posts":[{"id":135413,"url":"https:\/\/www.hoymercedes.com.ar\/principal\/2021\/08\/17\/podios-en-el-primer-torneo-tmt-junin\/","url_meta":{"origin":125622,"position":0},"title":"Podios en el primer Torneo TMT Jun\u00edn","author":"hoymercedes","date":"17 agosto, 2021","format":false,"excerpt":"El s\u00e1bado jugadores Federados de la Escuela Municipal de Tenis de mesa participaron del primer torneo realizado en el \u201cClub Mariano Moreno de la Ciudad de Jun\u00edn\u201d.\u00a0Los\u00a0mercedinos\u00a0Alejandro\u00a0Russo,Javier\u00a0Russo,\u00a0Hernan\u00a0De\u00a0Andrea,Dario\u00a0Dellafontana\u00a0y Luciano\u00a0Bozzuto\u00a0participaron en las categor\u00edas 5ta, 4ta y 3ra.\u00a0 Los destacados de la tarde fueron Dar\u00edo Dellafontana\u00a0 que se qued\u00f3 nuevamente con el t\u00edtulo\u2026","rel":"","context":"En \u00abDeportes\u00bb","block_context":{"text":"Deportes","link":"https:\/\/www.hoymercedes.com.ar\/principal\/category\/deportes\/"},"img":{"alt_text":"","src":"https:\/\/i0.wp.com\/www.hoymercedes.com.ar\/principal\/wp-content\/uploads\/2021\/08\/WhatsApp-Image-2021-08-16-at-12.58.06-e1629136348750.jpeg?resize=350%2C200&ssl=1","width":350,"height":200,"srcset":"https:\/\/i0.wp.com\/www.hoymercedes.com.ar\/principal\/wp-content\/uploads\/2021\/08\/WhatsApp-Image-2021-08-16-at-12.58.06-e1629136348750.jpeg?resize=350%2C200&ssl=1 1x, https:\/\/i0.wp.com\/www.hoymercedes.com.ar\/principal\/wp-content\/uploads\/2021\/08\/WhatsApp-Image-2021-08-16-at-12.58.06-e1629136348750.jpeg?resize=525%2C300&ssl=1 1.5x, https:\/\/i0.wp.com\/www.hoymercedes.com.ar\/principal\/wp-content\/uploads\/2021\/08\/WhatsApp-Image-2021-08-16-at-12.58.06-e1629136348750.jpeg?resize=700%2C400&ssl=1 2x"},"classes":[]},{"id":126846,"url":"https:\/\/www.hoymercedes.com.ar\/principal\/2021\/03\/25\/tenis-de-mesa-mercedinos-en-tmt-de-zarate\/","url_meta":{"origin":125622,"position":1},"title":"Tenis de Mesa: Mercedinos en TMT de Zarate","author":"hoymercedes","date":"25 marzo, 2021","format":false,"excerpt":"El s\u00e1bado pasado se llev\u00f3 a cabo la Copa Ciudad de Z\u00e1rate donde participaron representantes locales. En tanto, el fin de semana anterior, Alejandro\u00a0Russo\u00a0logr\u00f3 el\u00a0sub\u00a0campeonato de 5ta en el 341\u00b0 torneo Atlanta, en Villa Crespo. El d\u00eda s\u00e1bado, un grupo de jugadores representantes de Mercedes Tenis de Mesa participaron del\u2026","rel":"","context":"En \u00abDeportes\u00bb","block_context":{"text":"Deportes","link":"https:\/\/www.hoymercedes.com.ar\/principal\/category\/deportes\/"},"img":{"alt_text":"","src":"https:\/\/i0.wp.com\/www.hoymercedes.com.ar\/principal\/wp-content\/uploads\/2021\/03\/dtenis-1.jpeg?resize=350%2C200&ssl=1","width":350,"height":200,"srcset":"https:\/\/i0.wp.com\/www.hoymercedes.com.ar\/principal\/wp-content\/uploads\/2021\/03\/dtenis-1.jpeg?resize=350%2C200&ssl=1 1x, https:\/\/i0.wp.com\/www.hoymercedes.com.ar\/principal\/wp-content\/uploads\/2021\/03\/dtenis-1.jpeg?resize=525%2C300&ssl=1 1.5x, https:\/\/i0.wp.com\/www.hoymercedes.com.ar\/principal\/wp-content\/uploads\/2021\/03\/dtenis-1.jpeg?resize=700%2C400&ssl=1 2x"},"classes":[]},{"id":137272,"url":"https:\/\/www.hoymercedes.com.ar\/principal\/2021\/09\/14\/podios-en-el-circuito-de-tenis-de-mesa\/","url_meta":{"origin":125622,"position":2},"title":"Podios en el Circuito de Tenis de Mesa","author":"hoymercedes","date":"14 septiembre, 2021","format":false,"excerpt":"Los representantes de la Escuela Municipal de Tenis de Mesa, estuvieron presentes en dos torneos durante el fin de semana. De esta manera, contin\u00faan sumando importantes puntos al Ranking TMT.\u00a0 Luciano\u00a0Bozzuto\u00a0represent\u00f3 a la Escuela Municipal de Tenis de Mesa en la categor\u00eda 2da.\u00a0 El pasado s\u00e1bado los representantes de la\u2026","rel":"","context":"En \u00abDeportes\u00bb","block_context":{"text":"Deportes","link":"https:\/\/www.hoymercedes.com.ar\/principal\/category\/deportes\/"},"img":{"alt_text":"","src":"https:\/\/i0.wp.com\/www.hoymercedes.com.ar\/principal\/wp-content\/uploads\/2021\/09\/dtenismesa13.jpeg?resize=350%2C200&ssl=1","width":350,"height":200,"srcset":"https:\/\/i0.wp.com\/www.hoymercedes.com.ar\/principal\/wp-content\/uploads\/2021\/09\/dtenismesa13.jpeg?resize=350%2C200&ssl=1 1x, https:\/\/i0.wp.com\/www.hoymercedes.com.ar\/principal\/wp-content\/uploads\/2021\/09\/dtenismesa13.jpeg?resize=525%2C300&ssl=1 1.5x, https:\/\/i0.wp.com\/www.hoymercedes.com.ar\/principal\/wp-content\/uploads\/2021\/09\/dtenismesa13.jpeg?resize=700%2C400&ssl=1 2x"},"classes":[]},{"id":139179,"url":"https:\/\/www.hoymercedes.com.ar\/principal\/2021\/10\/27\/alejandro-russo-subcampeon-nacional-fatema\/","url_meta":{"origin":125622,"position":3},"title":"Alejandro Russo subcampe\u00f3n Nacional FATEMA","author":"hoymercedes","date":"27 octubre, 2021","format":false,"excerpt":"Durante el s\u00e1bado 23 pudo concretarse la segunda fecha del Circuito Nacional FATEMA (Federaci\u00f3n Argentina de Tenis de Mesa Adaptado) en el complejo Cedima de San Justo (partido de La Matanza). Donde Alejandro Russo, representante de la Escuela Municipal de Mercedes, inici\u00f3 su campa\u00f1a en la fase de grupos ganando\u2026","rel":"","context":"En \u00abDeportes\u00bb","block_context":{"text":"Deportes","link":"https:\/\/www.hoymercedes.com.ar\/principal\/category\/deportes\/"},"img":{"alt_text":"","src":"https:\/\/i0.wp.com\/www.hoymercedes.com.ar\/principal\/wp-content\/uploads\/2021\/10\/WhatsApp-Image-2021-10-27-at-12.17.04-1.jpeg?resize=350%2C200&ssl=1","width":350,"height":200,"srcset":"https:\/\/i0.wp.com\/www.hoymercedes.com.ar\/principal\/wp-content\/uploads\/2021\/10\/WhatsApp-Image-2021-10-27-at-12.17.04-1.jpeg?resize=350%2C200&ssl=1 1x, https:\/\/i0.wp.com\/www.hoymercedes.com.ar\/principal\/wp-content\/uploads\/2021\/10\/WhatsApp-Image-2021-10-27-at-12.17.04-1.jpeg?resize=525%2C300&ssl=1 1.5x, https:\/\/i0.wp.com\/www.hoymercedes.com.ar\/principal\/wp-content\/uploads\/2021\/10\/WhatsApp-Image-2021-10-27-at-12.17.04-1.jpeg?resize=700%2C400&ssl=1 2x"},"classes":[]},{"id":171903,"url":"https:\/\/www.hoymercedes.com.ar\/principal\/2024\/01\/14\/santiago-sosa-es-nuevo-jugador-de-racing-video\/","url_meta":{"origin":125622,"position":4},"title":"Santiago Sosa es nuevo jugador de Racing (Video)","author":"hoymercedes","date":"14 enero, 2024","format":false,"excerpt":"\"Me motiv\u00f3 que un club tan grande se interese en m\u00ed\", dijo Santiago Sosa, surgido en Club Mercedes, quien es nuevo jugador de Racing Club de Avellaneda. Viene de Atlanta United de Estados Unidos. Antes de firmar tras su regreso al pa\u00eds efectu\u00f3 la correspondiente revisaci\u00f3n m\u00e9dica y expres\u00f3 su\u2026","rel":"","context":"En \u00abDeportes\u00bb","block_context":{"text":"Deportes","link":"https:\/\/www.hoymercedes.com.ar\/principal\/category\/deportes\/"},"img":{"alt_text":"","src":"https:\/\/i0.wp.com\/www.hoymercedes.com.ar\/principal\/wp-content\/uploads\/2024\/01\/imagen.png?resize=350%2C200&ssl=1","width":350,"height":200,"srcset":"https:\/\/i0.wp.com\/www.hoymercedes.com.ar\/principal\/wp-content\/uploads\/2024\/01\/imagen.png?resize=350%2C200&ssl=1 1x, https:\/\/i0.wp.com\/www.hoymercedes.com.ar\/principal\/wp-content\/uploads\/2024\/01\/imagen.png?resize=525%2C300&ssl=1 1.5x, https:\/\/i0.wp.com\/www.hoymercedes.com.ar\/principal\/wp-content\/uploads\/2024\/01\/imagen.png?resize=700%2C400&ssl=1 2x, https:\/\/i0.wp.com\/www.hoymercedes.com.ar\/principal\/wp-content\/uploads\/2024\/01\/imagen.png?resize=1050%2C600&ssl=1 3x"},"classes":[]},{"id":180412,"url":"https:\/\/www.hoymercedes.com.ar\/principal\/2024\/11\/11\/tenis-tomas-pescio-fue-subcampeon-en-lujan\/","url_meta":{"origin":125622,"position":5},"title":"Tenis: Tom\u00e1s Pescio fue subcampe\u00f3n en Luj\u00e1n","author":"hoymercedes","date":"11 noviembre, 2024","format":false,"excerpt":"En la tarde del s\u00e1bado, se realiz\u00f3 en la ciudad de Luj\u00e1n el Abierto de Tenis para los j\u00f3venes tenistas de la regi\u00f3n. En el torneo, la joven promesa del tenis mercedino Tom\u00e1s Pescio se coron\u00f3 sub campe\u00f3n. \"Gran importancia tiene ese resultado en su corta carrera ten\u00edstica ya que\u2026","rel":"","context":"En \u00abDeportes\u00bb","block_context":{"text":"Deportes","link":"https:\/\/www.hoymercedes.com.ar\/principal\/category\/deportes\/"},"img":{"alt_text":"","src":"https:\/\/i0.wp.com\/www.hoymercedes.com.ar\/principal\/wp-content\/uploads\/2024\/11\/IMG-20241110-WA0092-1.jpg?resize=350%2C200&ssl=1","width":350,"height":200,"srcset":"https:\/\/i0.wp.com\/www.hoymercedes.com.ar\/principal\/wp-content\/uploads\/2024\/11\/IMG-20241110-WA0092-1.jpg?resize=350%2C200&ssl=1 1x, https:\/\/i0.wp.com\/www.hoymercedes.com.ar\/principal\/wp-content\/uploads\/2024\/11\/IMG-20241110-WA0092-1.jpg?resize=525%2C300&ssl=1 1.5x, https:\/\/i0.wp.com\/www.hoymercedes.com.ar\/principal\/wp-content\/uploads\/2024\/11\/IMG-20241110-WA0092-1.jpg?resize=700%2C400&ssl=1 2x"},"classes":[]}],"_links":{"self":[{"href":"https:\/\/www.hoymercedes.com.ar\/principal\/wp-json\/wp\/v2\/posts\/125622","targetHints":{"allow":["GET"]}}],"collection":[{"href":"https:\/\/www.hoymercedes.com.ar\/principal\/wp-json\/wp\/v2\/posts"}],"about":[{"href":"https:\/\/www.hoymercedes.com.ar\/principal\/wp-json\/wp\/v2\/types\/post"}],"author":[{"embeddable":true,"href":"https:\/\/www.hoymercedes.com.ar\/principal\/wp-json\/wp\/v2\/users\/1"}],"replies":[{"embeddable":true,"href":"https:\/\/www.hoymercedes.com.ar\/principal\/wp-json\/wp\/v2\/comments?post=125622"}],"version-history":[{"count":0,"href":"https:\/\/www.hoymercedes.com.ar\/principal\/wp-json\/wp\/v2\/posts\/125622\/revisions"}],"wp:featuredmedia":[{"embeddable":true,"href":"https:\/\/www.hoymercedes.com.ar\/principal\/wp-json\/wp\/v2\/media\/125625"}],"wp:attachment":[{"href":"https:\/\/www.hoymercedes.com.ar\/principal\/wp-json\/wp\/v2\/media?parent=125622"}],"wp:term":[{"taxonomy":"category","embeddable":true,"href":"https:\/\/www.hoymercedes.com.ar\/principal\/wp-json\/wp\/v2\/categories?post=125622"},{"taxonomy":"post_tag","embeddable":true,"href":"https:\/\/www.hoymercedes.com.ar\/principal\/wp-json\/wp\/v2\/tags?post=125622"}],"curies":[{"name":"wp","href":"https:\/\/api.w.org\/{rel}","templated":true}]}}