{"id":125634,"date":"2021-03-01T22:20:00","date_gmt":"2021-03-02T01:20:00","guid":{"rendered":"http:\/\/www.hoymercedes.com.ar\/principal\/?p=125634"},"modified":"2021-03-01T22:34:24","modified_gmt":"2021-03-02T01:34:24","slug":"se-suman-4-positivos-de-covid-en-mercedes","status":"publish","type":"post","link":"https:\/\/www.hoymercedes.com.ar\/principal\/2021\/03\/01\/se-suman-4-positivos-de-covid-en-mercedes\/","title":{"rendered":"Se suman 4 positivos de covid en Mercedes"},"content":{"rendered":"\n<p>El informe epidemiol\u00f3gico da cuenta de 43 nuevos an\u00e1lisis procesados en la fecha con 4 casos positivos de covid-19. Adem\u00e1s, confirmaron 10 pacientes obtuvieron el alta en el d\u00eda de la fecha. <\/p>\n\n\n\n<figure class=\"wp-block-image size-large\"><img loading=\"lazy\" decoding=\"async\" width=\"800\" height=\"800\" data-attachment-id=\"125635\" data-permalink=\"https:\/\/www.hoymercedes.com.ar\/principal\/2021\/03\/01\/se-suman-4-positivos-de-covid-en-mercedes\/whatsapp-image-2021-03-01-at-21-41-16\/#main\" data-orig-file=\"https:\/\/www.hoymercedes.com.ar\/principal\/wp-content\/uploads\/2021\/03\/WhatsApp-Image-2021-03-01-at-21.41.16.jpeg\" data-orig-size=\"800,800\" data-comments-opened=\"0\" data-image-meta=\"{&quot;aperture&quot;:&quot;0&quot;,&quot;credit&quot;:&quot;&quot;,&quot;camera&quot;:&quot;&quot;,&quot;caption&quot;:&quot;&quot;,&quot;created_timestamp&quot;:&quot;0&quot;,&quot;copyright&quot;:&quot;&quot;,&quot;focal_length&quot;:&quot;0&quot;,&quot;iso&quot;:&quot;0&quot;,&quot;shutter_speed&quot;:&quot;0&quot;,&quot;title&quot;:&quot;&quot;,&quot;orientation&quot;:&quot;0&quot;}\" data-image-title=\"WhatsApp Image 2021-03-01 at 21.41.16\" data-image-description=\"\" data-image-caption=\"\" data-large-file=\"https:\/\/www.hoymercedes.com.ar\/principal\/wp-content\/uploads\/2021\/03\/WhatsApp-Image-2021-03-01-at-21.41.16.jpeg\" src=\"https:\/\/www.hoymercedes.com.ar\/principal\/wp-content\/uploads\/2021\/03\/WhatsApp-Image-2021-03-01-at-21.41.16.jpeg\" alt=\"\" class=\"wp-image-125635\" srcset=\"https:\/\/www.hoymercedes.com.ar\/principal\/wp-content\/uploads\/2021\/03\/WhatsApp-Image-2021-03-01-at-21.41.16.jpeg 800w, https:\/\/www.hoymercedes.com.ar\/principal\/wp-content\/uploads\/2021\/03\/WhatsApp-Image-2021-03-01-at-21.41.16-620x620.jpeg 620w, https:\/\/www.hoymercedes.com.ar\/principal\/wp-content\/uploads\/2021\/03\/WhatsApp-Image-2021-03-01-at-21.41.16-150x150.jpeg 150w\" sizes=\"auto, (max-width: 800px) 100vw, 800px\" \/><\/figure>\n","protected":false},"excerpt":{"rendered":"<p>El informe epidemiol\u00f3gico da cuenta de 43 nuevos an\u00e1lisis procesados en la fecha con 4 casos positivos de covid-19. Adem\u00e1s, &#8230; <a title=\"Se suman 4 positivos de covid en Mercedes\" class=\"read-more\" href=\"https:\/\/www.hoymercedes.com.ar\/principal\/2021\/03\/01\/se-suman-4-positivos-de-covid-en-mercedes\/\" aria-label=\"Leer m\u00e1s sobre Se suman 4 positivos de covid en Mercedes\">Leer m\u00e1s<\/a><\/p>\n","protected":false},"author":1,"featured_media":125635,"comment_status":"closed","ping_status":"open","sticky":false,"template":"","format":"standard","meta":{"_monsterinsights_skip_tracking":false,"_monsterinsights_sitenote_active":false,"_monsterinsights_sitenote_note":"","_monsterinsights_sitenote_category":0,"jetpack_post_was_ever_published":false,"_jetpack_newsletter_access":"","_jetpack_dont_email_post_to_subs":false,"_jetpack_newsletter_tier_id":0,"_jetpack_memberships_contains_paywalled_content":false,"_jetpack_memberships_contains_paid_content":false,"footnotes":"","jetpack_publicize_message":"","jetpack_publicize_feature_enabled":true,"jetpack_social_post_already_shared":false,"jetpack_social_options":{"image_generator_settings":{"template":"highway","default_image_id":0,"font":"","enabled":false},"version":2},"_wpas_customize_per_network":false},"categories":[9791],"tags":[],"class_list":["post-125634","post","type-post","status-publish","format-standard","has-post-thumbnail","hentry","category-salud","generate-columns","tablet-grid-50","mobile-grid-100","grid-parent","grid-50"],"jetpack_publicize_connections":[],"jetpack_featured_media_url":"https:\/\/www.hoymercedes.com.ar\/principal\/wp-content\/uploads\/2021\/03\/WhatsApp-Image-2021-03-01-at-21.41.16.jpeg","wps_subtitle":"Parte diario","jetpack_sharing_enabled":true,"jetpack-related-posts":[{"id":126000,"url":"https:\/\/www.hoymercedes.com.ar\/principal\/2021\/03\/08\/se-suman-13-nuevos-positivos-de-covid-19-en-mercedes\/","url_meta":{"origin":125634,"position":0},"title":"Se suman 13 nuevos positivos de covid-19 en Mercedes","author":"hoymercedes","date":"8 marzo, 2021","format":false,"excerpt":"De acuerdo al parte oficial con la informaci\u00f3n epidemiol\u00f3gica sobre el covid-19 en Mercedes, da cuenta de 13 nuevos positivos entre los 48 an\u00e1lisis procesados en el d\u00eda de la fecha. Asimismo, son 10 los pacientes que obtuvieron el alta en el d\u00eda de la fecha.","rel":"","context":"En \u00abSalud\u00bb","block_context":{"text":"Salud","link":"https:\/\/www.hoymercedes.com.ar\/principal\/category\/salud\/"},"img":{"alt_text":"","src":"https:\/\/i0.wp.com\/www.hoymercedes.com.ar\/principal\/wp-content\/uploads\/2021\/03\/WhatsApp-Image-2021-03-08-at-22.00.12.jpeg?resize=350%2C200&ssl=1","width":350,"height":200,"srcset":"https:\/\/i0.wp.com\/www.hoymercedes.com.ar\/principal\/wp-content\/uploads\/2021\/03\/WhatsApp-Image-2021-03-08-at-22.00.12.jpeg?resize=350%2C200&ssl=1 1x, https:\/\/i0.wp.com\/www.hoymercedes.com.ar\/principal\/wp-content\/uploads\/2021\/03\/WhatsApp-Image-2021-03-08-at-22.00.12.jpeg?resize=525%2C300&ssl=1 1.5x, https:\/\/i0.wp.com\/www.hoymercedes.com.ar\/principal\/wp-content\/uploads\/2021\/03\/WhatsApp-Image-2021-03-08-at-22.00.12.jpeg?resize=700%2C400&ssl=1 2x"},"classes":[]},{"id":125710,"url":"https:\/\/www.hoymercedes.com.ar\/principal\/2021\/03\/03\/entre-los-44-analisis-procesados-en-el-dia-de-la-fecha-7-resultaron-positivos-de-covid-19\/","url_meta":{"origin":125634,"position":1},"title":"Entre los 44 an\u00e1lisis procesados en el d\u00eda de la fecha, 7 resultaron positivos de covid-19","author":"hoymercedes","date":"3 marzo, 2021","format":false,"excerpt":"El Informe epidemiol\u00f3gico oficial sobre la situaci\u00f3n en Mercedes respecto a la pandemia por covid-19, comunica que son 7 los nuevos casos positivos de pacientes que tienen el virus SARS-cov2 que produce la enfermedad que preocupa al mundo. Asimismo, informaron 8 pacientes obtuvieron el alta en el d\u00eda de la\u2026","rel":"","context":"En \u00abSalud\u00bb","block_context":{"text":"Salud","link":"https:\/\/www.hoymercedes.com.ar\/principal\/category\/salud\/"},"img":{"alt_text":"","src":"https:\/\/i0.wp.com\/www.hoymercedes.com.ar\/principal\/wp-content\/uploads\/2021\/03\/WhatsApp-Image-2021-03-03-at-21.20.18.jpeg?resize=350%2C200&ssl=1","width":350,"height":200,"srcset":"https:\/\/i0.wp.com\/www.hoymercedes.com.ar\/principal\/wp-content\/uploads\/2021\/03\/WhatsApp-Image-2021-03-03-at-21.20.18.jpeg?resize=350%2C200&ssl=1 1x, https:\/\/i0.wp.com\/www.hoymercedes.com.ar\/principal\/wp-content\/uploads\/2021\/03\/WhatsApp-Image-2021-03-03-at-21.20.18.jpeg?resize=525%2C300&ssl=1 1.5x, https:\/\/i0.wp.com\/www.hoymercedes.com.ar\/principal\/wp-content\/uploads\/2021\/03\/WhatsApp-Image-2021-03-03-at-21.20.18.jpeg?resize=700%2C400&ssl=1 2x"},"classes":[]},{"id":126055,"url":"https:\/\/www.hoymercedes.com.ar\/principal\/2021\/03\/09\/ocho-pacientes-recibieron-sus-resultados-positivos-de-covid\/","url_meta":{"origin":125634,"position":2},"title":"Ocho pacientes recibieron sus resultados positivos de covid","author":"hoymercedes","date":"9 marzo, 2021","format":false,"excerpt":"En la informaci\u00f3n epidemiol\u00f3gica oficial enviada este martes confirman 8 nuevos casos positivos entre los 69 an\u00e1lisis procesados en el d\u00eda de la fecha. Asimismo, informaron 7 pacientes obtuvieron el alta en el d\u00eda de la fecha.","rel":"","context":"En \u00abSalud\u00bb","block_context":{"text":"Salud","link":"https:\/\/www.hoymercedes.com.ar\/principal\/category\/salud\/"},"img":{"alt_text":"","src":"https:\/\/i0.wp.com\/www.hoymercedes.com.ar\/principal\/wp-content\/uploads\/2021\/03\/WhatsApp-Image-2021-03-09-at-22.05.13.jpeg?resize=350%2C200&ssl=1","width":350,"height":200,"srcset":"https:\/\/i0.wp.com\/www.hoymercedes.com.ar\/principal\/wp-content\/uploads\/2021\/03\/WhatsApp-Image-2021-03-09-at-22.05.13.jpeg?resize=350%2C200&ssl=1 1x, https:\/\/i0.wp.com\/www.hoymercedes.com.ar\/principal\/wp-content\/uploads\/2021\/03\/WhatsApp-Image-2021-03-09-at-22.05.13.jpeg?resize=525%2C300&ssl=1 1.5x, https:\/\/i0.wp.com\/www.hoymercedes.com.ar\/principal\/wp-content\/uploads\/2021\/03\/WhatsApp-Image-2021-03-09-at-22.05.13.jpeg?resize=700%2C400&ssl=1 2x"},"classes":[]},{"id":135835,"url":"https:\/\/www.hoymercedes.com.ar\/principal\/2021\/08\/23\/covid-6-positivos-mas-de-71mil-dosis-aplicadas\/","url_meta":{"origin":125634,"position":3},"title":"Covid: 6 positivos m\u00e1s de 71mil dosis aplicadas","author":"hoymercedes","date":"23 agosto, 2021","format":false,"excerpt":"En el d\u00eda de la fecha se registraron 6 casos positivos en los 68 test realizados. Por su parte, 7135 personas obtuvieron el alta. 7 corresponde al d\u00eda de la fecha. El total de casos activos es de 40 en la actualidad. Desde el inicio de la pandemia 7351 vecinos\u2026","rel":"","context":"En \u00abSociedad\u00bb","block_context":{"text":"Sociedad","link":"https:\/\/www.hoymercedes.com.ar\/principal\/category\/sociedad\/"},"img":{"alt_text":"","src":"https:\/\/i0.wp.com\/www.hoymercedes.com.ar\/principal\/wp-content\/uploads\/2021\/08\/23.08.2021.jpg?resize=350%2C200&ssl=1","width":350,"height":200,"srcset":"https:\/\/i0.wp.com\/www.hoymercedes.com.ar\/principal\/wp-content\/uploads\/2021\/08\/23.08.2021.jpg?resize=350%2C200&ssl=1 1x, https:\/\/i0.wp.com\/www.hoymercedes.com.ar\/principal\/wp-content\/uploads\/2021\/08\/23.08.2021.jpg?resize=525%2C300&ssl=1 1.5x, https:\/\/i0.wp.com\/www.hoymercedes.com.ar\/principal\/wp-content\/uploads\/2021\/08\/23.08.2021.jpg?resize=700%2C400&ssl=1 2x"},"classes":[]},{"id":135879,"url":"https:\/\/www.hoymercedes.com.ar\/principal\/2021\/08\/24\/covid-3-positivos-y-mas-de-71-mil-dosis-aplicadas\/","url_meta":{"origin":125634,"position":4},"title":"Covid: 3 positivos y m\u00e1s de 71 mil dosis aplicadas","author":"hoymercedes","date":"24 agosto, 2021","format":false,"excerpt":"En el d\u00eda de la fecha se registraron 3 casos positivos en los 62 test realizados. Por su parte, 7135 personas obtuvieron el alta. 0 corresponde al d\u00eda de la fecha. El total de casos activos es de 43 en la actualidad. Desde el inicio de la pandemia 7354 vecinos\u2026","rel":"","context":"En \u00abSociedad\u00bb","block_context":{"text":"Sociedad","link":"https:\/\/www.hoymercedes.com.ar\/principal\/category\/sociedad\/"},"img":{"alt_text":"","src":"https:\/\/i0.wp.com\/www.hoymercedes.com.ar\/principal\/wp-content\/uploads\/2021\/08\/24.08.2021.jpg?resize=350%2C200&ssl=1","width":350,"height":200,"srcset":"https:\/\/i0.wp.com\/www.hoymercedes.com.ar\/principal\/wp-content\/uploads\/2021\/08\/24.08.2021.jpg?resize=350%2C200&ssl=1 1x, https:\/\/i0.wp.com\/www.hoymercedes.com.ar\/principal\/wp-content\/uploads\/2021\/08\/24.08.2021.jpg?resize=525%2C300&ssl=1 1.5x, https:\/\/i0.wp.com\/www.hoymercedes.com.ar\/principal\/wp-content\/uploads\/2021\/08\/24.08.2021.jpg?resize=700%2C400&ssl=1 2x"},"classes":[]},{"id":137253,"url":"https:\/\/www.hoymercedes.com.ar\/principal\/2021\/09\/13\/covid-sin-casos-positivos-en-43-test-y-baja-de-ocupacion-de-camas\/","url_meta":{"origin":125634,"position":5},"title":"Covid: sin casos positivos en 43 test y baja de ocupaci\u00f3n de camas","author":"hoymercedes","date":"13 septiembre, 2021","format":false,"excerpt":"En el d\u00eda de la fecha no se registraron casos positivos del covid-19 a en Mercedes. Por su parte, 7210 personas obtuvieron el alta. 6 a corresponden al d\u00eda de la fecha. El total de casos activos es de 20 en la actualidad. Desde el inicio de la pandemia 7409\u2026","rel":"","context":"En \u00abSociedad\u00bb","block_context":{"text":"Sociedad","link":"https:\/\/www.hoymercedes.com.ar\/principal\/category\/sociedad\/"},"img":{"alt_text":"","src":"https:\/\/i0.wp.com\/www.hoymercedes.com.ar\/principal\/wp-content\/uploads\/2021\/09\/13.09.2021.jpg?resize=350%2C200&ssl=1","width":350,"height":200,"srcset":"https:\/\/i0.wp.com\/www.hoymercedes.com.ar\/principal\/wp-content\/uploads\/2021\/09\/13.09.2021.jpg?resize=350%2C200&ssl=1 1x, https:\/\/i0.wp.com\/www.hoymercedes.com.ar\/principal\/wp-content\/uploads\/2021\/09\/13.09.2021.jpg?resize=525%2C300&ssl=1 1.5x, https:\/\/i0.wp.com\/www.hoymercedes.com.ar\/principal\/wp-content\/uploads\/2021\/09\/13.09.2021.jpg?resize=700%2C400&ssl=1 2x"},"classes":[]}],"_links":{"self":[{"href":"https:\/\/www.hoymercedes.com.ar\/principal\/wp-json\/wp\/v2\/posts\/125634","targetHints":{"allow":["GET"]}}],"collection":[{"href":"https:\/\/www.hoymercedes.com.ar\/principal\/wp-json\/wp\/v2\/posts"}],"about":[{"href":"https:\/\/www.hoymercedes.com.ar\/principal\/wp-json\/wp\/v2\/types\/post"}],"author":[{"embeddable":true,"href":"https:\/\/www.hoymercedes.com.ar\/principal\/wp-json\/wp\/v2\/users\/1"}],"replies":[{"embeddable":true,"href":"https:\/\/www.hoymercedes.com.ar\/principal\/wp-json\/wp\/v2\/comments?post=125634"}],"version-history":[{"count":0,"href":"https:\/\/www.hoymercedes.com.ar\/principal\/wp-json\/wp\/v2\/posts\/125634\/revisions"}],"wp:featuredmedia":[{"embeddable":true,"href":"https:\/\/www.hoymercedes.com.ar\/principal\/wp-json\/wp\/v2\/media\/125635"}],"wp:attachment":[{"href":"https:\/\/www.hoymercedes.com.ar\/principal\/wp-json\/wp\/v2\/media?parent=125634"}],"wp:term":[{"taxonomy":"category","embeddable":true,"href":"https:\/\/www.hoymercedes.com.ar\/principal\/wp-json\/wp\/v2\/categories?post=125634"},{"taxonomy":"post_tag","embeddable":true,"href":"https:\/\/www.hoymercedes.com.ar\/principal\/wp-json\/wp\/v2\/tags?post=125634"}],"curies":[{"name":"wp","href":"https:\/\/api.w.org\/{rel}","templated":true}]}}