{"id":125663,"date":"2021-03-02T19:55:26","date_gmt":"2021-03-02T22:55:26","guid":{"rendered":"http:\/\/www.hoymercedes.com.ar\/principal\/?p=125663"},"modified":"2021-03-03T11:47:23","modified_gmt":"2021-03-03T14:47:23","slug":"apertura-de-sesiones-hcd-discurso-anual-del-intendente","status":"publish","type":"post","link":"https:\/\/www.hoymercedes.com.ar\/principal\/2021\/03\/02\/apertura-de-sesiones-hcd-discurso-anual-del-intendente\/","title":{"rendered":"Apertura de sesiones HCD: Discurso anual del Intendente"},"content":{"rendered":"\n<p>#AHORA. En las \u00faltimas horas de la tarde del martes 2 de marzo, en Mercedes se realiza el acto de apertura de sesiones ordinarias del Concejo Deliberante. Momento en el que el Jefe Comunal Juan Ignacio Ustarroz dirigir\u00e1 unas palabras ante los legisladores locales y unos pocos presentes. <\/p>\n\n\n\n<figure class=\"wp-block-gallery columns-2 is-cropped wp-block-gallery-1 is-layout-flex wp-block-gallery-is-layout-flex\"><ul class=\"blocks-gallery-grid\"><li class=\"blocks-gallery-item\"><figure><img loading=\"lazy\" decoding=\"async\" width=\"800\" height=\"533\" data-attachment-id=\"125666\" data-permalink=\"https:\/\/www.hoymercedes.com.ar\/principal\/2021\/03\/02\/apertura-de-sesiones-hcd-discurso-anual-del-intendente\/02-apertura\/#main\" data-orig-file=\"https:\/\/www.hoymercedes.com.ar\/principal\/wp-content\/uploads\/2021\/03\/02-apertura.jpeg\" data-orig-size=\"800,533\" data-comments-opened=\"0\" data-image-meta=\"{&quot;aperture&quot;:&quot;0&quot;,&quot;credit&quot;:&quot;&quot;,&quot;camera&quot;:&quot;&quot;,&quot;caption&quot;:&quot;&quot;,&quot;created_timestamp&quot;:&quot;0&quot;,&quot;copyright&quot;:&quot;&quot;,&quot;focal_length&quot;:&quot;0&quot;,&quot;iso&quot;:&quot;0&quot;,&quot;shutter_speed&quot;:&quot;0&quot;,&quot;title&quot;:&quot;&quot;,&quot;orientation&quot;:&quot;0&quot;}\" data-image-title=\"02 apertura\" data-image-description=\"\" data-image-caption=\"\" data-large-file=\"https:\/\/www.hoymercedes.com.ar\/principal\/wp-content\/uploads\/2021\/03\/02-apertura.jpeg\" src=\"https:\/\/www.hoymercedes.com.ar\/principal\/wp-content\/uploads\/2021\/03\/02-apertura.jpeg\" alt=\"\" data-id=\"125666\" data-full-url=\"https:\/\/www.hoymercedes.com.ar\/principal\/wp-content\/uploads\/2021\/03\/02-apertura.jpeg\" data-link=\"https:\/\/www.hoymercedes.com.ar\/principal\/2021\/03\/02\/apertura-de-sesiones-hcd-discurso-anual-del-intendente\/02-apertura\/\" class=\"wp-image-125666\" srcset=\"https:\/\/www.hoymercedes.com.ar\/principal\/wp-content\/uploads\/2021\/03\/02-apertura.jpeg 800w, https:\/\/www.hoymercedes.com.ar\/principal\/wp-content\/uploads\/2021\/03\/02-apertura-630x420.jpeg 630w, https:\/\/www.hoymercedes.com.ar\/principal\/wp-content\/uploads\/2021\/03\/02-apertura-150x100.jpeg 150w, https:\/\/www.hoymercedes.com.ar\/principal\/wp-content\/uploads\/2021\/03\/02-apertura-700x465.jpeg 700w\" sizes=\"auto, (max-width: 800px) 100vw, 800px\" \/><\/figure><\/li><li class=\"blocks-gallery-item\"><figure><img loading=\"lazy\" decoding=\"async\" width=\"800\" height=\"533\" data-attachment-id=\"125669\" data-permalink=\"https:\/\/www.hoymercedes.com.ar\/principal\/2021\/03\/02\/apertura-de-sesiones-hcd-discurso-anual-del-intendente\/img_20210302_1938577382-01_copy_800x533_1\/#main\" data-orig-file=\"https:\/\/www.hoymercedes.com.ar\/principal\/wp-content\/uploads\/2021\/03\/IMG_20210302_1938577382-01_copy_800x533_1.jpeg\" data-orig-size=\"800,533\" data-comments-opened=\"0\" data-image-meta=\"{&quot;aperture&quot;:&quot;0&quot;,&quot;credit&quot;:&quot;&quot;,&quot;camera&quot;:&quot;&quot;,&quot;caption&quot;:&quot;&quot;,&quot;created_timestamp&quot;:&quot;0&quot;,&quot;copyright&quot;:&quot;&quot;,&quot;focal_length&quot;:&quot;0&quot;,&quot;iso&quot;:&quot;0&quot;,&quot;shutter_speed&quot;:&quot;0&quot;,&quot;title&quot;:&quot;&quot;,&quot;orientation&quot;:&quot;0&quot;}\" data-image-title=\"IMG_20210302_193857738~2-01_copy_800x533_1\" data-image-description=\"\" data-image-caption=\"\" data-large-file=\"https:\/\/www.hoymercedes.com.ar\/principal\/wp-content\/uploads\/2021\/03\/IMG_20210302_1938577382-01_copy_800x533_1.jpeg\" src=\"https:\/\/www.hoymercedes.com.ar\/principal\/wp-content\/uploads\/2021\/03\/IMG_20210302_1938577382-01_copy_800x533_1.jpeg\" alt=\"\" data-id=\"125669\" data-full-url=\"https:\/\/www.hoymercedes.com.ar\/principal\/wp-content\/uploads\/2021\/03\/IMG_20210302_1938577382-01_copy_800x533_1.jpeg\" data-link=\"https:\/\/www.hoymercedes.com.ar\/principal\/2021\/03\/02\/apertura-de-sesiones-hcd-discurso-anual-del-intendente\/img_20210302_1938577382-01_copy_800x533_1\/\" class=\"wp-image-125669\" srcset=\"https:\/\/www.hoymercedes.com.ar\/principal\/wp-content\/uploads\/2021\/03\/IMG_20210302_1938577382-01_copy_800x533_1.jpeg 800w, https:\/\/www.hoymercedes.com.ar\/principal\/wp-content\/uploads\/2021\/03\/IMG_20210302_1938577382-01_copy_800x533_1-630x420.jpeg 630w, https:\/\/www.hoymercedes.com.ar\/principal\/wp-content\/uploads\/2021\/03\/IMG_20210302_1938577382-01_copy_800x533_1-150x100.jpeg 150w, https:\/\/www.hoymercedes.com.ar\/principal\/wp-content\/uploads\/2021\/03\/IMG_20210302_1938577382-01_copy_800x533_1-700x465.jpeg 700w\" sizes=\"auto, (max-width: 800px) 100vw, 800px\" \/><\/figure><\/li><li class=\"blocks-gallery-item\"><figure><img loading=\"lazy\" decoding=\"async\" width=\"800\" height=\"533\" data-attachment-id=\"125668\" data-permalink=\"https:\/\/www.hoymercedes.com.ar\/principal\/2021\/03\/02\/apertura-de-sesiones-hcd-discurso-anual-del-intendente\/02-apertura_800x533\/#main\" data-orig-file=\"https:\/\/www.hoymercedes.com.ar\/principal\/wp-content\/uploads\/2021\/03\/02-apertura_800x533.jpeg\" data-orig-size=\"800,533\" data-comments-opened=\"0\" data-image-meta=\"{&quot;aperture&quot;:&quot;0&quot;,&quot;credit&quot;:&quot;&quot;,&quot;camera&quot;:&quot;&quot;,&quot;caption&quot;:&quot;&quot;,&quot;created_timestamp&quot;:&quot;0&quot;,&quot;copyright&quot;:&quot;&quot;,&quot;focal_length&quot;:&quot;0&quot;,&quot;iso&quot;:&quot;0&quot;,&quot;shutter_speed&quot;:&quot;0&quot;,&quot;title&quot;:&quot;&quot;,&quot;orientation&quot;:&quot;0&quot;}\" data-image-title=\"02 apertura_800x533\" data-image-description=\"\" data-image-caption=\"\" data-large-file=\"https:\/\/www.hoymercedes.com.ar\/principal\/wp-content\/uploads\/2021\/03\/02-apertura_800x533.jpeg\" src=\"https:\/\/www.hoymercedes.com.ar\/principal\/wp-content\/uploads\/2021\/03\/02-apertura_800x533.jpeg\" alt=\"\" data-id=\"125668\" data-full-url=\"https:\/\/www.hoymercedes.com.ar\/principal\/wp-content\/uploads\/2021\/03\/02-apertura_800x533.jpeg\" data-link=\"https:\/\/www.hoymercedes.com.ar\/principal\/2021\/03\/02\/apertura-de-sesiones-hcd-discurso-anual-del-intendente\/02-apertura_800x533\/\" class=\"wp-image-125668\" srcset=\"https:\/\/www.hoymercedes.com.ar\/principal\/wp-content\/uploads\/2021\/03\/02-apertura_800x533.jpeg 800w, https:\/\/www.hoymercedes.com.ar\/principal\/wp-content\/uploads\/2021\/03\/02-apertura_800x533-630x420.jpeg 630w, https:\/\/www.hoymercedes.com.ar\/principal\/wp-content\/uploads\/2021\/03\/02-apertura_800x533-150x100.jpeg 150w, https:\/\/www.hoymercedes.com.ar\/principal\/wp-content\/uploads\/2021\/03\/02-apertura_800x533-700x465.jpeg 700w\" sizes=\"auto, (max-width: 800px) 100vw, 800px\" \/><\/figure><\/li><li class=\"blocks-gallery-item\"><figure><img loading=\"lazy\" decoding=\"async\" width=\"800\" height=\"533\" data-attachment-id=\"125670\" data-permalink=\"https:\/\/www.hoymercedes.com.ar\/principal\/2021\/03\/02\/apertura-de-sesiones-hcd-discurso-anual-del-intendente\/img_20210302_1938429022-01_copy_800x533\/#main\" data-orig-file=\"https:\/\/www.hoymercedes.com.ar\/principal\/wp-content\/uploads\/2021\/03\/IMG_20210302_1938429022-01_copy_800x533.jpeg\" data-orig-size=\"800,533\" data-comments-opened=\"0\" data-image-meta=\"{&quot;aperture&quot;:&quot;0&quot;,&quot;credit&quot;:&quot;&quot;,&quot;camera&quot;:&quot;&quot;,&quot;caption&quot;:&quot;&quot;,&quot;created_timestamp&quot;:&quot;0&quot;,&quot;copyright&quot;:&quot;&quot;,&quot;focal_length&quot;:&quot;0&quot;,&quot;iso&quot;:&quot;0&quot;,&quot;shutter_speed&quot;:&quot;0&quot;,&quot;title&quot;:&quot;&quot;,&quot;orientation&quot;:&quot;0&quot;}\" data-image-title=\"IMG_20210302_193842902~2-01_copy_800x533\" data-image-description=\"\" data-image-caption=\"\" data-large-file=\"https:\/\/www.hoymercedes.com.ar\/principal\/wp-content\/uploads\/2021\/03\/IMG_20210302_1938429022-01_copy_800x533.jpeg\" src=\"https:\/\/www.hoymercedes.com.ar\/principal\/wp-content\/uploads\/2021\/03\/IMG_20210302_1938429022-01_copy_800x533.jpeg\" alt=\"\" data-id=\"125670\" data-full-url=\"https:\/\/www.hoymercedes.com.ar\/principal\/wp-content\/uploads\/2021\/03\/IMG_20210302_1938429022-01_copy_800x533.jpeg\" data-link=\"https:\/\/www.hoymercedes.com.ar\/principal\/2021\/03\/02\/apertura-de-sesiones-hcd-discurso-anual-del-intendente\/img_20210302_1938429022-01_copy_800x533\/\" class=\"wp-image-125670\" srcset=\"https:\/\/www.hoymercedes.com.ar\/principal\/wp-content\/uploads\/2021\/03\/IMG_20210302_1938429022-01_copy_800x533.jpeg 800w, https:\/\/www.hoymercedes.com.ar\/principal\/wp-content\/uploads\/2021\/03\/IMG_20210302_1938429022-01_copy_800x533-630x420.jpeg 630w, https:\/\/www.hoymercedes.com.ar\/principal\/wp-content\/uploads\/2021\/03\/IMG_20210302_1938429022-01_copy_800x533-150x100.jpeg 150w, https:\/\/www.hoymercedes.com.ar\/principal\/wp-content\/uploads\/2021\/03\/IMG_20210302_1938429022-01_copy_800x533-700x465.jpeg 700w\" sizes=\"auto, (max-width: 800px) 100vw, 800px\" \/><\/figure><\/li><\/ul><\/figure>\n\n\n\n<p>El acto protocolar comenz\u00f3 con las palabras se bienvenida del Presidente del Cuerpo Legislativo Mat\u00edas Dematei, acompa\u00f1ado por la Secretaria del Cuerpo. El titular del HCD, junto a los concejales que presiden los bloques, convocaron al Intendente Municipal para que brinde su discurso anual que se ve por las redes sociales oficiales del Municipio y HCD.<\/p>\n\n\n\n<p>Su discurso comenz\u00f3 destacando el particular a\u00f1o vivido en el 2020 con la pandemia del covid-19 que puso en crisis los sistemas de salud y la econom\u00eda del mundo. <\/p>\n\n\n\n<p>Entre los presentes se encontraban el Diputado Nacional Carlos Selva, el Ministro de Infraestructura de la provincia de Buenos Aires Agust\u00edn Simone, el Jefe de Gobierno Juan Pablo L\u00f3pez Baggio, los Secretarios de Gobierno (Clara Zunino), Salud (N\u00e9stor Pisapia), Desarrollo Social (Jorgelina Silva), Econom\u00eda (Gast\u00f3n Boido), el Subsecretario de Seguridad (a cargo del \u00e1rea Gonzalo Anselmo) y el Subsecretario de Servicios P\u00fablicos (en representaci\u00f3n de la Secretar\u00eda, Luis Ponce)As\u00ed como otros funcionarios e invitados especiales representantes de organismos oficiales e instituciones civiles. AMPLIAREMOS.<\/p>\n\n\n\n<p>Transmisi\u00f3n en vivo por redes: <\/p>\n\n\n\n<figure class=\"wp-block-embed is-type-video is-provider-youtube wp-block-embed-youtube wp-embed-aspect-16-9 wp-has-aspect-ratio\"><div class=\"wp-block-embed__wrapper\">\n<span class=\"embed-youtube\" style=\"text-align:center; display: block;\"><iframe loading=\"lazy\" class=\"youtube-player\" width=\"1200\" height=\"675\" src=\"https:\/\/www.youtube.com\/embed\/DWSyOikNjSY?version=3&#038;rel=1&#038;showsearch=0&#038;showinfo=1&#038;iv_load_policy=1&#038;fs=1&#038;hl=es-ES&#038;autohide=2&#038;wmode=transparent\" allowfullscreen=\"true\" style=\"border:0;\" sandbox=\"allow-scripts allow-same-origin allow-popups allow-presentation allow-popups-to-escape-sandbox\"><\/iframe><\/span>\n<\/div><\/figure>\n","protected":false},"excerpt":{"rendered":"<p>#AHORA. En las \u00faltimas horas de la tarde del martes 2 de marzo, en Mercedes se realiza el acto de &#8230; <a title=\"Apertura de sesiones HCD: Discurso anual del Intendente\" class=\"read-more\" href=\"https:\/\/www.hoymercedes.com.ar\/principal\/2021\/03\/02\/apertura-de-sesiones-hcd-discurso-anual-del-intendente\/\" aria-label=\"Leer m\u00e1s sobre Apertura de sesiones HCD: Discurso anual del Intendente\">Leer m\u00e1s<\/a><\/p>\n","protected":false},"author":1,"featured_media":125666,"comment_status":"closed","ping_status":"open","sticky":false,"template":"","format":"standard","meta":{"_monsterinsights_skip_tracking":false,"_monsterinsights_sitenote_active":false,"_monsterinsights_sitenote_note":"","_monsterinsights_sitenote_category":0,"jetpack_post_was_ever_published":false,"_jetpack_newsletter_access":"","_jetpack_dont_email_post_to_subs":false,"_jetpack_newsletter_tier_id":0,"_jetpack_memberships_contains_paywalled_content":false,"_jetpack_memberships_contains_paid_content":false,"footnotes":"","jetpack_publicize_message":"","jetpack_publicize_feature_enabled":true,"jetpack_social_post_already_shared":true,"jetpack_social_options":{"image_generator_settings":{"template":"highway","default_image_id":0,"font":"","enabled":false},"version":2},"_wpas_customize_per_network":false},"categories":[30,8],"tags":[],"class_list":["post-125663","post","type-post","status-publish","format-standard","has-post-thumbnail","hentry","category-municipio","category-sociedad","generate-columns","tablet-grid-50","mobile-grid-100","grid-parent","grid-50"],"jetpack_publicize_connections":[],"jetpack_featured_media_url":"https:\/\/www.hoymercedes.com.ar\/principal\/wp-content\/uploads\/2021\/03\/02-apertura.jpeg","wps_subtitle":"","jetpack_sharing_enabled":true,"jetpack-related-posts":[{"id":158747,"url":"https:\/\/www.hoymercedes.com.ar\/principal\/2023\/02\/24\/la-apertura-de-sesiones-ordinarias-del-hcd-sera-el-2-de-marzo\/","url_meta":{"origin":125663,"position":0},"title":"La apertura de sesiones ordinarias del HCD ser\u00e1 el 2 de marzo","author":"hoymercedes","date":"24 febrero, 2023","format":false,"excerpt":"El Concejo Deliberante de Mercedes, a trav\u00e9s de la presidencia de la concejal Evangelina Cabral, confirm\u00f3 que el pr\u00f3ximo jueves 2 de marzo ser\u00e1 el acto protocolar que dar\u00e1 inicio al per\u00edodo de sesiones ordinarias. A partir de la hora 19, la sesi\u00f3n de apertura que incluir\u00e1 las palabras del\u2026","rel":"","context":"En \u00abHCD Mercedes\u00bb","block_context":{"text":"HCD Mercedes","link":"https:\/\/www.hoymercedes.com.ar\/principal\/category\/hcd-mercedes\/"},"img":{"alt_text":"","src":"https:\/\/i0.wp.com\/www.hoymercedes.com.ar\/principal\/wp-content\/uploads\/2022\/09\/recinto-hcd-vacio.jpg?resize=350%2C200&ssl=1","width":350,"height":200,"srcset":"https:\/\/i0.wp.com\/www.hoymercedes.com.ar\/principal\/wp-content\/uploads\/2022\/09\/recinto-hcd-vacio.jpg?resize=350%2C200&ssl=1 1x, https:\/\/i0.wp.com\/www.hoymercedes.com.ar\/principal\/wp-content\/uploads\/2022\/09\/recinto-hcd-vacio.jpg?resize=525%2C300&ssl=1 1.5x, https:\/\/i0.wp.com\/www.hoymercedes.com.ar\/principal\/wp-content\/uploads\/2022\/09\/recinto-hcd-vacio.jpg?resize=700%2C400&ssl=1 2x"},"classes":[]},{"id":106650,"url":"https:\/\/www.hoymercedes.com.ar\/principal\/2020\/02\/26\/el-3-de-marzo-sera-la-apertura-de-sesiones-y-discurso-del-intendente\/","url_meta":{"origin":125663,"position":1},"title":"El 3 de marzo ser\u00e1 la apertura de sesiones y discurso del intendente","author":"hoymercedes","date":"26 febrero, 2020","format":false,"excerpt":"El pr\u00f3ximo 3 de marzo se llevar\u00e1 a cabo la apertura de sesiones ordinarias del Concejo Deliberante 2020 y estar\u00e1 a cargo del intendente Dr. Juan Ignacio Ustarroz quien dar\u00e1 el tradicional discurso de balance de gesti\u00f3n del a\u00f1o que pas\u00f3 y pautas de lo que vendr\u00e1. Suele ser, tambi\u00e9n,\u2026","rel":"","context":"En \u00abPol\u00edtica\u00bb","block_context":{"text":"Pol\u00edtica","link":"https:\/\/www.hoymercedes.com.ar\/principal\/category\/politica\/"},"img":{"alt_text":"","src":"https:\/\/i0.wp.com\/www.hoymercedes.com.ar\/principal\/wp-content\/uploads\/2020\/02\/sesiones-apertura-2019-mercedes.jpg?resize=350%2C200&ssl=1","width":350,"height":200,"srcset":"https:\/\/i0.wp.com\/www.hoymercedes.com.ar\/principal\/wp-content\/uploads\/2020\/02\/sesiones-apertura-2019-mercedes.jpg?resize=350%2C200&ssl=1 1x, https:\/\/i0.wp.com\/www.hoymercedes.com.ar\/principal\/wp-content\/uploads\/2020\/02\/sesiones-apertura-2019-mercedes.jpg?resize=525%2C300&ssl=1 1.5x, https:\/\/i0.wp.com\/www.hoymercedes.com.ar\/principal\/wp-content\/uploads\/2020\/02\/sesiones-apertura-2019-mercedes.jpg?resize=700%2C400&ssl=1 2x"},"classes":[]},{"id":125355,"url":"https:\/\/www.hoymercedes.com.ar\/principal\/2021\/02\/25\/la-sesion-de-apertura-del-hcd-sera-el-martes-2-19-horas\/","url_meta":{"origin":125663,"position":2},"title":"La sesi\u00f3n de apertura del HCD ser\u00e1 el martes 2, 19 horas","author":"hoymercedes","date":"25 febrero, 2021","format":false,"excerpt":"El presidente del HCD, Mat\u00edas Dematei, confirm\u00f3 esta ma\u00f1ana que el martes 2 de marzo, a las hora 19, ser\u00e1 la sesi\u00f3n de apertura del per\u00edodo de sesiones ordinarias. El titular de HCD Mat\u00edas Dematei junto a la Secretaria del Cuerpo, Yolanda Gorosito. El acto ser\u00e1 son p\u00fablico, solo con\u2026","rel":"","context":"En \u00abPol\u00edtica\u00bb","block_context":{"text":"Pol\u00edtica","link":"https:\/\/www.hoymercedes.com.ar\/principal\/category\/politica\/"},"img":{"alt_text":"","src":"https:\/\/i0.wp.com\/www.hoymercedes.com.ar\/principal\/wp-content\/uploads\/2021\/02\/FB_IMG_1614261492817.jpg?resize=350%2C200&ssl=1","width":350,"height":200,"srcset":"https:\/\/i0.wp.com\/www.hoymercedes.com.ar\/principal\/wp-content\/uploads\/2021\/02\/FB_IMG_1614261492817.jpg?resize=350%2C200&ssl=1 1x, https:\/\/i0.wp.com\/www.hoymercedes.com.ar\/principal\/wp-content\/uploads\/2021\/02\/FB_IMG_1614261492817.jpg?resize=525%2C300&ssl=1 1.5x, https:\/\/i0.wp.com\/www.hoymercedes.com.ar\/principal\/wp-content\/uploads\/2021\/02\/FB_IMG_1614261492817.jpg?resize=700%2C400&ssl=1 2x"},"classes":[]},{"id":11984,"url":"https:\/\/www.hoymercedes.com.ar\/principal\/2012\/04\/04\/apertura-de-sesiones-ordinarias-2012\/","url_meta":{"origin":125663,"position":3},"title":"Apertura de Sesiones Ordinarias 2012","author":"hoymercedes","date":"4 abril, 2012","format":false,"excerpt":"Se llevo a cabo el acto de Apertura del Per\u00edodo de Sesiones Ordinarias en el Honorable Concejo Deliberante de la Municipalidad de Mercedes. El intendente Carlos Selva, acompa\u00f1ado por las autoridades del Concejo, Autoridades del Departamento Legislativo y Ejecutivo, Monse\u00f1or Agust\u00edn Radrizzani, el ex combatiente Ismael Poltronieri y el p\u00fablico\u2026","rel":"","context":"En \u00abPol\u00edtica\u00bb","block_context":{"text":"Pol\u00edtica","link":"https:\/\/www.hoymercedes.com.ar\/principal\/category\/politica\/"},"img":{"alt_text":"","src":"https:\/\/i0.wp.com\/www.hoymercedes.com.ar\/principal\/wp-content\/uploads\/2012\/04\/HCD-IS-2012.jpg?resize=350%2C200","width":350,"height":200,"srcset":"https:\/\/i0.wp.com\/www.hoymercedes.com.ar\/principal\/wp-content\/uploads\/2012\/04\/HCD-IS-2012.jpg?resize=350%2C200 1x, https:\/\/i0.wp.com\/www.hoymercedes.com.ar\/principal\/wp-content\/uploads\/2012\/04\/HCD-IS-2012.jpg?resize=525%2C300 1.5x"},"classes":[]},{"id":192885,"url":"https:\/\/www.hoymercedes.com.ar\/principal\/2026\/03\/08\/wado-de-pedro-respaldo-la-gestion-de-ustarroz-en-la-apertura-de-sesiones\/","url_meta":{"origin":125663,"position":4},"title":"Wado de Pedro respald\u00f3 la gesti\u00f3n de Ustarroz en la apertura de sesiones","author":"hoymercedes","date":"8 marzo, 2026","format":false,"excerpt":"Durante la apertura de las sesiones ordinarias del Concejo Deliberante realizada en el Teatro Argentino de Mercedes, el senador nacional Eduardo \u201cWado\u201d de Pedro expres\u00f3 un fuerte respaldo a la gesti\u00f3n del intendente Juan Ignacio Ustarroz, en un contexto pol\u00edtico marcado por cr\u00edticas al Gobierno nacional. El legislador, particip\u00f3 del\u2026","rel":"","context":"En \u00abPol\u00edtica\u00bb","block_context":{"text":"Pol\u00edtica","link":"https:\/\/www.hoymercedes.com.ar\/principal\/category\/politica\/"},"img":{"alt_text":"","src":"https:\/\/i0.wp.com\/www.hoymercedes.com.ar\/principal\/wp-content\/uploads\/2026\/03\/WADO-DE-PEDRO.jpg?resize=350%2C200&ssl=1","width":350,"height":200,"srcset":"https:\/\/i0.wp.com\/www.hoymercedes.com.ar\/principal\/wp-content\/uploads\/2026\/03\/WADO-DE-PEDRO.jpg?resize=350%2C200&ssl=1 1x, https:\/\/i0.wp.com\/www.hoymercedes.com.ar\/principal\/wp-content\/uploads\/2026\/03\/WADO-DE-PEDRO.jpg?resize=525%2C300&ssl=1 1.5x"},"classes":[]},{"id":144627,"url":"https:\/\/www.hoymercedes.com.ar\/principal\/2022\/03\/02\/los-memes-que-dejo-la-apertura-de-sesiones-en-el-congreso\/","url_meta":{"origin":125663,"position":5},"title":"Los memes que dej\u00f3 la apertura de sesiones en el Congreso","author":"hoymercedes","date":"2 marzo, 2022","format":false,"excerpt":"Por m\u00e1s indignados que est\u00e9n los argentinos, nunca pierden el sentido del humor, de hecho las fatalidades lo potencian. Como cada a\u00f1o, la apertura de sesiones ordinarias del Congreso de la Naci\u00f3n dej\u00f3 varias perlitas para el recuerdo o m\u00e1s bien para el olvido. Los usuarios m\u00e1s ingeniosos de las\u2026","rel":"","context":"En \u00abSociedad\u00bb","block_context":{"text":"Sociedad","link":"https:\/\/www.hoymercedes.com.ar\/principal\/category\/sociedad\/"},"img":{"alt_text":"","src":"https:\/\/i0.wp.com\/www.hoymercedes.com.ar\/principal\/wp-content\/uploads\/2022\/03\/meme3.png?resize=350%2C200&ssl=1","width":350,"height":200,"srcset":"https:\/\/i0.wp.com\/www.hoymercedes.com.ar\/principal\/wp-content\/uploads\/2022\/03\/meme3.png?resize=350%2C200&ssl=1 1x, https:\/\/i0.wp.com\/www.hoymercedes.com.ar\/principal\/wp-content\/uploads\/2022\/03\/meme3.png?resize=525%2C300&ssl=1 1.5x"},"classes":[]}],"_links":{"self":[{"href":"https:\/\/www.hoymercedes.com.ar\/principal\/wp-json\/wp\/v2\/posts\/125663","targetHints":{"allow":["GET"]}}],"collection":[{"href":"https:\/\/www.hoymercedes.com.ar\/principal\/wp-json\/wp\/v2\/posts"}],"about":[{"href":"https:\/\/www.hoymercedes.com.ar\/principal\/wp-json\/wp\/v2\/types\/post"}],"author":[{"embeddable":true,"href":"https:\/\/www.hoymercedes.com.ar\/principal\/wp-json\/wp\/v2\/users\/1"}],"replies":[{"embeddable":true,"href":"https:\/\/www.hoymercedes.com.ar\/principal\/wp-json\/wp\/v2\/comments?post=125663"}],"version-history":[{"count":0,"href":"https:\/\/www.hoymercedes.com.ar\/principal\/wp-json\/wp\/v2\/posts\/125663\/revisions"}],"wp:featuredmedia":[{"embeddable":true,"href":"https:\/\/www.hoymercedes.com.ar\/principal\/wp-json\/wp\/v2\/media\/125666"}],"wp:attachment":[{"href":"https:\/\/www.hoymercedes.com.ar\/principal\/wp-json\/wp\/v2\/media?parent=125663"}],"wp:term":[{"taxonomy":"category","embeddable":true,"href":"https:\/\/www.hoymercedes.com.ar\/principal\/wp-json\/wp\/v2\/categories?post=125663"},{"taxonomy":"post_tag","embeddable":true,"href":"https:\/\/www.hoymercedes.com.ar\/principal\/wp-json\/wp\/v2\/tags?post=125663"}],"curies":[{"name":"wp","href":"https:\/\/api.w.org\/{rel}","templated":true}]}}