{"id":125677,"date":"2021-03-02T22:44:46","date_gmt":"2021-03-03T01:44:46","guid":{"rendered":"http:\/\/www.hoymercedes.com.ar\/principal\/?p=125677"},"modified":"2021-03-02T22:44:53","modified_gmt":"2021-03-03T01:44:53","slug":"son-4-los-nuevos-positivos-de-covid-en-mercedes","status":"publish","type":"post","link":"https:\/\/www.hoymercedes.com.ar\/principal\/2021\/03\/02\/son-4-los-nuevos-positivos-de-covid-en-mercedes\/","title":{"rendered":"Son 4 los nuevos positivos de covid en Mercedes"},"content":{"rendered":"\n<p>La informaci\u00f3n epidemiol\u00f3gica en Mercedes da cuenta de 4 nuevos casos positivos de covid-19 entre los 45 an\u00e1lisis procesados por el Laboratorio del Dubarry. Adem\u00e1s, confirman que son 11 pacientes los que obtuvieron el alta m\u00e9dica en el d\u00eda de la fecha. <\/p>\n\n\n\n<div class=\"wp-block-image\"><figure class=\"aligncenter size-large\"><img loading=\"lazy\" decoding=\"async\" width=\"800\" height=\"800\" data-attachment-id=\"125683\" data-permalink=\"https:\/\/www.hoymercedes.com.ar\/principal\/2021\/03\/02\/son-4-los-nuevos-positivos-de-covid-en-mercedes\/whatsapp-image-2021-03-02-at-21-49-02\/#main\" data-orig-file=\"https:\/\/www.hoymercedes.com.ar\/principal\/wp-content\/uploads\/2021\/03\/WhatsApp-Image-2021-03-02-at-21.49.02.jpeg\" data-orig-size=\"800,800\" data-comments-opened=\"0\" data-image-meta=\"{&quot;aperture&quot;:&quot;0&quot;,&quot;credit&quot;:&quot;&quot;,&quot;camera&quot;:&quot;&quot;,&quot;caption&quot;:&quot;&quot;,&quot;created_timestamp&quot;:&quot;0&quot;,&quot;copyright&quot;:&quot;&quot;,&quot;focal_length&quot;:&quot;0&quot;,&quot;iso&quot;:&quot;0&quot;,&quot;shutter_speed&quot;:&quot;0&quot;,&quot;title&quot;:&quot;&quot;,&quot;orientation&quot;:&quot;0&quot;}\" data-image-title=\"WhatsApp Image 2021-03-02 at 21.49.02\" data-image-description=\"\" data-image-caption=\"\" data-large-file=\"https:\/\/www.hoymercedes.com.ar\/principal\/wp-content\/uploads\/2021\/03\/WhatsApp-Image-2021-03-02-at-21.49.02.jpeg\" src=\"https:\/\/www.hoymercedes.com.ar\/principal\/wp-content\/uploads\/2021\/03\/WhatsApp-Image-2021-03-02-at-21.49.02.jpeg\" alt=\"\" class=\"wp-image-125683\" srcset=\"https:\/\/www.hoymercedes.com.ar\/principal\/wp-content\/uploads\/2021\/03\/WhatsApp-Image-2021-03-02-at-21.49.02.jpeg 800w, https:\/\/www.hoymercedes.com.ar\/principal\/wp-content\/uploads\/2021\/03\/WhatsApp-Image-2021-03-02-at-21.49.02-620x620.jpeg 620w, https:\/\/www.hoymercedes.com.ar\/principal\/wp-content\/uploads\/2021\/03\/WhatsApp-Image-2021-03-02-at-21.49.02-150x150.jpeg 150w\" sizes=\"auto, (max-width: 800px) 100vw, 800px\" \/><\/figure><\/div>\n","protected":false},"excerpt":{"rendered":"<p>La informaci\u00f3n epidemiol\u00f3gica en Mercedes da cuenta de 4 nuevos casos positivos de covid-19 entre los 45 an\u00e1lisis procesados por &#8230; <a title=\"Son 4 los nuevos positivos de covid en Mercedes\" class=\"read-more\" href=\"https:\/\/www.hoymercedes.com.ar\/principal\/2021\/03\/02\/son-4-los-nuevos-positivos-de-covid-en-mercedes\/\" aria-label=\"Leer m\u00e1s sobre Son 4 los nuevos positivos de covid en Mercedes\">Leer m\u00e1s<\/a><\/p>\n","protected":false},"author":1,"featured_media":125683,"comment_status":"closed","ping_status":"open","sticky":false,"template":"","format":"standard","meta":{"_monsterinsights_skip_tracking":false,"_monsterinsights_sitenote_active":false,"_monsterinsights_sitenote_note":"","_monsterinsights_sitenote_category":0,"jetpack_post_was_ever_published":false,"_jetpack_newsletter_access":"","_jetpack_dont_email_post_to_subs":false,"_jetpack_newsletter_tier_id":0,"_jetpack_memberships_contains_paywalled_content":false,"_jetpack_memberships_contains_paid_content":false,"footnotes":"","jetpack_publicize_message":"","jetpack_publicize_feature_enabled":true,"jetpack_social_post_already_shared":true,"jetpack_social_options":{"image_generator_settings":{"template":"highway","default_image_id":0,"font":"","enabled":false},"version":2},"_wpas_customize_per_network":false},"categories":[9791],"tags":[],"class_list":["post-125677","post","type-post","status-publish","format-standard","has-post-thumbnail","hentry","category-salud","generate-columns","tablet-grid-50","mobile-grid-100","grid-parent","grid-50"],"jetpack_publicize_connections":[],"jetpack_featured_media_url":"https:\/\/www.hoymercedes.com.ar\/principal\/wp-content\/uploads\/2021\/03\/WhatsApp-Image-2021-03-02-at-21.49.02.jpeg","wps_subtitle":"","jetpack_sharing_enabled":true,"jetpack-related-posts":[{"id":143206,"url":"https:\/\/www.hoymercedes.com.ar\/principal\/2022\/01\/28\/covid-en-mercedes-son-56-los-nuevos-positivos\/","url_meta":{"origin":125677,"position":0},"title":"Covid en Mercedes: son 56 los nuevos positivos","author":"hoymercedes","date":"28 enero, 2022","format":false,"excerpt":"La Informaci\u00f3n brindada por las autoridades sanitarias de Mercedes confirma 56 nuevos casos positivos entre los 116 an\u00e1lisis procesados el d\u00eda viernes en el Laboratorio de Virolog\u00eda.","rel":"","context":"En \u00abSalud\u00bb","block_context":{"text":"Salud","link":"https:\/\/www.hoymercedes.com.ar\/principal\/category\/salud\/"},"img":{"alt_text":"","src":"https:\/\/i0.wp.com\/www.hoymercedes.com.ar\/principal\/wp-content\/uploads\/2022\/01\/IMG-20220129-WA0000.jpg?resize=350%2C200&ssl=1","width":350,"height":200,"srcset":"https:\/\/i0.wp.com\/www.hoymercedes.com.ar\/principal\/wp-content\/uploads\/2022\/01\/IMG-20220129-WA0000.jpg?resize=350%2C200&ssl=1 1x, https:\/\/i0.wp.com\/www.hoymercedes.com.ar\/principal\/wp-content\/uploads\/2022\/01\/IMG-20220129-WA0000.jpg?resize=525%2C300&ssl=1 1.5x, https:\/\/i0.wp.com\/www.hoymercedes.com.ar\/principal\/wp-content\/uploads\/2022\/01\/IMG-20220129-WA0000.jpg?resize=700%2C400&ssl=1 2x, https:\/\/i0.wp.com\/www.hoymercedes.com.ar\/principal\/wp-content\/uploads\/2022\/01\/IMG-20220129-WA0000.jpg?resize=1050%2C600&ssl=1 3x"},"classes":[]},{"id":122811,"url":"https:\/\/www.hoymercedes.com.ar\/principal\/2021\/01\/03\/mercedes-suma-12-nuevos-positivos-de-covid-19\/","url_meta":{"origin":125677,"position":1},"title":"Mercedes suma 12 nuevos positivos de covid-19","author":"hoymercedes","date":"3 enero, 2021","format":false,"excerpt":"El informe del d\u00eda domingo confirma 12 nuevos positivos de covid-19 entre los 51 test analizados. Asimismo, informan que son 7 los pacientes que recibieron el alta m\u00e9dica esta jornada. Con estos n\u00fameros son 211 los pacientes con el virus Sars-Cov2","rel":"","context":"En \u00abSalud\u00bb","block_context":{"text":"Salud","link":"https:\/\/www.hoymercedes.com.ar\/principal\/category\/salud\/"},"img":{"alt_text":"","src":"https:\/\/i0.wp.com\/www.hoymercedes.com.ar\/principal\/wp-content\/uploads\/2021\/01\/IMG-20210103-WA0003.jpg?resize=350%2C200&ssl=1","width":350,"height":200,"srcset":"https:\/\/i0.wp.com\/www.hoymercedes.com.ar\/principal\/wp-content\/uploads\/2021\/01\/IMG-20210103-WA0003.jpg?resize=350%2C200&ssl=1 1x, https:\/\/i0.wp.com\/www.hoymercedes.com.ar\/principal\/wp-content\/uploads\/2021\/01\/IMG-20210103-WA0003.jpg?resize=525%2C300&ssl=1 1.5x, https:\/\/i0.wp.com\/www.hoymercedes.com.ar\/principal\/wp-content\/uploads\/2021\/01\/IMG-20210103-WA0003.jpg?resize=700%2C400&ssl=1 2x"},"classes":[]},{"id":123914,"url":"https:\/\/www.hoymercedes.com.ar\/principal\/2021\/01\/26\/son-8-los-nuevos-casos-positivos-de-covid-en-mercedes\/","url_meta":{"origin":125677,"position":2},"title":"Son 8 los nuevos casos positivos de covid en Mercedes","author":"hoymercedes","date":"26 enero, 2021","format":false,"excerpt":"De acuerdo al parte diario brindado por las autoridades sanitarias de la ciudad de Mercedes, se procesaron 47 test entre los cuales confirmaron 8 nuevos casos con covid-19. Adem\u00e1s dan cuenta de 15 pacientes dados de alta de acuerdo a los protocolos sanitarios.","rel":"","context":"En \u00abSalud\u00bb","block_context":{"text":"Salud","link":"https:\/\/www.hoymercedes.com.ar\/principal\/category\/salud\/"},"img":{"alt_text":"","src":"https:\/\/i0.wp.com\/www.hoymercedes.com.ar\/principal\/wp-content\/uploads\/2021\/01\/WhatsApp-Image-2021-01-26-at-21.45.12.jpeg?resize=350%2C200&ssl=1","width":350,"height":200,"srcset":"https:\/\/i0.wp.com\/www.hoymercedes.com.ar\/principal\/wp-content\/uploads\/2021\/01\/WhatsApp-Image-2021-01-26-at-21.45.12.jpeg?resize=350%2C200&ssl=1 1x, https:\/\/i0.wp.com\/www.hoymercedes.com.ar\/principal\/wp-content\/uploads\/2021\/01\/WhatsApp-Image-2021-01-26-at-21.45.12.jpeg?resize=525%2C300&ssl=1 1.5x, https:\/\/i0.wp.com\/www.hoymercedes.com.ar\/principal\/wp-content\/uploads\/2021\/01\/WhatsApp-Image-2021-01-26-at-21.45.12.jpeg?resize=700%2C400&ssl=1 2x"},"classes":[]},{"id":123284,"url":"https:\/\/www.hoymercedes.com.ar\/principal\/2021\/01\/14\/son-17-los-nuevos-casos-positivos-de-covid-en-mercedes\/","url_meta":{"origin":125677,"position":3},"title":"Son 17 los nuevos casos positivos de covid en Mercedes","author":"hoymercedes","date":"14 enero, 2021","format":false,"excerpt":"Los casos positivos de covid-19 en Mercedes siguen present\u00e1ndose. Este jueves 14 de enero confirmaron 17 nuevos casos entre los 62 nuevos test realizados. Con esta confirmaci\u00f3n, son oficialmente 2288 las personas que transitan y transitaron con la enfermdad producida por el virus Sars-cov2. Adem\u00e1s, el informe del d\u00eda de\u2026","rel":"","context":"En \u00abSalud\u00bb","block_context":{"text":"Salud","link":"https:\/\/www.hoymercedes.com.ar\/principal\/category\/salud\/"},"img":{"alt_text":"","src":"https:\/\/i0.wp.com\/www.hoymercedes.com.ar\/principal\/wp-content\/uploads\/2021\/01\/WhatsApp-Image-2021-01-14-at-22.05.39.jpeg?resize=350%2C200&ssl=1","width":350,"height":200,"srcset":"https:\/\/i0.wp.com\/www.hoymercedes.com.ar\/principal\/wp-content\/uploads\/2021\/01\/WhatsApp-Image-2021-01-14-at-22.05.39.jpeg?resize=350%2C200&ssl=1 1x, https:\/\/i0.wp.com\/www.hoymercedes.com.ar\/principal\/wp-content\/uploads\/2021\/01\/WhatsApp-Image-2021-01-14-at-22.05.39.jpeg?resize=525%2C300&ssl=1 1.5x, https:\/\/i0.wp.com\/www.hoymercedes.com.ar\/principal\/wp-content\/uploads\/2021\/01\/WhatsApp-Image-2021-01-14-at-22.05.39.jpeg?resize=700%2C400&ssl=1 2x"},"classes":[]},{"id":124922,"url":"https:\/\/www.hoymercedes.com.ar\/principal\/2021\/02\/16\/covid-son-21-los-nuevos-casos-positivos-en-mercedes\/","url_meta":{"origin":125677,"position":4},"title":"Covid: Son 21 los nuevos casos positivos en Mercedes","author":"hoymercedes","date":"16 febrero, 2021","format":false,"excerpt":"El parte diario con la informaci\u00f3n epidemiol\u00f3gica confirma que son 21 los pacientes con positivos de covid-19 en el d\u00eda de la fecha entre los 47 nuevos an\u00e1lisis procesados este martes. Asimismo, informan que son 11 los pacientes que obtuvieron el alta de acuerdo a los protocolos vigentes. Con estas\u2026","rel":"","context":"En \u00abSalud\u00bb","block_context":{"text":"Salud","link":"https:\/\/www.hoymercedes.com.ar\/principal\/category\/salud\/"},"img":{"alt_text":"","src":"https:\/\/i0.wp.com\/www.hoymercedes.com.ar\/principal\/wp-content\/uploads\/2021\/02\/WhatsApp-Image-2021-02-16-at-21.51.51.jpeg?resize=350%2C200&ssl=1","width":350,"height":200,"srcset":"https:\/\/i0.wp.com\/www.hoymercedes.com.ar\/principal\/wp-content\/uploads\/2021\/02\/WhatsApp-Image-2021-02-16-at-21.51.51.jpeg?resize=350%2C200&ssl=1 1x, https:\/\/i0.wp.com\/www.hoymercedes.com.ar\/principal\/wp-content\/uploads\/2021\/02\/WhatsApp-Image-2021-02-16-at-21.51.51.jpeg?resize=525%2C300&ssl=1 1.5x, https:\/\/i0.wp.com\/www.hoymercedes.com.ar\/principal\/wp-content\/uploads\/2021\/02\/WhatsApp-Image-2021-02-16-at-21.51.51.jpeg?resize=700%2C400&ssl=1 2x, https:\/\/i0.wp.com\/www.hoymercedes.com.ar\/principal\/wp-content\/uploads\/2021\/02\/WhatsApp-Image-2021-02-16-at-21.51.51.jpeg?resize=1050%2C600&ssl=1 3x"},"classes":[]},{"id":124896,"url":"https:\/\/www.hoymercedes.com.ar\/principal\/2021\/02\/15\/son-ocho-los-nuevos-positivos-que-se-suman-en-mercedes\/","url_meta":{"origin":125677,"position":5},"title":"Son ocho los nuevos positivos que se suman en Mercedes","author":"hoymercedes","date":"15 febrero, 2021","format":false,"excerpt":"La situaci\u00f3n epidemiol\u00f3gica en Mercedes confirma de parte de las autoridades que son 8 los nuevos casos positivos entre los 28 an\u00e1lisis procesados en el d\u00eda de la fecha. Asimismo, informan que son 9 pacientes obtuvieron el alta este lunes. Con estas cifras son 95 los pacientes que est\u00e1n transitando\u2026","rel":"","context":"En \u00abSalud\u00bb","block_context":{"text":"Salud","link":"https:\/\/www.hoymercedes.com.ar\/principal\/category\/salud\/"},"img":{"alt_text":"","src":"https:\/\/i0.wp.com\/www.hoymercedes.com.ar\/principal\/wp-content\/uploads\/2021\/02\/WhatsApp-Image-2021-02-15-at-22.00.10.jpeg?resize=350%2C200&ssl=1","width":350,"height":200,"srcset":"https:\/\/i0.wp.com\/www.hoymercedes.com.ar\/principal\/wp-content\/uploads\/2021\/02\/WhatsApp-Image-2021-02-15-at-22.00.10.jpeg?resize=350%2C200&ssl=1 1x, https:\/\/i0.wp.com\/www.hoymercedes.com.ar\/principal\/wp-content\/uploads\/2021\/02\/WhatsApp-Image-2021-02-15-at-22.00.10.jpeg?resize=525%2C300&ssl=1 1.5x, https:\/\/i0.wp.com\/www.hoymercedes.com.ar\/principal\/wp-content\/uploads\/2021\/02\/WhatsApp-Image-2021-02-15-at-22.00.10.jpeg?resize=700%2C400&ssl=1 2x, https:\/\/i0.wp.com\/www.hoymercedes.com.ar\/principal\/wp-content\/uploads\/2021\/02\/WhatsApp-Image-2021-02-15-at-22.00.10.jpeg?resize=1050%2C600&ssl=1 3x"},"classes":[]}],"_links":{"self":[{"href":"https:\/\/www.hoymercedes.com.ar\/principal\/wp-json\/wp\/v2\/posts\/125677","targetHints":{"allow":["GET"]}}],"collection":[{"href":"https:\/\/www.hoymercedes.com.ar\/principal\/wp-json\/wp\/v2\/posts"}],"about":[{"href":"https:\/\/www.hoymercedes.com.ar\/principal\/wp-json\/wp\/v2\/types\/post"}],"author":[{"embeddable":true,"href":"https:\/\/www.hoymercedes.com.ar\/principal\/wp-json\/wp\/v2\/users\/1"}],"replies":[{"embeddable":true,"href":"https:\/\/www.hoymercedes.com.ar\/principal\/wp-json\/wp\/v2\/comments?post=125677"}],"version-history":[{"count":0,"href":"https:\/\/www.hoymercedes.com.ar\/principal\/wp-json\/wp\/v2\/posts\/125677\/revisions"}],"wp:featuredmedia":[{"embeddable":true,"href":"https:\/\/www.hoymercedes.com.ar\/principal\/wp-json\/wp\/v2\/media\/125683"}],"wp:attachment":[{"href":"https:\/\/www.hoymercedes.com.ar\/principal\/wp-json\/wp\/v2\/media?parent=125677"}],"wp:term":[{"taxonomy":"category","embeddable":true,"href":"https:\/\/www.hoymercedes.com.ar\/principal\/wp-json\/wp\/v2\/categories?post=125677"},{"taxonomy":"post_tag","embeddable":true,"href":"https:\/\/www.hoymercedes.com.ar\/principal\/wp-json\/wp\/v2\/tags?post=125677"}],"curies":[{"name":"wp","href":"https:\/\/api.w.org\/{rel}","templated":true}]}}