{"id":12572,"date":"2012-04-30T19:43:43","date_gmt":"2012-04-30T19:43:43","guid":{"rendered":"http:\/\/www.hoymercedes.com.ar\/principal\/?p=12572"},"modified":"2012-04-30T19:43:43","modified_gmt":"2012-04-30T19:43:43","slug":"grupo-de-militantes-del-selvismo-fueron-a-velez-al-acto-de-cfk","status":"publish","type":"post","link":"https:\/\/www.hoymercedes.com.ar\/principal\/2012\/04\/30\/grupo-de-militantes-del-selvismo-fueron-a-velez-al-acto-de-cfk\/","title":{"rendered":"Grupo de militantes del selvismo fueron a V\u00e9lez al acto de CFK"},"content":{"rendered":"<p><a href=\"https:\/\/www.hoymercedes.com.ar\/principal\/wp-content\/uploads\/2012\/04\/Militantes-Selvistas.jpg\"><img loading=\"lazy\" decoding=\"async\" data-attachment-id=\"12574\" data-permalink=\"https:\/\/www.hoymercedes.com.ar\/principal\/2012\/04\/30\/grupo-de-militantes-del-selvismo-fueron-a-velez-al-acto-de-cfk\/militantes-selvistas\/#main\" data-orig-file=\"https:\/\/www.hoymercedes.com.ar\/principal\/wp-content\/uploads\/2012\/04\/Militantes-Selvistas.jpg\" data-orig-size=\"612,405\" data-comments-opened=\"1\" data-image-meta=\"{&quot;aperture&quot;:&quot;5.6&quot;,&quot;credit&quot;:&quot;&quot;,&quot;camera&quot;:&quot;NIKON D50&quot;,&quot;caption&quot;:&quot;&quot;,&quot;created_timestamp&quot;:&quot;1335531481&quot;,&quot;copyright&quot;:&quot;&quot;,&quot;focal_length&quot;:&quot;28&quot;,&quot;iso&quot;:&quot;0&quot;,&quot;shutter_speed&quot;:&quot;0.008&quot;,&quot;title&quot;:&quot;&quot;}\" data-image-title=\"Militantes-Selvistas\" data-image-description=\"\" data-image-caption=\"\" data-large-file=\"https:\/\/www.hoymercedes.com.ar\/principal\/wp-content\/uploads\/2012\/04\/Militantes-Selvistas.jpg\" class=\"aligncenter size-full wp-image-12574\" title=\"Militantes-Selvistas\" src=\"https:\/\/www.hoymercedes.com.ar\/principal\/wp-content\/uploads\/2012\/04\/Militantes-Selvistas.jpg\" alt=\"\" width=\"612\" height=\"405\" \/><\/a><\/p>\n<p>Los militantes del Partido Frente para la Victoria y la Agrupaci\u00f3n 17 de Octubre bajo la conducci\u00f3n de Carlos Selva estuvieron presentes en el acto que encabez\u00f3 Cristina Kirchner en el estadio de V\u00e9lez Sarsfield<\/p>\n<p>Carlos Selva, quien no pudo viajar para acompa\u00f1ar a sus militantes, por reposo postoperatorio, los despidi\u00f3 desde la puerta de la sede de calle 29, entre 22 y 20.<\/p>\n<p>\u201cSiempre estuvimos con N\u00e9stor y Cristina, los apoyamos en el 2003, siguiendo sus ideales en el 2007 y reforzando el compromiso en el 2011 para seguir apoyando a la presidente\u201d manifest\u00f3 Selva.<\/p>\n<p>En el multitudinario acto estuvieron presentes militantes y dirigentes pol\u00edticos entre otros, y ah\u00ed estuvo Mercedes y los militantes conducidos por Carlos Selva.<\/p>\n<p>\u201cRecuerdo el d\u00eda que N\u00e9stor asumi\u00f3 con mucha alegr\u00eda por que los que ven\u00edamos trabajando con el y luchando por los mismos ideales sab\u00edamos que todo cambiaria, que esto ser\u00eda algo grande y que la gente se dar\u00eda cuenta de lo gran dirigente que era, junto con su compa\u00f1era de toda la vida Cristina\u201d afirm\u00f3 Carlos Selva.<\/p>\n<p>&nbsp;<\/p>\n","protected":false},"excerpt":{"rendered":"<p>Los militantes del Partido Frente para la Victoria y la Agrupaci\u00f3n 17 de Octubre bajo la conducci\u00f3n de Carlos Selva &#8230; <a title=\"Grupo de militantes del selvismo fueron a V\u00e9lez al acto de CFK\" class=\"read-more\" href=\"https:\/\/www.hoymercedes.com.ar\/principal\/2012\/04\/30\/grupo-de-militantes-del-selvismo-fueron-a-velez-al-acto-de-cfk\/\" aria-label=\"Leer m\u00e1s sobre Grupo de militantes del selvismo fueron a V\u00e9lez al acto de CFK\">Leer m\u00e1s<\/a><\/p>\n","protected":false},"author":1,"featured_media":0,"comment_status":"open","ping_status":"open","sticky":false,"template":"","format":"standard","meta":{"_monsterinsights_skip_tracking":false,"_monsterinsights_sitenote_active":false,"_monsterinsights_sitenote_note":"","_monsterinsights_sitenote_category":0,"jetpack_post_was_ever_published":false,"_jetpack_newsletter_access":"","_jetpack_dont_email_post_to_subs":false,"_jetpack_newsletter_tier_id":0,"_jetpack_memberships_contains_paywalled_content":false,"_jetpack_memberships_contains_paid_content":false,"footnotes":"","jetpack_publicize_message":"","jetpack_publicize_feature_enabled":true,"jetpack_social_post_already_shared":false,"jetpack_social_options":{"image_generator_settings":{"template":"highway","default_image_id":0,"font":"","enabled":false},"version":2},"_wpas_customize_per_network":false},"categories":[5],"tags":[2126,552,2127,18],"class_list":["post-12572","post","type-post","status-publish","format-standard","hentry","category-politica","tag-acto-velez","tag-agrupacion-17-de-octubre","tag-militantes","tag-selva","generate-columns","tablet-grid-50","mobile-grid-100","grid-parent","grid-50"],"jetpack_publicize_connections":[],"jetpack_featured_media_url":"","wps_subtitle":"","jetpack_sharing_enabled":true,"_links":{"self":[{"href":"https:\/\/www.hoymercedes.com.ar\/principal\/wp-json\/wp\/v2\/posts\/12572","targetHints":{"allow":["GET"]}}],"collection":[{"href":"https:\/\/www.hoymercedes.com.ar\/principal\/wp-json\/wp\/v2\/posts"}],"about":[{"href":"https:\/\/www.hoymercedes.com.ar\/principal\/wp-json\/wp\/v2\/types\/post"}],"author":[{"embeddable":true,"href":"https:\/\/www.hoymercedes.com.ar\/principal\/wp-json\/wp\/v2\/users\/1"}],"replies":[{"embeddable":true,"href":"https:\/\/www.hoymercedes.com.ar\/principal\/wp-json\/wp\/v2\/comments?post=12572"}],"version-history":[{"count":0,"href":"https:\/\/www.hoymercedes.com.ar\/principal\/wp-json\/wp\/v2\/posts\/12572\/revisions"}],"wp:attachment":[{"href":"https:\/\/www.hoymercedes.com.ar\/principal\/wp-json\/wp\/v2\/media?parent=12572"}],"wp:term":[{"taxonomy":"category","embeddable":true,"href":"https:\/\/www.hoymercedes.com.ar\/principal\/wp-json\/wp\/v2\/categories?post=12572"},{"taxonomy":"post_tag","embeddable":true,"href":"https:\/\/www.hoymercedes.com.ar\/principal\/wp-json\/wp\/v2\/tags?post=12572"}],"curies":[{"name":"wp","href":"https:\/\/api.w.org\/{rel}","templated":true}]}}