{"id":125737,"date":"2021-03-04T12:35:00","date_gmt":"2021-03-04T15:35:00","guid":{"rendered":"http:\/\/www.hoymercedes.com.ar\/principal\/?p=125737"},"modified":"2021-03-04T12:10:13","modified_gmt":"2021-03-04T15:10:13","slug":"se-realizo-la-2o-reunion-de-la-comision-de-turismo-municipal-en-altamira","status":"publish","type":"post","link":"https:\/\/www.hoymercedes.com.ar\/principal\/2021\/03\/04\/se-realizo-la-2o-reunion-de-la-comision-de-turismo-municipal-en-altamira\/","title":{"rendered":"Se realiz\u00f3 la 2\u00ba reuni\u00f3n de la Comisi\u00f3n de Turismo Municipal  en Altamira"},"content":{"rendered":"\n<p>El intendente Juan Ignacio Ustarroz particip\u00f3 este mi\u00e9rcoles de la segunda reuni\u00f3n de la Comisi\u00f3n Municipal e Turismo. Se realiz\u00f3 en Altamira. Cont\u00f3 con la participaci\u00f3n de prestadores de turismo, vecinos y vecinas, agentes y la Direcci\u00f3n de Turismo encabezada por su responsable, Mart\u00edn Boragno.\u00a0<\/p>\n\n\n\n<div class=\"wp-block-image\"><figure class=\"aligncenter size-large\"><img loading=\"lazy\" decoding=\"async\" width=\"800\" height=\"534\" data-attachment-id=\"125739\" data-permalink=\"https:\/\/www.hoymercedes.com.ar\/principal\/2021\/03\/04\/se-realizo-la-2o-reunion-de-la-comision-de-turismo-municipal-en-altamira\/04-altamira-turismo-2\/#main\" data-orig-file=\"https:\/\/www.hoymercedes.com.ar\/principal\/wp-content\/uploads\/2021\/03\/04-altamira-turismo-2.jpg\" data-orig-size=\"800,534\" data-comments-opened=\"0\" data-image-meta=\"{&quot;aperture&quot;:&quot;0&quot;,&quot;credit&quot;:&quot;&quot;,&quot;camera&quot;:&quot;&quot;,&quot;caption&quot;:&quot;&quot;,&quot;created_timestamp&quot;:&quot;1614807508&quot;,&quot;copyright&quot;:&quot;&quot;,&quot;focal_length&quot;:&quot;0&quot;,&quot;iso&quot;:&quot;0&quot;,&quot;shutter_speed&quot;:&quot;0&quot;,&quot;title&quot;:&quot;&quot;,&quot;orientation&quot;:&quot;1&quot;}\" data-image-title=\"04 altamira turismo 2\" data-image-description=\"\" data-image-caption=\"\" data-large-file=\"https:\/\/www.hoymercedes.com.ar\/principal\/wp-content\/uploads\/2021\/03\/04-altamira-turismo-2.jpg\" src=\"https:\/\/www.hoymercedes.com.ar\/principal\/wp-content\/uploads\/2021\/03\/04-altamira-turismo-2.jpg\" alt=\"\" class=\"wp-image-125739\" srcset=\"https:\/\/www.hoymercedes.com.ar\/principal\/wp-content\/uploads\/2021\/03\/04-altamira-turismo-2.jpg 800w, https:\/\/www.hoymercedes.com.ar\/principal\/wp-content\/uploads\/2021\/03\/04-altamira-turismo-2-630x421.jpg 630w, https:\/\/www.hoymercedes.com.ar\/principal\/wp-content\/uploads\/2021\/03\/04-altamira-turismo-2-150x100.jpg 150w\" sizes=\"auto, (max-width: 800px) 100vw, 800px\" \/><\/figure><\/div>\n\n\n\n<p>El intendente Ustarroz manifest\u00f3 \u201cel desaf\u00edo m\u00e1s grande que existe es el de generar trabajo y creemos que el turismo es una de las puertas para poder crear el mismo\u201d y sostuvo \u201ccreo que esta Comisi\u00f3n y es un gran paso, porque estamos unidos por un mismo objetivo\u201d afirm\u00f3 &nbsp;<\/p>\n\n\n\n<p>M\u00e1s adelante destaco que en esta materia \u201ctrabajar con la Universidad de Luj\u00e1n, con profesionales de la materia que nos ayudan a coordinar y conducir este proceso es muy importante para generar m\u00e1s turismo en la ciudad\u201d.&nbsp;<\/p>\n\n\n\n<p>\u201cPreparar una ciudad para el turismo es tambi\u00e9n hacer una ciudad m\u00e1s reconfortante para el vecino\u201d destac\u00f3 Ustarroz y a\u00f1adi\u00f3 \u201cla idea es trabajar de manera conjunta, transparente y solidaria\u201d. &nbsp;<\/p>\n\n\n\n<p>Adem\u00e1s, el Intendente Ustarroz indic\u00f3 \u201cla pandemia trajo dificultades, pero creo que tambi\u00e9n generar\u00e1 oportunidades, donde el Municipio estar\u00e1 acompa\u00f1ando y apoyando para que juntos podamos salir adelante\u201d por lo cual \u201centendemos que el turismo, en esta situaci\u00f3n tan dif\u00edcil que nos toca afrontar, ser\u00e1 un gran generador de trabajo genuino\u201d. &nbsp;<\/p>\n\n\n\n<p>Mart\u00edn Boragno mencion\u00f3 que en esta ocasi\u00f3n se trabaj\u00f3 en algunos ejes program\u00e1ticos, como ser \u201cescuchar a los vecinos, en esta ocasi\u00f3n a cargo de Dami\u00e1n Lacoste, efectuar una amplia descripci\u00f3n de la situaci\u00f3n actual y el lugar, exposici\u00f3n de proyectos y actividades y una puesta en com\u00fan\u201d&nbsp;<\/p>\n\n\n\n<p>Se concret\u00f3, tambi\u00e9n, una exposici\u00f3n por parte del Centro de Formaci\u00f3n Profesional N\u00ba401 a cargo de su director, Sebasti\u00e1n Minadevino<\/p>\n\n\n\n<p>Tambi\u00e9n fueron parte \u00abAmigos del Belgrano\u00bb, dado que el tren turistico y su trabajo es parte de la agenda de gesti\u00f3n.<\/p>\n\n\n\n<p>Por Prensa Municipal<\/p>\n\n\n\n<div class=\"wp-block-image\"><figure class=\"aligncenter size-large\"><img loading=\"lazy\" decoding=\"async\" width=\"800\" height=\"533\" data-attachment-id=\"125738\" data-permalink=\"https:\/\/www.hoymercedes.com.ar\/principal\/2021\/03\/04\/se-realizo-la-2o-reunion-de-la-comision-de-turismo-municipal-en-altamira\/04-altamira-turismo-1\/#main\" data-orig-file=\"https:\/\/www.hoymercedes.com.ar\/principal\/wp-content\/uploads\/2021\/03\/04-altamira-turismo-1.jpg\" data-orig-size=\"800,533\" data-comments-opened=\"0\" data-image-meta=\"{&quot;aperture&quot;:&quot;0&quot;,&quot;credit&quot;:&quot;&quot;,&quot;camera&quot;:&quot;&quot;,&quot;caption&quot;:&quot;&quot;,&quot;created_timestamp&quot;:&quot;0&quot;,&quot;copyright&quot;:&quot;&quot;,&quot;focal_length&quot;:&quot;0&quot;,&quot;iso&quot;:&quot;0&quot;,&quot;shutter_speed&quot;:&quot;0&quot;,&quot;title&quot;:&quot;&quot;,&quot;orientation&quot;:&quot;0&quot;}\" data-image-title=\"04 altamira turismo 1\" data-image-description=\"\" data-image-caption=\"\" data-large-file=\"https:\/\/www.hoymercedes.com.ar\/principal\/wp-content\/uploads\/2021\/03\/04-altamira-turismo-1.jpg\" src=\"https:\/\/www.hoymercedes.com.ar\/principal\/wp-content\/uploads\/2021\/03\/04-altamira-turismo-1.jpg\" alt=\"\" class=\"wp-image-125738\" srcset=\"https:\/\/www.hoymercedes.com.ar\/principal\/wp-content\/uploads\/2021\/03\/04-altamira-turismo-1.jpg 800w, https:\/\/www.hoymercedes.com.ar\/principal\/wp-content\/uploads\/2021\/03\/04-altamira-turismo-1-630x420.jpg 630w, https:\/\/www.hoymercedes.com.ar\/principal\/wp-content\/uploads\/2021\/03\/04-altamira-turismo-1-150x100.jpg 150w, https:\/\/www.hoymercedes.com.ar\/principal\/wp-content\/uploads\/2021\/03\/04-altamira-turismo-1-700x465.jpg 700w\" sizes=\"auto, (max-width: 800px) 100vw, 800px\" \/><\/figure><\/div>\n","protected":false},"excerpt":{"rendered":"<p>El intendente Juan Ignacio Ustarroz particip\u00f3 este mi\u00e9rcoles de la segunda reuni\u00f3n de la Comisi\u00f3n Municipal e Turismo. Se realiz\u00f3 &#8230; <a title=\"Se realiz\u00f3 la 2\u00ba reuni\u00f3n de la Comisi\u00f3n de Turismo Municipal  en Altamira\" class=\"read-more\" href=\"https:\/\/www.hoymercedes.com.ar\/principal\/2021\/03\/04\/se-realizo-la-2o-reunion-de-la-comision-de-turismo-municipal-en-altamira\/\" aria-label=\"Leer m\u00e1s sobre Se realiz\u00f3 la 2\u00ba reuni\u00f3n de la Comisi\u00f3n de Turismo Municipal  en Altamira\">Leer m\u00e1s<\/a><\/p>\n","protected":false},"author":1,"featured_media":125738,"comment_status":"closed","ping_status":"open","sticky":false,"template":"","format":"standard","meta":{"_monsterinsights_skip_tracking":false,"_monsterinsights_sitenote_active":false,"_monsterinsights_sitenote_note":"","_monsterinsights_sitenote_category":0,"jetpack_post_was_ever_published":false,"_jetpack_newsletter_access":"","_jetpack_dont_email_post_to_subs":false,"_jetpack_newsletter_tier_id":0,"_jetpack_memberships_contains_paywalled_content":false,"_jetpack_memberships_contains_paid_content":false,"footnotes":"","jetpack_publicize_message":"","jetpack_publicize_feature_enabled":true,"jetpack_social_post_already_shared":true,"jetpack_social_options":{"image_generator_settings":{"template":"highway","default_image_id":0,"font":"","enabled":false},"version":2},"_wpas_customize_per_network":false},"categories":[30],"tags":[],"class_list":["post-125737","post","type-post","status-publish","format-standard","has-post-thumbnail","hentry","category-municipio","generate-columns","tablet-grid-50","mobile-grid-100","grid-parent","grid-50"],"jetpack_publicize_connections":[],"jetpack_featured_media_url":"https:\/\/www.hoymercedes.com.ar\/principal\/wp-content\/uploads\/2021\/03\/04-altamira-turismo-1.jpg","wps_subtitle":"","jetpack_sharing_enabled":true,"jetpack-related-posts":[{"id":126188,"url":"https:\/\/www.hoymercedes.com.ar\/principal\/2021\/03\/12\/el-arquitecto-miguel-brady-reelecto-en-la-presidencia-de-la-comision-municipal-de-patrimonio-cuna\/","url_meta":{"origin":125737,"position":0},"title":"El Arquitecto Miguel Brady reelecto en la presidencia de la Comisi\u00f3n Municipal de Patrimonio CUNA","author":"hoymercedes","date":"12 marzo, 2021","format":false,"excerpt":"(Fuente: Prensa CUNA) Se llev\u00f3 adelante el primer encuentro del a\u00f1o por parte de los miembros de la Comisi\u00f3n Municipal del Patrimonio (CUNA) Cultural y Natural de Mercedes. Durante la jornada se oficializ\u00f3 con el voto de los integrantes presentes, que el Arquitecto Miguel Brady presida la Comisi\u00f3n durante el\u2026","rel":"","context":"En \u00abSociedad\u00bb","block_context":{"text":"Sociedad","link":"https:\/\/www.hoymercedes.com.ar\/principal\/category\/sociedad\/"},"img":{"alt_text":"","src":"https:\/\/i0.wp.com\/www.hoymercedes.com.ar\/principal\/wp-content\/uploads\/2021\/03\/CUNA-reeligio-a-Brady-como-Presidente.jpg?resize=350%2C200&ssl=1","width":350,"height":200,"srcset":"https:\/\/i0.wp.com\/www.hoymercedes.com.ar\/principal\/wp-content\/uploads\/2021\/03\/CUNA-reeligio-a-Brady-como-Presidente.jpg?resize=350%2C200&ssl=1 1x, https:\/\/i0.wp.com\/www.hoymercedes.com.ar\/principal\/wp-content\/uploads\/2021\/03\/CUNA-reeligio-a-Brady-como-Presidente.jpg?resize=525%2C300&ssl=1 1.5x, https:\/\/i0.wp.com\/www.hoymercedes.com.ar\/principal\/wp-content\/uploads\/2021\/03\/CUNA-reeligio-a-Brady-como-Presidente.jpg?resize=700%2C400&ssl=1 2x"},"classes":[]},{"id":148274,"url":"https:\/\/www.hoymercedes.com.ar\/principal\/2022\/05\/21\/importante-altamira-es-elegido-como-destino-turistico-por-la-provincia\/","url_meta":{"origin":125737,"position":1},"title":"Importante: Altamira es elegido como destino turistico por la Provincia","author":"hoymercedes","date":"21 mayo, 2022","format":false,"excerpt":"En una jornada hist\u00f3rica, desde la estaci\u00f3n de Altamira se realiz\u00f3 el Relanzamiento del programa Pueblos Tur\u00edsticos, que promueve el desarrollo del turismo de base comunitaria en localidades de menos de 2000 habitantes en la provincia de Buenos Aires. All\u00ed estuvo el intendente Juan Ignacio Ustarroz junto al Ministro de\u2026","rel":"","context":"En \u00abMunicipio\u00bb","block_context":{"text":"Municipio","link":"https:\/\/www.hoymercedes.com.ar\/principal\/category\/municipio\/"},"img":{"alt_text":"","src":"https:\/\/i0.wp.com\/www.hoymercedes.com.ar\/principal\/wp-content\/uploads\/2022\/05\/7.jpeg?resize=350%2C200&ssl=1","width":350,"height":200,"srcset":"https:\/\/i0.wp.com\/www.hoymercedes.com.ar\/principal\/wp-content\/uploads\/2022\/05\/7.jpeg?resize=350%2C200&ssl=1 1x, https:\/\/i0.wp.com\/www.hoymercedes.com.ar\/principal\/wp-content\/uploads\/2022\/05\/7.jpeg?resize=525%2C300&ssl=1 1.5x, https:\/\/i0.wp.com\/www.hoymercedes.com.ar\/principal\/wp-content\/uploads\/2022\/05\/7.jpeg?resize=700%2C400&ssl=1 2x, https:\/\/i0.wp.com\/www.hoymercedes.com.ar\/principal\/wp-content\/uploads\/2022\/05\/7.jpeg?resize=1050%2C600&ssl=1 3x"},"classes":[]},{"id":157315,"url":"https:\/\/www.hoymercedes.com.ar\/principal\/2023\/01\/14\/lo-de-curly-y-ex-corinena-declarados-patrimonio-historico-y-cultural\/","url_meta":{"origin":125737,"position":2},"title":"Lo de Curly y ex Corinena declarados Patrimonio Hist\u00f3rico y Cultural","author":"hoymercedes","date":"14 enero, 2023","format":false,"excerpt":"La Comisi\u00f3n de Patrimonio Hist\u00f3rico de Mercedes declar\u00f3 de inter\u00e9s patrimonial de Mercedes al bar \u201cLo de Curly\u201d como as\u00ed tambi\u00e9n a la edificaci\u00f3n ex f\u00e1brica Corinema de Altamira.\u00a0\u00a0 Felicitaciones El intendente Juan Ignacio Ustarroz presente en el reconocimiento expres\u00f3: \u201cfelicitar a Curly y su familia por este servicio hermoso\u2026","rel":"","context":"En \u00abCultura\u00bb","block_context":{"text":"Cultura","link":"https:\/\/www.hoymercedes.com.ar\/principal\/category\/cultura\/"},"img":{"alt_text":"","src":"https:\/\/i0.wp.com\/www.hoymercedes.com.ar\/principal\/wp-content\/uploads\/2023\/01\/Curly-Corinema.1.jpg?resize=350%2C200&ssl=1","width":350,"height":200,"srcset":"https:\/\/i0.wp.com\/www.hoymercedes.com.ar\/principal\/wp-content\/uploads\/2023\/01\/Curly-Corinema.1.jpg?resize=350%2C200&ssl=1 1x, https:\/\/i0.wp.com\/www.hoymercedes.com.ar\/principal\/wp-content\/uploads\/2023\/01\/Curly-Corinema.1.jpg?resize=525%2C300&ssl=1 1.5x, https:\/\/i0.wp.com\/www.hoymercedes.com.ar\/principal\/wp-content\/uploads\/2023\/01\/Curly-Corinema.1.jpg?resize=700%2C400&ssl=1 2x"},"classes":[]},{"id":140132,"url":"https:\/\/www.hoymercedes.com.ar\/principal\/2021\/11\/15\/municipio-realiza-obras-de-jerarquizacion-y-recuperacio-de-estacion-altamira\/","url_meta":{"origin":125737,"position":3},"title":"Municipio realiza obras de jerarquizaci\u00f3n y recuperaci\u00f3 de Estaci\u00f3n Altamira","author":"hoymercedes","date":"15 noviembre, 2021","format":false,"excerpt":"Gracias al trabajo en conjunto del Municipio de Mercedes, Trenes Argentinos y la comunidad se logr\u00f3 poner en valor la estaci\u00f3n de trenes de la localidad de Altamira. La misma, pronto estar\u00e1 en funcionamiento, brindando de esa manera un servicio m\u00e1s c\u00f3modo a los vecinos de la zona. Adem\u00e1s, este\u2026","rel":"","context":"En \u00abMunicipio\u00bb","block_context":{"text":"Municipio","link":"https:\/\/www.hoymercedes.com.ar\/principal\/category\/municipio\/"},"img":{"alt_text":"","src":"https:\/\/i0.wp.com\/www.hoymercedes.com.ar\/principal\/wp-content\/uploads\/2021\/11\/DSC_0131.jpg?resize=350%2C200&ssl=1","width":350,"height":200,"srcset":"https:\/\/i0.wp.com\/www.hoymercedes.com.ar\/principal\/wp-content\/uploads\/2021\/11\/DSC_0131.jpg?resize=350%2C200&ssl=1 1x, https:\/\/i0.wp.com\/www.hoymercedes.com.ar\/principal\/wp-content\/uploads\/2021\/11\/DSC_0131.jpg?resize=525%2C300&ssl=1 1.5x, https:\/\/i0.wp.com\/www.hoymercedes.com.ar\/principal\/wp-content\/uploads\/2021\/11\/DSC_0131.jpg?resize=700%2C400&ssl=1 2x"},"classes":[]},{"id":158279,"url":"https:\/\/www.hoymercedes.com.ar\/principal\/2023\/02\/12\/confirman-a-francisco-dinova-como-director-de-turismo\/","url_meta":{"origin":125737,"position":4},"title":"Confirman a Francisco Dinova como Director de Turismo","author":"hoymercedes","date":"12 febrero, 2023","format":false,"excerpt":"El Municipio de Mercedes confirm\u00f3 un nuevo cargo para Francisco Dinova. Qui\u00e9n hasta d\u00edas atr\u00e1s estuvo a cargo del Teatro Argentino, ahora pas\u00f3 a cumplir funciones como Director de Turismo, puesto que estuvo ocupado por Mart\u00edn Boragno, ahora en PAMI Regional en Luj\u00e1n. A trav\u00e9s de una conferencia de prensa,\u2026","rel":"","context":"En \u00abMunicipio\u00bb","block_context":{"text":"Municipio","link":"https:\/\/www.hoymercedes.com.ar\/principal\/category\/municipio\/"},"img":{"alt_text":"","src":"https:\/\/i0.wp.com\/www.hoymercedes.com.ar\/principal\/wp-content\/uploads\/2023\/02\/DSC_0175_copy_800x532.jpg?resize=350%2C200&ssl=1","width":350,"height":200,"srcset":"https:\/\/i0.wp.com\/www.hoymercedes.com.ar\/principal\/wp-content\/uploads\/2023\/02\/DSC_0175_copy_800x532.jpg?resize=350%2C200&ssl=1 1x, https:\/\/i0.wp.com\/www.hoymercedes.com.ar\/principal\/wp-content\/uploads\/2023\/02\/DSC_0175_copy_800x532.jpg?resize=525%2C300&ssl=1 1.5x, https:\/\/i0.wp.com\/www.hoymercedes.com.ar\/principal\/wp-content\/uploads\/2023\/02\/DSC_0175_copy_800x532.jpg?resize=700%2C400&ssl=1 2x"},"classes":[]},{"id":143673,"url":"https:\/\/www.hoymercedes.com.ar\/principal\/2022\/02\/06\/se-inauguro-la-obra-de-restauracion-y-jerarquizacion-de-la-estacion-de-altamira\/","url_meta":{"origin":125737,"position":5},"title":"Se inaugur\u00f3 la obra de restauraci\u00f3n y jerarquizaci\u00f3n de la Estaci\u00f3n de Altamira","author":"hoymercedes","date":"6 febrero, 2022","format":false,"excerpt":"El intendente Ustarroz encabez\u00f3 la inauguraci\u00f3n de las obras de recuperaci\u00f3n edilicia y jerarquizaci\u00f3n de la Estaci\u00f3n de Altamira. Se prev\u00e9 all\u00ed realizar intervenciones culturales y sociales y seguir apuntalando el sue\u00f1o del tren tur\u00edstico. La actividad se realiz\u00f3 con el protagonismo de los vecinos y vecinas del pueblo. La\u2026","rel":"","context":"En \u00abMunicipio\u00bb","block_context":{"text":"Municipio","link":"https:\/\/www.hoymercedes.com.ar\/principal\/category\/municipio\/"},"img":{"alt_text":"","src":"https:\/\/i0.wp.com\/www.hoymercedes.com.ar\/principal\/wp-content\/uploads\/2022\/02\/DSC02956.jpg?resize=350%2C200&ssl=1","width":350,"height":200,"srcset":"https:\/\/i0.wp.com\/www.hoymercedes.com.ar\/principal\/wp-content\/uploads\/2022\/02\/DSC02956.jpg?resize=350%2C200&ssl=1 1x, https:\/\/i0.wp.com\/www.hoymercedes.com.ar\/principal\/wp-content\/uploads\/2022\/02\/DSC02956.jpg?resize=525%2C300&ssl=1 1.5x, https:\/\/i0.wp.com\/www.hoymercedes.com.ar\/principal\/wp-content\/uploads\/2022\/02\/DSC02956.jpg?resize=700%2C400&ssl=1 2x"},"classes":[]}],"_links":{"self":[{"href":"https:\/\/www.hoymercedes.com.ar\/principal\/wp-json\/wp\/v2\/posts\/125737","targetHints":{"allow":["GET"]}}],"collection":[{"href":"https:\/\/www.hoymercedes.com.ar\/principal\/wp-json\/wp\/v2\/posts"}],"about":[{"href":"https:\/\/www.hoymercedes.com.ar\/principal\/wp-json\/wp\/v2\/types\/post"}],"author":[{"embeddable":true,"href":"https:\/\/www.hoymercedes.com.ar\/principal\/wp-json\/wp\/v2\/users\/1"}],"replies":[{"embeddable":true,"href":"https:\/\/www.hoymercedes.com.ar\/principal\/wp-json\/wp\/v2\/comments?post=125737"}],"version-history":[{"count":0,"href":"https:\/\/www.hoymercedes.com.ar\/principal\/wp-json\/wp\/v2\/posts\/125737\/revisions"}],"wp:featuredmedia":[{"embeddable":true,"href":"https:\/\/www.hoymercedes.com.ar\/principal\/wp-json\/wp\/v2\/media\/125738"}],"wp:attachment":[{"href":"https:\/\/www.hoymercedes.com.ar\/principal\/wp-json\/wp\/v2\/media?parent=125737"}],"wp:term":[{"taxonomy":"category","embeddable":true,"href":"https:\/\/www.hoymercedes.com.ar\/principal\/wp-json\/wp\/v2\/categories?post=125737"},{"taxonomy":"post_tag","embeddable":true,"href":"https:\/\/www.hoymercedes.com.ar\/principal\/wp-json\/wp\/v2\/tags?post=125737"}],"curies":[{"name":"wp","href":"https:\/\/api.w.org\/{rel}","templated":true}]}}