{"id":125741,"date":"2021-03-04T14:17:00","date_gmt":"2021-03-04T17:17:00","guid":{"rendered":"http:\/\/www.hoymercedes.com.ar\/principal\/?p=125741"},"modified":"2021-03-04T12:21:18","modified_gmt":"2021-03-04T15:21:18","slug":"tareas-de-repavimentacion-en-calle-15-entre-40-y-42","status":"publish","type":"post","link":"https:\/\/www.hoymercedes.com.ar\/principal\/2021\/03\/04\/tareas-de-repavimentacion-en-calle-15-entre-40-y-42\/","title":{"rendered":"Tareas de repavimentaci\u00f3n en calle 15 entre 40 y 42"},"content":{"rendered":"\n<p>El Municipio de Mercedes contin\u00faa con el plan integral de pavimentaci\u00f3n y bacheo por la ciudad. En esta oportunidad, la maquinaria municipal se encuentra trabajando en la calle 15 entre 40 y 42 donde se est\u00e1 realizando un trabajo intenso de movimiento de suelo, repavimentaci\u00f3n, ensanchamiento de la traza y un cantero. Dicha obra intentar\u00e1 brindar mayor seguridad vial y dar una soluci\u00f3n al problema que aqueja a dicha zona. \u00a0<\/p>\n\n\n\n<div class=\"wp-block-image\"><figure class=\"aligncenter size-large\"><img loading=\"lazy\" decoding=\"async\" width=\"800\" height=\"533\" data-attachment-id=\"125743\" data-permalink=\"https:\/\/www.hoymercedes.com.ar\/principal\/2021\/03\/04\/tareas-de-repavimentacion-en-calle-15-entre-40-y-42\/20210303_103402\/#main\" data-orig-file=\"https:\/\/www.hoymercedes.com.ar\/principal\/wp-content\/uploads\/2021\/03\/20210303_103402.jpg\" data-orig-size=\"800,533\" data-comments-opened=\"0\" data-image-meta=\"{&quot;aperture&quot;:&quot;0&quot;,&quot;credit&quot;:&quot;&quot;,&quot;camera&quot;:&quot;&quot;,&quot;caption&quot;:&quot;&quot;,&quot;created_timestamp&quot;:&quot;1614859824&quot;,&quot;copyright&quot;:&quot;&quot;,&quot;focal_length&quot;:&quot;0&quot;,&quot;iso&quot;:&quot;0&quot;,&quot;shutter_speed&quot;:&quot;0&quot;,&quot;title&quot;:&quot;&quot;,&quot;orientation&quot;:&quot;1&quot;}\" data-image-title=\"20210303_103402\" data-image-description=\"\" data-image-caption=\"\" data-large-file=\"https:\/\/www.hoymercedes.com.ar\/principal\/wp-content\/uploads\/2021\/03\/20210303_103402.jpg\" src=\"https:\/\/www.hoymercedes.com.ar\/principal\/wp-content\/uploads\/2021\/03\/20210303_103402.jpg\" alt=\"\" class=\"wp-image-125743\" srcset=\"https:\/\/www.hoymercedes.com.ar\/principal\/wp-content\/uploads\/2021\/03\/20210303_103402.jpg 800w, https:\/\/www.hoymercedes.com.ar\/principal\/wp-content\/uploads\/2021\/03\/20210303_103402-630x420.jpg 630w, https:\/\/www.hoymercedes.com.ar\/principal\/wp-content\/uploads\/2021\/03\/20210303_103402-150x100.jpg 150w, https:\/\/www.hoymercedes.com.ar\/principal\/wp-content\/uploads\/2021\/03\/20210303_103402-700x465.jpg 700w\" sizes=\"auto, (max-width: 800px) 100vw, 800px\" \/><\/figure><\/div>\n\n\n\n<p>El intendente Juan Ignacio Ustarroz se hizo presente en el lugar \u201cquiero felicitar a los trabajadores, esto forma parte de un proceso de aprendizaje y capacitaci\u00f3n en obra, donde se comenz\u00f3 con obras peque\u00f1as, se fue formando al grupo humano y hoy estamos frente a un gran desaf\u00edo, que yo digo es la antesala, de la hormigonera municipal\u201d. &nbsp;<\/p>\n\n\n\n<p>\u201cEsta es una de las intersecciones m\u00e1s importantes de la ciudad, que conecta con much\u00edsimos barrios, estamos llevando a cabo esta obra pensada en clave de futuro\u201d declar\u00f3 Ustarroz y apunt\u00f3 \u201cse levanta todo lo viejo, se hace en hormig\u00f3n, se ensancha y tendr\u00e1 un cantero en el medio, con lo cual, adem\u00e1s, pensamos en la seguridad vial del lugar\u201d. &nbsp;<\/p>\n\n\n\n<p>Asimismo, el Dr. Ustarroz indic\u00f3 \u201cel objetivo es que el tiempo nos d\u00e9 la posibilidad de hacer crecer estas cuadrillas porque generan trabajo local\u201d porque \u201ccuando nosotros pensamos en la hormigonera, lo hacemos con la idea de hacer m\u00e1s pavimento en la ciudad, generando trabajo genuino dotando a Mercedes de m\u00e1s infraestructura teniendo cierta autonom\u00eda como Municipio\u201d. &nbsp;<\/p>\n\n\n\n<p>El subsecretario de Servicios P\u00fablicos, Lu\u00eds Ponce, manifest\u00f3 \u201chemos comenzado junto al equipo municipal de bacheo, esta, nuestra primera importante obra de asfalto\u201d y apunt\u00f3 \u201ceste es un acceso fundamental a muchos barrios de la ciudad, misma que ser\u00e1 ensanchada a 8 metros y que tendr\u00e1 en el medio un boulevard\u201d. &nbsp;<\/p>\n\n\n\n<p>\u201cEstas para nosotros son semanas hist\u00f3ricas, ya que es nuestra primera obra de hormig\u00f3n completa, con cien por ciento de trabajadores municipales\u201d.&nbsp;&nbsp;&nbsp;<\/p>\n\n\n\n<p>La cuadrilla municipal de bacheo es coordinada por Carlos Romero qui\u00e9n agradeci\u00f3 \u201cla confianza del intendente Ustarroz en este grupo de trabajo, son chicos que comenzaron trabajando en una cooperativa, donde abordamos obras chicas, fueron creciendo y rindiendo, hasta poder llegar a esta importante obra\u201d.&nbsp;&nbsp;&nbsp;<\/p>\n\n\n\n<p>La obra, por sus dimensiones, tendr\u00e1 para varias semanas m\u00e1s de trabajo, agradeciendo la comprensi\u00f3n de las y los vecinos, sabiendo que se trabaja para brindar soluciones..<\/p>\n\n\n\n<p>Por Prensa Municipal<\/p>\n\n\n\n<div class=\"wp-block-image\"><figure class=\"aligncenter size-large\"><img loading=\"lazy\" decoding=\"async\" width=\"800\" height=\"533\" data-attachment-id=\"125742\" data-permalink=\"https:\/\/www.hoymercedes.com.ar\/principal\/2021\/03\/04\/tareas-de-repavimentacion-en-calle-15-entre-40-y-42\/23-2\/#main\" data-orig-file=\"https:\/\/www.hoymercedes.com.ar\/principal\/wp-content\/uploads\/2021\/03\/23.jpg\" data-orig-size=\"800,533\" data-comments-opened=\"0\" data-image-meta=\"{&quot;aperture&quot;:&quot;0&quot;,&quot;credit&quot;:&quot;&quot;,&quot;camera&quot;:&quot;&quot;,&quot;caption&quot;:&quot;&quot;,&quot;created_timestamp&quot;:&quot;1614859838&quot;,&quot;copyright&quot;:&quot;&quot;,&quot;focal_length&quot;:&quot;0&quot;,&quot;iso&quot;:&quot;0&quot;,&quot;shutter_speed&quot;:&quot;0&quot;,&quot;title&quot;:&quot;&quot;,&quot;orientation&quot;:&quot;1&quot;}\" data-image-title=\"23\" data-image-description=\"\" data-image-caption=\"\" data-large-file=\"https:\/\/www.hoymercedes.com.ar\/principal\/wp-content\/uploads\/2021\/03\/23.jpg\" src=\"https:\/\/www.hoymercedes.com.ar\/principal\/wp-content\/uploads\/2021\/03\/23.jpg\" alt=\"\" class=\"wp-image-125742\" srcset=\"https:\/\/www.hoymercedes.com.ar\/principal\/wp-content\/uploads\/2021\/03\/23.jpg 800w, https:\/\/www.hoymercedes.com.ar\/principal\/wp-content\/uploads\/2021\/03\/23-630x420.jpg 630w, https:\/\/www.hoymercedes.com.ar\/principal\/wp-content\/uploads\/2021\/03\/23-150x100.jpg 150w, https:\/\/www.hoymercedes.com.ar\/principal\/wp-content\/uploads\/2021\/03\/23-700x465.jpg 700w\" sizes=\"auto, (max-width: 800px) 100vw, 800px\" \/><\/figure><\/div>\n","protected":false},"excerpt":{"rendered":"<p>El Municipio de Mercedes contin\u00faa con el plan integral de pavimentaci\u00f3n y bacheo por la ciudad. En esta oportunidad, la &#8230; <a title=\"Tareas de repavimentaci\u00f3n en calle 15 entre 40 y 42\" class=\"read-more\" href=\"https:\/\/www.hoymercedes.com.ar\/principal\/2021\/03\/04\/tareas-de-repavimentacion-en-calle-15-entre-40-y-42\/\" aria-label=\"Leer m\u00e1s sobre Tareas de repavimentaci\u00f3n en calle 15 entre 40 y 42\">Leer m\u00e1s<\/a><\/p>\n","protected":false},"author":1,"featured_media":125742,"comment_status":"closed","ping_status":"open","sticky":false,"template":"","format":"standard","meta":{"_monsterinsights_skip_tracking":false,"_monsterinsights_sitenote_active":false,"_monsterinsights_sitenote_note":"","_monsterinsights_sitenote_category":0,"jetpack_post_was_ever_published":false,"_jetpack_newsletter_access":"","_jetpack_dont_email_post_to_subs":false,"_jetpack_newsletter_tier_id":0,"_jetpack_memberships_contains_paywalled_content":false,"_jetpack_memberships_contains_paid_content":false,"footnotes":"","jetpack_publicize_message":"","jetpack_publicize_feature_enabled":true,"jetpack_social_post_already_shared":true,"jetpack_social_options":{"image_generator_settings":{"template":"highway","default_image_id":0,"font":"","enabled":false},"version":2},"_wpas_customize_per_network":false},"categories":[30],"tags":[],"class_list":["post-125741","post","type-post","status-publish","format-standard","has-post-thumbnail","hentry","category-municipio","generate-columns","tablet-grid-50","mobile-grid-100","grid-parent","grid-50"],"jetpack_publicize_connections":[],"jetpack_featured_media_url":"https:\/\/www.hoymercedes.com.ar\/principal\/wp-content\/uploads\/2021\/03\/23.jpg","wps_subtitle":"","jetpack_sharing_enabled":true,"jetpack-related-posts":[{"id":105051,"url":"https:\/\/www.hoymercedes.com.ar\/principal\/2020\/01\/12\/municipio-inauguro-obra-de-repavimentacion-y-puesta-en-valor-de-calle-8-y-pasaje-de-la-estacion\/","url_meta":{"origin":125741,"position":0},"title":"Municipio inaugur\u00f3 obra de repavimentaci\u00f3n y puesta en valor de calle 8 y pasaje de la Estaci\u00f3n","author":"hoymercedes","date":"12 enero, 2020","format":false,"excerpt":"Inauguran calle 8. El jefe comunal junto a vecinos y comericantes dej\u00f3 inaugurada formalmente la obra de repavimentaci\u00f3n y jerarquizaci\u00f3n del pasaje de calle 8, frente a Plaza de la Estaci\u00f3n de Trenes, donde se ha generado en el \u00faltimo tiempo un espacio de encuentro y gastronom\u00eda con los food\u2026","rel":"","context":"En \u00abMunicipio\u00bb","block_context":{"text":"Municipio","link":"https:\/\/www.hoymercedes.com.ar\/principal\/category\/municipio\/"},"img":{"alt_text":"","src":"https:\/\/i0.wp.com\/www.hoymercedes.com.ar\/principal\/wp-content\/uploads\/2020\/01\/DSC09810.jpg?resize=350%2C200&ssl=1","width":350,"height":200,"srcset":"https:\/\/i0.wp.com\/www.hoymercedes.com.ar\/principal\/wp-content\/uploads\/2020\/01\/DSC09810.jpg?resize=350%2C200&ssl=1 1x, https:\/\/i0.wp.com\/www.hoymercedes.com.ar\/principal\/wp-content\/uploads\/2020\/01\/DSC09810.jpg?resize=525%2C300&ssl=1 1.5x, https:\/\/i0.wp.com\/www.hoymercedes.com.ar\/principal\/wp-content\/uploads\/2020\/01\/DSC09810.jpg?resize=700%2C400&ssl=1 2x"},"classes":[]},{"id":128736,"url":"https:\/\/www.hoymercedes.com.ar\/principal\/2021\/04\/23\/ultiman-detalles-en-la-obra-de-pavimentacion-y-luminarias-en-15-entre-40-y-42\/","url_meta":{"origin":125741,"position":1},"title":"Ultiman detalles en la obra de pavimentaci\u00f3n y luminarias en 15 entre 40 y 42","author":"hoymercedes","date":"23 abril, 2021","format":false,"excerpt":"La obra de reasfaltado e iluminaci\u00f3n en la calle 15 entre 40 y 42 avanza y entr\u00f3 en un proceso de detalles finales del trabajo. La labor la realizaron los trabajadores municipales de la \u201ccuadrilla de bacheo\u201d con la direcci\u00f3n del Subsecretario de Servicios P\u00fablicos Luis Ponce y la coordinaci\u00f3n\u2026","rel":"","context":"En \u00abMunicipio\u00bb","block_context":{"text":"Municipio","link":"https:\/\/www.hoymercedes.com.ar\/principal\/category\/municipio\/"},"img":{"alt_text":"","src":"https:\/\/i0.wp.com\/www.hoymercedes.com.ar\/principal\/wp-content\/uploads\/2021\/04\/20210422_090743.jpg?resize=350%2C200&ssl=1","width":350,"height":200,"srcset":"https:\/\/i0.wp.com\/www.hoymercedes.com.ar\/principal\/wp-content\/uploads\/2021\/04\/20210422_090743.jpg?resize=350%2C200&ssl=1 1x, https:\/\/i0.wp.com\/www.hoymercedes.com.ar\/principal\/wp-content\/uploads\/2021\/04\/20210422_090743.jpg?resize=525%2C300&ssl=1 1.5x, https:\/\/i0.wp.com\/www.hoymercedes.com.ar\/principal\/wp-content\/uploads\/2021\/04\/20210422_090743.jpg?resize=700%2C400&ssl=1 2x"},"classes":[]},{"id":126853,"url":"https:\/\/www.hoymercedes.com.ar\/principal\/2021\/03\/23\/avanza-la-obra-de-calle-15-y-las-vias-de-la-trocha\/","url_meta":{"origin":125741,"position":2},"title":"Avanza la obra de calle 15 y las v\u00edas de la Trocha","author":"hoymercedes","date":"23 marzo, 2021","format":false,"excerpt":"La Municipalidad de Mercedes sigue adelante con su plan de bacheo y repavimentaci\u00f3n y avanza la obra en la calle 15 entre 40 y 42. Una arteria complicada para el tr\u00e1nsito, debido al volumen de veh\u00edculos que llegan desde la avenida 40 o ingresan a la misma que est\u00e1 cerrada\u2026","rel":"","context":"En \u00abMunicipio\u00bb","block_context":{"text":"Municipio","link":"https:\/\/www.hoymercedes.com.ar\/principal\/category\/municipio\/"},"img":{"alt_text":"","src":"https:\/\/i0.wp.com\/www.hoymercedes.com.ar\/principal\/wp-content\/uploads\/2021\/03\/900-3.jpeg?resize=350%2C200&ssl=1","width":350,"height":200,"srcset":"https:\/\/i0.wp.com\/www.hoymercedes.com.ar\/principal\/wp-content\/uploads\/2021\/03\/900-3.jpeg?resize=350%2C200&ssl=1 1x, https:\/\/i0.wp.com\/www.hoymercedes.com.ar\/principal\/wp-content\/uploads\/2021\/03\/900-3.jpeg?resize=525%2C300&ssl=1 1.5x, https:\/\/i0.wp.com\/www.hoymercedes.com.ar\/principal\/wp-content\/uploads\/2021\/03\/900-3.jpeg?resize=700%2C400&ssl=1 2x"},"classes":[]},{"id":120093,"url":"https:\/\/www.hoymercedes.com.ar\/principal\/2020\/11\/13\/continua-la-obra-de-pavimentacion-en-la-calle-56-entre-heroes-de-malvinas-y-la-av-29\/","url_meta":{"origin":125741,"position":3},"title":"Contin\u00faa la obra de pavimentaci\u00f3n en la calle 56 entre H\u00e9roes de Malvinas y la av. 29","author":"Clarisa Altieri","date":"13 noviembre, 2020","format":false,"excerpt":"La Municipalidad de Mercedes sigue a paso firme con la obra de la calle 56, muy importante para mejorar la calidad de vida de los vecinos de los barrios circundantes. \u201cTenemos obras en distintos puntos de la ciudad, con el acompa\u00f1amiento del Gobierno Nacional y el esfuerzo de todas y\u2026","rel":"","context":"En \u00abMunicipio\u00bb","block_context":{"text":"Municipio","link":"https:\/\/www.hoymercedes.com.ar\/principal\/category\/municipio\/"},"img":{"alt_text":"","src":"https:\/\/i0.wp.com\/www.hoymercedes.com.ar\/principal\/wp-content\/uploads\/2020\/11\/Obra-1.jpeg?resize=350%2C200&ssl=1","width":350,"height":200,"srcset":"https:\/\/i0.wp.com\/www.hoymercedes.com.ar\/principal\/wp-content\/uploads\/2020\/11\/Obra-1.jpeg?resize=350%2C200&ssl=1 1x, https:\/\/i0.wp.com\/www.hoymercedes.com.ar\/principal\/wp-content\/uploads\/2020\/11\/Obra-1.jpeg?resize=525%2C300&ssl=1 1.5x, https:\/\/i0.wp.com\/www.hoymercedes.com.ar\/principal\/wp-content\/uploads\/2020\/11\/Obra-1.jpeg?resize=700%2C400&ssl=1 2x"},"classes":[]},{"id":134875,"url":"https:\/\/www.hoymercedes.com.ar\/principal\/2021\/08\/07\/repavimentan-calles-de-gowland\/","url_meta":{"origin":125741,"position":4},"title":"Repavimentan calles de Gowland","author":"hoymercedes","date":"7 agosto, 2021","format":false,"excerpt":"Desde el Municipio de Mercedes anunciaron obras de bacheo y repavimentaci\u00f3n en las calles de la localidad rural Gowland. Las obras se realizan en calle 505 y calle 506, zona de acceso y alta transitabilidad de veh\u00edculos pesados. \u201cAc\u00e1 se est\u00e1 realizando un trabajo casi de repavimentaci\u00f3n m\u00e1s que bacheo\u2026","rel":"","context":"En \u00abMunicipio\u00bb","block_context":{"text":"Municipio","link":"https:\/\/www.hoymercedes.com.ar\/principal\/category\/municipio\/"},"img":{"alt_text":"","src":"https:\/\/i0.wp.com\/www.hoymercedes.com.ar\/principal\/wp-content\/uploads\/2021\/08\/07-obras-gowland-1.jpg?resize=350%2C200&ssl=1","width":350,"height":200,"srcset":"https:\/\/i0.wp.com\/www.hoymercedes.com.ar\/principal\/wp-content\/uploads\/2021\/08\/07-obras-gowland-1.jpg?resize=350%2C200&ssl=1 1x, https:\/\/i0.wp.com\/www.hoymercedes.com.ar\/principal\/wp-content\/uploads\/2021\/08\/07-obras-gowland-1.jpg?resize=525%2C300&ssl=1 1.5x, https:\/\/i0.wp.com\/www.hoymercedes.com.ar\/principal\/wp-content\/uploads\/2021\/08\/07-obras-gowland-1.jpg?resize=700%2C400&ssl=1 2x, https:\/\/i0.wp.com\/www.hoymercedes.com.ar\/principal\/wp-content\/uploads\/2021\/08\/07-obras-gowland-1.jpg?resize=1050%2C600&ssl=1 3x"},"classes":[]},{"id":99172,"url":"https:\/\/www.hoymercedes.com.ar\/principal\/2019\/09\/01\/municipio-inicio-repavimentacion-y-puesta-en-valor-de-calle-8-e-27-y-29\/","url_meta":{"origin":125741,"position":5},"title":"Municipio inici\u00f3 repavimentaci\u00f3n y puesta en valor de calle 8 e\/ 27 y 29","author":"hoymercedes","date":"1 septiembre, 2019","format":false,"excerpt":"Nueva obra El Municipio de Mercedes emprendi\u00f3 una nueva obra en la ciudad. En esta oportunidad comenz\u00f3 con la pavimentaci\u00f3n de calle 8 entre 27 y 29. Esta obra se encuentra comprendida dentro del plan integral de pavimentaci\u00f3n, jerarquizaci\u00f3n y puesta en valor que se viene desarrollando por parte del\u2026","rel":"","context":"En \u00abMunicipio\u00bb","block_context":{"text":"Municipio","link":"https:\/\/www.hoymercedes.com.ar\/principal\/category\/municipio\/"},"img":{"alt_text":"","src":"https:\/\/i0.wp.com\/www.hoymercedes.com.ar\/principal\/wp-content\/uploads\/2019\/09\/DSC_0002.jpg?resize=350%2C200&ssl=1","width":350,"height":200,"srcset":"https:\/\/i0.wp.com\/www.hoymercedes.com.ar\/principal\/wp-content\/uploads\/2019\/09\/DSC_0002.jpg?resize=350%2C200&ssl=1 1x, https:\/\/i0.wp.com\/www.hoymercedes.com.ar\/principal\/wp-content\/uploads\/2019\/09\/DSC_0002.jpg?resize=525%2C300&ssl=1 1.5x, https:\/\/i0.wp.com\/www.hoymercedes.com.ar\/principal\/wp-content\/uploads\/2019\/09\/DSC_0002.jpg?resize=700%2C400&ssl=1 2x"},"classes":[]}],"_links":{"self":[{"href":"https:\/\/www.hoymercedes.com.ar\/principal\/wp-json\/wp\/v2\/posts\/125741","targetHints":{"allow":["GET"]}}],"collection":[{"href":"https:\/\/www.hoymercedes.com.ar\/principal\/wp-json\/wp\/v2\/posts"}],"about":[{"href":"https:\/\/www.hoymercedes.com.ar\/principal\/wp-json\/wp\/v2\/types\/post"}],"author":[{"embeddable":true,"href":"https:\/\/www.hoymercedes.com.ar\/principal\/wp-json\/wp\/v2\/users\/1"}],"replies":[{"embeddable":true,"href":"https:\/\/www.hoymercedes.com.ar\/principal\/wp-json\/wp\/v2\/comments?post=125741"}],"version-history":[{"count":0,"href":"https:\/\/www.hoymercedes.com.ar\/principal\/wp-json\/wp\/v2\/posts\/125741\/revisions"}],"wp:featuredmedia":[{"embeddable":true,"href":"https:\/\/www.hoymercedes.com.ar\/principal\/wp-json\/wp\/v2\/media\/125742"}],"wp:attachment":[{"href":"https:\/\/www.hoymercedes.com.ar\/principal\/wp-json\/wp\/v2\/media?parent=125741"}],"wp:term":[{"taxonomy":"category","embeddable":true,"href":"https:\/\/www.hoymercedes.com.ar\/principal\/wp-json\/wp\/v2\/categories?post=125741"},{"taxonomy":"post_tag","embeddable":true,"href":"https:\/\/www.hoymercedes.com.ar\/principal\/wp-json\/wp\/v2\/tags?post=125741"}],"curies":[{"name":"wp","href":"https:\/\/api.w.org\/{rel}","templated":true}]}}