{"id":125748,"date":"2021-03-04T17:32:29","date_gmt":"2021-03-04T20:32:29","guid":{"rendered":"http:\/\/www.hoymercedes.com.ar\/principal\/?p=125748"},"modified":"2021-03-04T17:32:35","modified_gmt":"2021-03-04T20:32:35","slug":"patricia-bullrich-presento-su-libro-en-lujan","status":"publish","type":"post","link":"https:\/\/www.hoymercedes.com.ar\/principal\/2021\/03\/04\/patricia-bullrich-presento-su-libro-en-lujan\/","title":{"rendered":"Patricia Bullrich present\u00f3 su libro en Luj\u00e1n"},"content":{"rendered":"\n<p>Patricia Bullrich, actual presidente del PRO a nivel nacional y ex funcionaria del gobierno nacional pasado, visit\u00f3 la localidad de Luj\u00e1n este martes con el objetivo de presentar su libro \u00abGuerra sin Cuartal\u00bb y  reunirse con referentes de Juntos por el  Cambio de la primera secci\u00f3n. <\/p>\n\n\n\n<div class=\"wp-block-image\"><figure class=\"aligncenter size-large\"><img loading=\"lazy\" decoding=\"async\" width=\"483\" height=\"725\" data-attachment-id=\"125752\" data-permalink=\"https:\/\/www.hoymercedes.com.ar\/principal\/2021\/03\/04\/patricia-bullrich-presento-su-libro-en-lujan\/04-pato-bulrich-lujan-1\/#main\" data-orig-file=\"https:\/\/www.hoymercedes.com.ar\/principal\/wp-content\/uploads\/2021\/03\/04-PATO-BULRICH-LUJAN-1.jpeg\" data-orig-size=\"483,725\" data-comments-opened=\"0\" data-image-meta=\"{&quot;aperture&quot;:&quot;0&quot;,&quot;credit&quot;:&quot;&quot;,&quot;camera&quot;:&quot;&quot;,&quot;caption&quot;:&quot;&quot;,&quot;created_timestamp&quot;:&quot;1614862214&quot;,&quot;copyright&quot;:&quot;&quot;,&quot;focal_length&quot;:&quot;0&quot;,&quot;iso&quot;:&quot;0&quot;,&quot;shutter_speed&quot;:&quot;0&quot;,&quot;title&quot;:&quot;&quot;,&quot;orientation&quot;:&quot;1&quot;}\" data-image-title=\"04 PATO BULRICH LUJAN (1)\" data-image-description=\"\" data-image-caption=\"\" data-large-file=\"https:\/\/www.hoymercedes.com.ar\/principal\/wp-content\/uploads\/2021\/03\/04-PATO-BULRICH-LUJAN-1.jpeg\" src=\"https:\/\/www.hoymercedes.com.ar\/principal\/wp-content\/uploads\/2021\/03\/04-PATO-BULRICH-LUJAN-1.jpeg\" alt=\"\" class=\"wp-image-125752\" srcset=\"https:\/\/www.hoymercedes.com.ar\/principal\/wp-content\/uploads\/2021\/03\/04-PATO-BULRICH-LUJAN-1.jpeg 483w, https:\/\/www.hoymercedes.com.ar\/principal\/wp-content\/uploads\/2021\/03\/04-PATO-BULRICH-LUJAN-1-413x620.jpeg 413w, https:\/\/www.hoymercedes.com.ar\/principal\/wp-content\/uploads\/2021\/03\/04-PATO-BULRICH-LUJAN-1-100x150.jpeg 100w\" sizes=\"auto, (max-width: 483px) 100vw, 483px\" \/><\/figure><\/div>\n\n\n\n<p>La \u00abPiba\u00bb aprovech\u00f3 la visita a Luj\u00e1n para expresar la relevancia de su encuentro con la dirigencia del PRO de la regi\u00f3n. \u201cLa importancia de construir un equipo que trabaje incansablemente en pos de realizar los cambios estructurales que necesita la comunidad\u201d, dijo Bullrich.<\/p>\n\n\n\n<p>La dirigente pol\u00edtica que supo ser Ministra de Seguridad de la Naci\u00f3n estuvo acopa\u00f1ada de varios referentes de la primera secci\u00f3n electoral de la provincia de Buenos Aires, as\u00ed como del partido que preside a nivel nacional. Entre ellos la Diputada Nacional Graciela Oca\u00f1a que estuvo a cargo de la presentaci\u00f3n del libro junta a Maximiliano Guerra. <\/p>\n\n\n\n<p>Tambi\u00e9n estuvo Ignacio Casta\u00f1os, y otros referentes pol\u00edticos locales, de otras comunidades y provinciales que completaron la amplia mesa de Juntos por el Cambio. Desde Mercedes se hicieron presentes la concejal Evangelina Cabral, Ezequiel Bisso, Marcela Munarriz y Martin Bossi.<\/p>\n\n\n\n<p>Asimismo, entre los asistentes, se encontraban los dirigentes pol\u00edticos Claudia Ruchi (Senadora provincial), Noelia Ruiz (Diputada Provincial) y Adri\u00e1n P\u00e9rez (Diputado Nacional MC).<\/p>\n\n\n\n<p>En el marco de la presentaci\u00f3n de su libro \u201cGuerra sin cuartel\u201d en las instalaciones del club Atlanta de Luj\u00e1n, Patricia Bullrich hizo un repaso de lo relatado en su libro sobre su gesti\u00f3n en materia de seguridad.<\/p>\n\n\n\n<div class=\"wp-block-jetpack-slideshow aligncenter\" data-effect=\"slide\"><div class=\"wp-block-jetpack-slideshow_container swiper-container\"><ul class=\"wp-block-jetpack-slideshow_swiper-wrapper swiper-wrapper\"><li class=\"wp-block-jetpack-slideshow_slide swiper-slide\"><figure><img loading=\"lazy\" decoding=\"async\" width=\"797\" height=\"530\" alt=\"\" class=\"wp-block-jetpack-slideshow_image wp-image-125753\" data-id=\"125753\" src=\"https:\/\/www.hoymercedes.com.ar\/principal\/wp-content\/uploads\/2021\/03\/04-PATO-BULRICH-LUJAN-2.jpeg\" srcset=\"https:\/\/www.hoymercedes.com.ar\/principal\/wp-content\/uploads\/2021\/03\/04-PATO-BULRICH-LUJAN-2.jpeg 797w, https:\/\/www.hoymercedes.com.ar\/principal\/wp-content\/uploads\/2021\/03\/04-PATO-BULRICH-LUJAN-2-630x419.jpeg 630w, https:\/\/www.hoymercedes.com.ar\/principal\/wp-content\/uploads\/2021\/03\/04-PATO-BULRICH-LUJAN-2-150x100.jpeg 150w, https:\/\/www.hoymercedes.com.ar\/principal\/wp-content\/uploads\/2021\/03\/04-PATO-BULRICH-LUJAN-2-700x465.jpeg 700w\" sizes=\"(max-width: 797px) 100vw, 797px\" \/><\/figure><\/li><li class=\"wp-block-jetpack-slideshow_slide swiper-slide\"><figure><img loading=\"lazy\" decoding=\"async\" width=\"821\" height=\"547\" alt=\"\" class=\"wp-block-jetpack-slideshow_image wp-image-125751\" data-id=\"125751\" src=\"https:\/\/www.hoymercedes.com.ar\/principal\/wp-content\/uploads\/2021\/03\/04-PATO-BULRICH-LUJAN-4.jpeg\" srcset=\"https:\/\/www.hoymercedes.com.ar\/principal\/wp-content\/uploads\/2021\/03\/04-PATO-BULRICH-LUJAN-4.jpeg 821w, https:\/\/www.hoymercedes.com.ar\/principal\/wp-content\/uploads\/2021\/03\/04-PATO-BULRICH-LUJAN-4-630x420.jpeg 630w, https:\/\/www.hoymercedes.com.ar\/principal\/wp-content\/uploads\/2021\/03\/04-PATO-BULRICH-LUJAN-4-150x100.jpeg 150w, https:\/\/www.hoymercedes.com.ar\/principal\/wp-content\/uploads\/2021\/03\/04-PATO-BULRICH-LUJAN-4-700x465.jpeg 700w\" sizes=\"(max-width: 821px) 100vw, 821px\" \/><\/figure><\/li><li class=\"wp-block-jetpack-slideshow_slide swiper-slide\"><figure><img loading=\"lazy\" decoding=\"async\" width=\"803\" height=\"535\" alt=\"\" class=\"wp-block-jetpack-slideshow_image wp-image-125750\" data-id=\"125750\" src=\"https:\/\/www.hoymercedes.com.ar\/principal\/wp-content\/uploads\/2021\/03\/04-PATO-BULRICH-LUJAN-3.jpeg\" srcset=\"https:\/\/www.hoymercedes.com.ar\/principal\/wp-content\/uploads\/2021\/03\/04-PATO-BULRICH-LUJAN-3.jpeg 803w, https:\/\/www.hoymercedes.com.ar\/principal\/wp-content\/uploads\/2021\/03\/04-PATO-BULRICH-LUJAN-3-630x420.jpeg 630w, https:\/\/www.hoymercedes.com.ar\/principal\/wp-content\/uploads\/2021\/03\/04-PATO-BULRICH-LUJAN-3-150x100.jpeg 150w, https:\/\/www.hoymercedes.com.ar\/principal\/wp-content\/uploads\/2021\/03\/04-PATO-BULRICH-LUJAN-3-700x465.jpeg 700w\" sizes=\"(max-width: 803px) 100vw, 803px\" \/><\/figure><\/li><\/ul><a class=\"wp-block-jetpack-slideshow_button-prev swiper-button-prev swiper-button-white\" role=\"button\"><\/a><a class=\"wp-block-jetpack-slideshow_button-next swiper-button-next swiper-button-white\" role=\"button\"><\/a><a aria-label=\"Pause Slideshow\" class=\"wp-block-jetpack-slideshow_button-pause\" role=\"button\"><\/a><div class=\"wp-block-jetpack-slideshow_pagination swiper-pagination swiper-pagination-white\"><\/div><\/div><\/div>\n","protected":false},"excerpt":{"rendered":"<p>Patricia Bullrich, actual presidente del PRO a nivel nacional y ex funcionaria del gobierno nacional pasado, visit\u00f3 la localidad de &#8230; <a title=\"Patricia Bullrich present\u00f3 su libro en Luj\u00e1n\" class=\"read-more\" href=\"https:\/\/www.hoymercedes.com.ar\/principal\/2021\/03\/04\/patricia-bullrich-presento-su-libro-en-lujan\/\" aria-label=\"Leer m\u00e1s sobre Patricia Bullrich present\u00f3 su libro en Luj\u00e1n\">Leer m\u00e1s<\/a><\/p>\n","protected":false},"author":1,"featured_media":125753,"comment_status":"closed","ping_status":"open","sticky":false,"template":"","format":"standard","meta":{"_monsterinsights_skip_tracking":false,"_monsterinsights_sitenote_active":false,"_monsterinsights_sitenote_note":"","_monsterinsights_sitenote_category":0,"jetpack_post_was_ever_published":false,"_jetpack_newsletter_access":"","_jetpack_dont_email_post_to_subs":false,"_jetpack_newsletter_tier_id":0,"_jetpack_memberships_contains_paywalled_content":false,"_jetpack_memberships_contains_paid_content":false,"footnotes":"","jetpack_publicize_message":"","jetpack_publicize_feature_enabled":true,"jetpack_social_post_already_shared":true,"jetpack_social_options":{"image_generator_settings":{"template":"highway","default_image_id":0,"font":"","enabled":false},"version":2},"_wpas_customize_per_network":false},"categories":[5210],"tags":[],"class_list":["post-125748","post","type-post","status-publish","format-standard","has-post-thumbnail","hentry","category-politica-nacional","generate-columns","tablet-grid-50","mobile-grid-100","grid-parent","grid-50"],"jetpack_publicize_connections":[],"jetpack_featured_media_url":"https:\/\/www.hoymercedes.com.ar\/principal\/wp-content\/uploads\/2021\/03\/04-PATO-BULRICH-LUJAN-2.jpeg","wps_subtitle":"","jetpack_sharing_enabled":true,"jetpack-related-posts":[{"id":138792,"url":"https:\/\/www.hoymercedes.com.ar\/principal\/2021\/10\/18\/patricia-bullrich-recorrio-mercedes-con-candidatos-locales\/","url_meta":{"origin":125748,"position":0},"title":"Patricia Bullrich recorri\u00f3 Mercedes con candidatos locales","author":"hoymercedes","date":"18 octubre, 2021","format":false,"excerpt":"La presidenta del PRO visit\u00f3 la ciudad donde dialog\u00f3 con vecinos, comerciantes y referentes locales acerca de las pr\u00f3ximas elecciones legislativas. Estuvo acompa\u00f1ada por Evangelina Cabral, Mart\u00edn Bossi, Debora Lacasa, Juan Navarro, entre otros. Patricia Bullrich, presidenta del PRO y ex funcionaria del gobierno de Macri, visit\u00f3 la ciudad de\u2026","rel":"","context":"En \u00abPol\u00edtica\u00bb","block_context":{"text":"Pol\u00edtica","link":"https:\/\/www.hoymercedes.com.ar\/principal\/category\/politica\/"},"img":{"alt_text":"","src":"https:\/\/i0.wp.com\/www.hoymercedes.com.ar\/principal\/wp-content\/uploads\/2021\/10\/pato-bullrich-1.jpg?resize=350%2C200&ssl=1","width":350,"height":200,"srcset":"https:\/\/i0.wp.com\/www.hoymercedes.com.ar\/principal\/wp-content\/uploads\/2021\/10\/pato-bullrich-1.jpg?resize=350%2C200&ssl=1 1x, https:\/\/i0.wp.com\/www.hoymercedes.com.ar\/principal\/wp-content\/uploads\/2021\/10\/pato-bullrich-1.jpg?resize=525%2C300&ssl=1 1.5x, https:\/\/i0.wp.com\/www.hoymercedes.com.ar\/principal\/wp-content\/uploads\/2021\/10\/pato-bullrich-1.jpg?resize=700%2C400&ssl=1 2x"},"classes":[]},{"id":154764,"url":"https:\/\/www.hoymercedes.com.ar\/principal\/2022\/10\/30\/concejales-mercedinos-en-encuentro-del-pro\/","url_meta":{"origin":125748,"position":1},"title":"Concejales mercedinos en encuentro del PRO","author":"hoymercedes","date":"30 octubre, 2022","format":false,"excerpt":"Los Concejales Marcela Munarriz, Gustavo Mangoni y Carlos Mosso, que tambi\u00e9n present\u00f3 su precandidatura a intendente. estuvieron presentes en la reuni\u00f3n del PRO con Patricia Bullrich.","rel":"","context":"En \u00abPol\u00edtica\u00bb","block_context":{"text":"Pol\u00edtica","link":"https:\/\/www.hoymercedes.com.ar\/principal\/category\/politica\/"},"img":{"alt_text":"","src":"https:\/\/i0.wp.com\/www.hoymercedes.com.ar\/principal\/wp-content\/uploads\/2022\/10\/PRO-concejales-bulrich.jpeg?resize=350%2C200&ssl=1","width":350,"height":200,"srcset":"https:\/\/i0.wp.com\/www.hoymercedes.com.ar\/principal\/wp-content\/uploads\/2022\/10\/PRO-concejales-bulrich.jpeg?resize=350%2C200&ssl=1 1x, https:\/\/i0.wp.com\/www.hoymercedes.com.ar\/principal\/wp-content\/uploads\/2022\/10\/PRO-concejales-bulrich.jpeg?resize=525%2C300&ssl=1 1.5x, https:\/\/i0.wp.com\/www.hoymercedes.com.ar\/principal\/wp-content\/uploads\/2022\/10\/PRO-concejales-bulrich.jpeg?resize=700%2C400&ssl=1 2x"},"classes":[]},{"id":164593,"url":"https:\/\/www.hoymercedes.com.ar\/principal\/2023\/07\/16\/bulrrich-grindetti-ritondo-y-abad-de-campana-por-mercedes\/","url_meta":{"origin":125748,"position":2},"title":"Bulrrich, Grindetti, Ritondo y Abad de campa\u00f1a por Mercedes","author":"hoymercedes","date":"16 julio, 2023","format":false,"excerpt":"En horas del mediod\u00eda del d\u00eda s\u00e1bado, estuvieron recorriendo las calles c\u00e9ntricas de Mercedes los candidatos de la l\u00ednea interna de Juntos Por el Cambio, \"La Fuerza del Cambio\", con Patricia Bullrich a la cabeza, como precandidata a la presidecia de Argentina. En un escenario instalado en la plaza San\u2026","rel":"","context":"En \u00abPol\u00edtica Nacional\u00bb","block_context":{"text":"Pol\u00edtica Nacional","link":"https:\/\/www.hoymercedes.com.ar\/principal\/category\/politica-nacional\/"},"img":{"alt_text":"","src":"https:\/\/i0.wp.com\/www.hoymercedes.com.ar\/principal\/wp-content\/uploads\/2023\/07\/bulrich-mecha-2.jpg?resize=350%2C200&ssl=1","width":350,"height":200,"srcset":"https:\/\/i0.wp.com\/www.hoymercedes.com.ar\/principal\/wp-content\/uploads\/2023\/07\/bulrich-mecha-2.jpg?resize=350%2C200&ssl=1 1x, https:\/\/i0.wp.com\/www.hoymercedes.com.ar\/principal\/wp-content\/uploads\/2023\/07\/bulrich-mecha-2.jpg?resize=525%2C300&ssl=1 1.5x, https:\/\/i0.wp.com\/www.hoymercedes.com.ar\/principal\/wp-content\/uploads\/2023\/07\/bulrich-mecha-2.jpg?resize=700%2C400&ssl=1 2x"},"classes":[]},{"id":162376,"url":"https:\/\/www.hoymercedes.com.ar\/principal\/2023\/05\/19\/mosso-agradecio-a-iguacel-y-continua-con-bullrich\/","url_meta":{"origin":125748,"position":3},"title":"Mosso agradeci\u00f3 a Iguacel y contin\u00faa con Bullrich","author":"hoymercedes","date":"19 mayo, 2023","format":false,"excerpt":"En la jornada del jueves \u00faltimo, Patricia Bullrich confirm\u00f3 qui\u00e9n la acompa\u00f1ar\u00e1 como precandidato a Gobernador de la provincia de Buenos Aires. Es as\u00ed que confirm\u00f3 a N\u00e9stor Grindetti para competir en la PASO contra Diego Santilli. Esto produjo un \"sismo\" entre los seguidores locales de Bullriche que pregonaban la\u2026","rel":"","context":"En \u00abPol\u00edtica\u00bb","block_context":{"text":"Pol\u00edtica","link":"https:\/\/www.hoymercedes.com.ar\/principal\/category\/politica\/"},"img":{"alt_text":"","src":"https:\/\/i0.wp.com\/www.hoymercedes.com.ar\/principal\/wp-content\/uploads\/2023\/05\/mosso-bulri.png?resize=350%2C200&ssl=1","width":350,"height":200,"srcset":"https:\/\/i0.wp.com\/www.hoymercedes.com.ar\/principal\/wp-content\/uploads\/2023\/05\/mosso-bulri.png?resize=350%2C200&ssl=1 1x, https:\/\/i0.wp.com\/www.hoymercedes.com.ar\/principal\/wp-content\/uploads\/2023\/05\/mosso-bulri.png?resize=525%2C300&ssl=1 1.5x, https:\/\/i0.wp.com\/www.hoymercedes.com.ar\/principal\/wp-content\/uploads\/2023\/05\/mosso-bulri.png?resize=700%2C400&ssl=1 2x"},"classes":[]},{"id":62770,"url":"https:\/\/www.hoymercedes.com.ar\/principal\/2017\/05\/15\/la-ministra-de-seguridad-patricia-bullrich-visito-el-predio-de-gendarmeria\/","url_meta":{"origin":125748,"position":4},"title":"La Ministra de Seguridad, Patricia Bullrich, visit\u00f3 el predio de Gendarmer\u00eda","author":"hoymercedes","date":"15 mayo, 2017","format":false,"excerpt":"Durante la tarde del lunes visit\u00f3 la Ministro de Seguridad, Patricia Bullrich, la ciudad de Mercedes para llevar adelante un acto en el predio de Gendarmer\u00eda Nacional, Cabo Juan Adolfo Romero. Estuvo presente el intendente Juan Ustarroz y dejaron inaugurado dos m\u00f3dulos habitacionales en el Instituto de Capacitaci\u00f3n Especializada Cabo\u2026","rel":"","context":"En \u00abPol\u00edtica\u00bb","block_context":{"text":"Pol\u00edtica","link":"https:\/\/www.hoymercedes.com.ar\/principal\/category\/politica\/"},"img":{"alt_text":"","src":"https:\/\/i0.wp.com\/www.hoymercedes.com.ar\/principal\/wp-content\/uploads\/2017\/05\/GNA-Inauguraci%C3%B3n-en-Mercedes.png?resize=350%2C200&ssl=1","width":350,"height":200,"srcset":"https:\/\/i0.wp.com\/www.hoymercedes.com.ar\/principal\/wp-content\/uploads\/2017\/05\/GNA-Inauguraci%C3%B3n-en-Mercedes.png?resize=350%2C200&ssl=1 1x, https:\/\/i0.wp.com\/www.hoymercedes.com.ar\/principal\/wp-content\/uploads\/2017\/05\/GNA-Inauguraci%C3%B3n-en-Mercedes.png?resize=525%2C300&ssl=1 1.5x, https:\/\/i0.wp.com\/www.hoymercedes.com.ar\/principal\/wp-content\/uploads\/2017\/05\/GNA-Inauguraci%C3%B3n-en-Mercedes.png?resize=700%2C400&ssl=1 2x"},"classes":[]},{"id":163441,"url":"https:\/\/www.hoymercedes.com.ar\/principal\/2023\/06\/17\/interna-de-jxc-mosso-les-gana-a-ruiz-y-cabral\/","url_meta":{"origin":125748,"position":5},"title":"Interna de JxC: Mosso les gana a Ruiz y Cabral","author":"hoymercedes","date":"17 junio, 2023","format":false,"excerpt":"Tres encuestas, las tres telef\u00f3nicas y encargadas por distintos sectores de la oposici\u00f3n local, arrojaron lo que para algunos es una sorpresa: en la carrera por convertirse en el candidato a intendente de Mercedes por Juntos por el Cambio, Carlos Mosso les gana la interna a Evangelina Cabral (ambos encolumnados\u2026","rel":"","context":"En \u00abSociedad\u00bb","block_context":{"text":"Sociedad","link":"https:\/\/www.hoymercedes.com.ar\/principal\/category\/sociedad\/"},"img":{"alt_text":"","src":"https:\/\/i0.wp.com\/www.hoymercedes.com.ar\/principal\/wp-content\/uploads\/2023\/06\/Pro-mosso-2.jpg?resize=350%2C200&ssl=1","width":350,"height":200,"srcset":"https:\/\/i0.wp.com\/www.hoymercedes.com.ar\/principal\/wp-content\/uploads\/2023\/06\/Pro-mosso-2.jpg?resize=350%2C200&ssl=1 1x, https:\/\/i0.wp.com\/www.hoymercedes.com.ar\/principal\/wp-content\/uploads\/2023\/06\/Pro-mosso-2.jpg?resize=525%2C300&ssl=1 1.5x, https:\/\/i0.wp.com\/www.hoymercedes.com.ar\/principal\/wp-content\/uploads\/2023\/06\/Pro-mosso-2.jpg?resize=700%2C400&ssl=1 2x"},"classes":[]}],"_links":{"self":[{"href":"https:\/\/www.hoymercedes.com.ar\/principal\/wp-json\/wp\/v2\/posts\/125748","targetHints":{"allow":["GET"]}}],"collection":[{"href":"https:\/\/www.hoymercedes.com.ar\/principal\/wp-json\/wp\/v2\/posts"}],"about":[{"href":"https:\/\/www.hoymercedes.com.ar\/principal\/wp-json\/wp\/v2\/types\/post"}],"author":[{"embeddable":true,"href":"https:\/\/www.hoymercedes.com.ar\/principal\/wp-json\/wp\/v2\/users\/1"}],"replies":[{"embeddable":true,"href":"https:\/\/www.hoymercedes.com.ar\/principal\/wp-json\/wp\/v2\/comments?post=125748"}],"version-history":[{"count":0,"href":"https:\/\/www.hoymercedes.com.ar\/principal\/wp-json\/wp\/v2\/posts\/125748\/revisions"}],"wp:featuredmedia":[{"embeddable":true,"href":"https:\/\/www.hoymercedes.com.ar\/principal\/wp-json\/wp\/v2\/media\/125753"}],"wp:attachment":[{"href":"https:\/\/www.hoymercedes.com.ar\/principal\/wp-json\/wp\/v2\/media?parent=125748"}],"wp:term":[{"taxonomy":"category","embeddable":true,"href":"https:\/\/www.hoymercedes.com.ar\/principal\/wp-json\/wp\/v2\/categories?post=125748"},{"taxonomy":"post_tag","embeddable":true,"href":"https:\/\/www.hoymercedes.com.ar\/principal\/wp-json\/wp\/v2\/tags?post=125748"}],"curies":[{"name":"wp","href":"https:\/\/api.w.org\/{rel}","templated":true}]}}