{"id":125763,"date":"2021-03-04T20:50:00","date_gmt":"2021-03-04T23:50:00","guid":{"rendered":"http:\/\/www.hoymercedes.com.ar\/principal\/?p=125763"},"modified":"2021-03-04T23:07:16","modified_gmt":"2021-03-05T02:07:16","slug":"confirmaron-191-muertes-y-7-432-nuevos-contagios-en-el-pais","status":"publish","type":"post","link":"https:\/\/www.hoymercedes.com.ar\/principal\/2021\/03\/04\/confirmaron-191-muertes-y-7-432-nuevos-contagios-en-el-pais\/","title":{"rendered":"Confirmaron 191 muertes y 7.432 nuevos contagios en el pa\u00eds"},"content":{"rendered":"\n<p><strong><em>Murieron 191 personas y 7.432 fueron diagnosticadas con coronavirus en el pa\u00eds. Con estos registros, suman 2.133.963 los casos positivos en el pa\u00eds desde el inicio de la pandemia, de los cuales 1.928.377 son pacientes recuperados y 152.942 casos confirmados activos.<\/em><\/strong><\/p>\n\n\n\n<hr class=\"wp-block-separator is-style-wide\"\/>\n\n\n\n<p>Otras 191 personas murieron y 7.432 fueron reportadas con coronavirus en las \u00faltimas 24 horas en la Argentina, con lo que ascienden a 52.644 los fallecidos registrados oficialmente a nivel nacional, inform\u00f3 el Ministerio de Salud.<\/p>\n\n\n\n<p>De los 7.432 nuevos contagios, 3.066 son de la provincia de Buenos Aires, 668 de la ciudad de Buenos Aires, 59 de Catamarca, 181 de Chaco, 83 de Chubut, 396 de Corrientes, 696 de C\u00f3rdoba, 197 de Entre R\u00edos, 23 de Formosa, 87 de Jujuy, 101 de La Pampa, 19 de La Rioja, 199 de Mendoza, 145 de Misiones, 214 de Neuqu\u00e9n, 132 de R\u00edo Negro, 169 de Salta, 53 de San Juan, 8 de San Luis, 194 de Santa Cruz, 479 de Santa Fe, 80 de Santiago del Estero, 33 de Tierra del Fuego y 150 de Tucum\u00e1n.<\/p>\n\n\n\n<p>Del total de muertes, 104 son hombres (58 de la provincia de Buenos Aires, 11 de la ciudad de Buenos Aires, uno de Chaco, uno de C\u00f3rdoba, uno de Formosa, uno de Mendoza, tres de Misiones, tres de R\u00edo Negro, tres de Salta, uno de San Juan, dos de San Luis, dos de Santa Cruz y 17 de Santa Fe) y 82 mujeres (53 de la provincia de Buenos Aires, seis de la ciudad de Buenos Aires, una de C\u00f3rdoba, una de Entre R\u00edos, una de Mendoza, tres de R\u00edo Negro, dos de Salta, una de San Juan, una de Santa Cruz y 13 de Santa Fe). Dos personas residentes en la provincia de Buenos Aires, 1 en la Ciudad Aut\u00f3noma de Buenos Aires, 1 en Mendoza y 1 en R\u00edo Negro fueron registrados sin dato de sexo.<\/p>\n","protected":false},"excerpt":{"rendered":"<p>Murieron 191 personas y 7.432 fueron diagnosticadas con coronavirus en el pa\u00eds. Con estos registros, suman 2.133.963 los casos positivos &#8230; <a title=\"Confirmaron 191 muertes y 7.432 nuevos contagios en el pa\u00eds\" class=\"read-more\" href=\"https:\/\/www.hoymercedes.com.ar\/principal\/2021\/03\/04\/confirmaron-191-muertes-y-7-432-nuevos-contagios-en-el-pais\/\" aria-label=\"Leer m\u00e1s sobre Confirmaron 191 muertes y 7.432 nuevos contagios en el pa\u00eds\">Leer m\u00e1s<\/a><\/p>\n","protected":false},"author":1,"featured_media":109552,"comment_status":"closed","ping_status":"open","sticky":false,"template":"","format":"standard","meta":{"_monsterinsights_skip_tracking":false,"_monsterinsights_sitenote_active":false,"_monsterinsights_sitenote_note":"","_monsterinsights_sitenote_category":0,"jetpack_post_was_ever_published":false,"_jetpack_newsletter_access":"","_jetpack_dont_email_post_to_subs":false,"_jetpack_newsletter_tier_id":0,"_jetpack_memberships_contains_paywalled_content":false,"_jetpack_memberships_contains_paid_content":false,"footnotes":"","jetpack_publicize_message":"","jetpack_publicize_feature_enabled":true,"jetpack_social_post_already_shared":true,"jetpack_social_options":{"image_generator_settings":{"template":"highway","default_image_id":0,"font":"","enabled":false},"version":2},"_wpas_customize_per_network":false},"categories":[9791],"tags":[],"class_list":["post-125763","post","type-post","status-publish","format-standard","has-post-thumbnail","hentry","category-salud","generate-columns","tablet-grid-50","mobile-grid-100","grid-parent","grid-50"],"jetpack_publicize_connections":[],"jetpack_featured_media_url":"https:\/\/www.hoymercedes.com.ar\/principal\/wp-content\/uploads\/2020\/04\/17-coronavirus.jpg","wps_subtitle":"","jetpack_sharing_enabled":true,"jetpack-related-posts":[{"id":125293,"url":"https:\/\/www.hoymercedes.com.ar\/principal\/2021\/02\/23\/murieron-155-personas-y-7-477-fueron-diagnosticadas-con-coronavirus-en-el-pais\/","url_meta":{"origin":125763,"position":0},"title":"Murieron 155 personas y 7.477 fueron diagnosticadas con coronavirus en el pa\u00eds","author":"hoymercedes","date":"23 febrero, 2021","format":false,"excerpt":"El Ministerio de Salud de la Naci\u00f3n inform\u00f3 que, en las \u00faltimas 24 horas, se registraron 7.477 nuevos contagios de coronavirus y 155 muertes. Con estos datos, el total de infectados es de 2.077.225 y el n\u00famero de v\u00edctimas fatales ascendi\u00f3 a 51.510. De acuerdo con el parte epidemiol\u00f3gico, de\u2026","rel":"","context":"En \u00abNaci\u00f3n\u00bb","block_context":{"text":"Naci\u00f3n","link":"https:\/\/www.hoymercedes.com.ar\/principal\/category\/nacion\/"},"img":{"alt_text":"","src":"https:\/\/i0.wp.com\/www.hoymercedes.com.ar\/principal\/wp-content\/uploads\/2020\/04\/15-coronavirus.jpg?resize=350%2C200&ssl=1","width":350,"height":200,"srcset":"https:\/\/i0.wp.com\/www.hoymercedes.com.ar\/principal\/wp-content\/uploads\/2020\/04\/15-coronavirus.jpg?resize=350%2C200&ssl=1 1x, https:\/\/i0.wp.com\/www.hoymercedes.com.ar\/principal\/wp-content\/uploads\/2020\/04\/15-coronavirus.jpg?resize=525%2C300&ssl=1 1.5x"},"classes":[]},{"id":124134,"url":"https:\/\/www.hoymercedes.com.ar\/principal\/2021\/01\/31\/murieron-43-personas-y-hubo-4-975-contagios-de-coronavirus-en-el-pais\/","url_meta":{"origin":125763,"position":1},"title":"Murieron 43 personas y hubo 4.975 contagios de coronavirus en el pa\u00eds","author":"hoymercedes","date":"31 enero, 2021","format":false,"excerpt":"El Gobierno nacional inform\u00f3 hoy que fueron confirmados\u00a04975 casos positivos de Covid-19\u00a0en las \u00faltimas 24 horas y los infectados en la Argentina llegaron a\u00a01.927.239.\u00a0De ese total,\u00a01.721.650 ya se recuperaron\u00a0y 157.615 personas cursan la enfermedad. De los 43 fallecimientos consignados por el reporte, 25 son hombres y 18 mujeres. Entre los\u2026","rel":"","context":"En \u00abSalud\u00bb","block_context":{"text":"Salud","link":"https:\/\/www.hoymercedes.com.ar\/principal\/category\/salud\/"},"img":{"alt_text":"","src":"https:\/\/i0.wp.com\/www.hoymercedes.com.ar\/principal\/wp-content\/uploads\/2020\/06\/03-coronavirus1.jpg?resize=350%2C200&ssl=1","width":350,"height":200,"srcset":"https:\/\/i0.wp.com\/www.hoymercedes.com.ar\/principal\/wp-content\/uploads\/2020\/06\/03-coronavirus1.jpg?resize=350%2C200&ssl=1 1x, https:\/\/i0.wp.com\/www.hoymercedes.com.ar\/principal\/wp-content\/uploads\/2020\/06\/03-coronavirus1.jpg?resize=525%2C300&ssl=1 1.5x"},"classes":[]},{"id":125091,"url":"https:\/\/www.hoymercedes.com.ar\/principal\/2021\/02\/19\/covid-en-el-pais-murieron-143-personas-y-hubo-7-886-nuevos-casos\/","url_meta":{"origin":125763,"position":2},"title":"Covid en el pa\u00eds: murieron 143 personas y hubo 7.886 nuevos casos","author":"hoymercedes","date":"19 febrero, 2021","format":false,"excerpt":"El Ministerio de Salud de la Naci\u00f3n inform\u00f3 este viernes que, en las \u00faltimas 24 horas, se registraron 7.886 casos de coronavirus y que fallecieron 143 personas. Con estos nuevos datos, la cantidad de contagios desde que comenz\u00f3 la pandemia ascendi\u00f3 a 2.054.681 y los fallecidos ya son 51.000. Del\u2026","rel":"","context":"En \u00abNaci\u00f3n\u00bb","block_context":{"text":"Naci\u00f3n","link":"https:\/\/www.hoymercedes.com.ar\/principal\/category\/nacion\/"},"img":{"alt_text":"","src":"https:\/\/i0.wp.com\/www.hoymercedes.com.ar\/principal\/wp-content\/uploads\/2020\/06\/03-coronavirus_analisis_muestras.jpg?resize=350%2C200&ssl=1","width":350,"height":200,"srcset":"https:\/\/i0.wp.com\/www.hoymercedes.com.ar\/principal\/wp-content\/uploads\/2020\/06\/03-coronavirus_analisis_muestras.jpg?resize=350%2C200&ssl=1 1x, https:\/\/i0.wp.com\/www.hoymercedes.com.ar\/principal\/wp-content\/uploads\/2020\/06\/03-coronavirus_analisis_muestras.jpg?resize=525%2C300&ssl=1 1.5x, https:\/\/i0.wp.com\/www.hoymercedes.com.ar\/principal\/wp-content\/uploads\/2020\/06\/03-coronavirus_analisis_muestras.jpg?resize=700%2C400&ssl=1 2x"},"classes":[]},{"id":125043,"url":"https:\/\/www.hoymercedes.com.ar\/principal\/2021\/02\/18\/covid-en-el-pais-murieron-242-personas-y-hubo-7-671-nuevos-casos\/","url_meta":{"origin":125763,"position":3},"title":"Covid en el pa\u00eds: Murieron 242 personas y hubo 7.671 nuevos casos","author":"hoymercedes","date":"18 febrero, 2021","format":false,"excerpt":"El Ministerio de Salud de la Naci\u00f3n inform\u00f3 este jueves que, en las \u00faltimas 24 horas, se registraron 7.671 casos de coronavirus y que fallecieron 242 personas. Con estos nuevos datos, la cantidad de contagios desde que comenz\u00f3 la pandemia ascendi\u00f3 a 2.046.795 y los fallecidos ya son 50.867. Del\u2026","rel":"","context":"En \u00abNaci\u00f3n\u00bb","block_context":{"text":"Naci\u00f3n","link":"https:\/\/www.hoymercedes.com.ar\/principal\/category\/nacion\/"},"img":{"alt_text":"","src":"https:\/\/i0.wp.com\/www.hoymercedes.com.ar\/principal\/wp-content\/uploads\/2020\/06\/03-coronavirus.jpg?resize=350%2C200&ssl=1","width":350,"height":200,"srcset":"https:\/\/i0.wp.com\/www.hoymercedes.com.ar\/principal\/wp-content\/uploads\/2020\/06\/03-coronavirus.jpg?resize=350%2C200&ssl=1 1x, https:\/\/i0.wp.com\/www.hoymercedes.com.ar\/principal\/wp-content\/uploads\/2020\/06\/03-coronavirus.jpg?resize=525%2C300&ssl=1 1.5x, https:\/\/i0.wp.com\/www.hoymercedes.com.ar\/principal\/wp-content\/uploads\/2020\/06\/03-coronavirus.jpg?resize=700%2C400&ssl=1 2x"},"classes":[]},{"id":135046,"url":"https:\/\/www.hoymercedes.com.ar\/principal\/2021\/08\/10\/covid-en-el-pais-fallecieron-206-personas-y-12-412-fueron-reportadas-con-coronavirus\/","url_meta":{"origin":125763,"position":4},"title":"Covid en el pa\u00eds: fallecieron 206 personas y 12.412 fueron reportadas con coronavirus","author":"hoymercedes","date":"10 agosto, 2021","format":false,"excerpt":"El Ministerio de Salud de la Naci\u00f3n inform\u00f3 este martes 10 de agosto que, en las \u00faltimas 24 horas, se registraron 206 muertes y 12.412 nuevos contagios de coronavirus. De esta manera, el total de casos desde el comienzo de la pandemia es de 5.041.487 y los fallecimientos son 108.165.\u2026","rel":"","context":"En \u00abNaci\u00f3n\u00bb","block_context":{"text":"Naci\u00f3n","link":"https:\/\/www.hoymercedes.com.ar\/principal\/category\/nacion\/"},"img":{"alt_text":"","src":"https:\/\/i0.wp.com\/www.hoymercedes.com.ar\/principal\/wp-content\/uploads\/2021\/04\/giphy.gif?resize=350%2C200&ssl=1","width":350,"height":200},"classes":[]},{"id":125959,"url":"https:\/\/www.hoymercedes.com.ar\/principal\/2021\/03\/08\/confirman-241-muertes-y-5-058-nuevos-casos-de-covid-en-el-pais\/","url_meta":{"origin":125763,"position":5},"title":"Confirman 241 muertes y 5.058 nuevos casos de covid en el pa\u00eds","author":"hoymercedes","date":"8 marzo, 2021","format":false,"excerpt":"Murieron 241 personas y 5.058 fueron diagnosticadas con coronavirus en el pa\u00eds. El Ministerio de Salud indic\u00f3 adem\u00e1s que son 3.484 los internados en unidades de terapia intensiva, con un porcentaje de ocupaci\u00f3n de camas de adultos de 54,5% en el pa\u00eds y del 59,5% en la \u00c1rea Metropolitana Buenos\u2026","rel":"","context":"En \u00abNaci\u00f3n\u00bb","block_context":{"text":"Naci\u00f3n","link":"https:\/\/www.hoymercedes.com.ar\/principal\/category\/nacion\/"},"img":{"alt_text":"","src":"https:\/\/i0.wp.com\/www.hoymercedes.com.ar\/principal\/wp-content\/uploads\/2020\/06\/03-coronavirus_analisis_muestras.jpg?resize=350%2C200&ssl=1","width":350,"height":200,"srcset":"https:\/\/i0.wp.com\/www.hoymercedes.com.ar\/principal\/wp-content\/uploads\/2020\/06\/03-coronavirus_analisis_muestras.jpg?resize=350%2C200&ssl=1 1x, https:\/\/i0.wp.com\/www.hoymercedes.com.ar\/principal\/wp-content\/uploads\/2020\/06\/03-coronavirus_analisis_muestras.jpg?resize=525%2C300&ssl=1 1.5x, https:\/\/i0.wp.com\/www.hoymercedes.com.ar\/principal\/wp-content\/uploads\/2020\/06\/03-coronavirus_analisis_muestras.jpg?resize=700%2C400&ssl=1 2x"},"classes":[]}],"_links":{"self":[{"href":"https:\/\/www.hoymercedes.com.ar\/principal\/wp-json\/wp\/v2\/posts\/125763","targetHints":{"allow":["GET"]}}],"collection":[{"href":"https:\/\/www.hoymercedes.com.ar\/principal\/wp-json\/wp\/v2\/posts"}],"about":[{"href":"https:\/\/www.hoymercedes.com.ar\/principal\/wp-json\/wp\/v2\/types\/post"}],"author":[{"embeddable":true,"href":"https:\/\/www.hoymercedes.com.ar\/principal\/wp-json\/wp\/v2\/users\/1"}],"replies":[{"embeddable":true,"href":"https:\/\/www.hoymercedes.com.ar\/principal\/wp-json\/wp\/v2\/comments?post=125763"}],"version-history":[{"count":0,"href":"https:\/\/www.hoymercedes.com.ar\/principal\/wp-json\/wp\/v2\/posts\/125763\/revisions"}],"wp:featuredmedia":[{"embeddable":true,"href":"https:\/\/www.hoymercedes.com.ar\/principal\/wp-json\/wp\/v2\/media\/109552"}],"wp:attachment":[{"href":"https:\/\/www.hoymercedes.com.ar\/principal\/wp-json\/wp\/v2\/media?parent=125763"}],"wp:term":[{"taxonomy":"category","embeddable":true,"href":"https:\/\/www.hoymercedes.com.ar\/principal\/wp-json\/wp\/v2\/categories?post=125763"},{"taxonomy":"post_tag","embeddable":true,"href":"https:\/\/www.hoymercedes.com.ar\/principal\/wp-json\/wp\/v2\/tags?post=125763"}],"curies":[{"name":"wp","href":"https:\/\/api.w.org\/{rel}","templated":true}]}}