{"id":125772,"date":"2021-03-05T08:50:40","date_gmt":"2021-03-05T11:50:40","guid":{"rendered":"http:\/\/www.hoymercedes.com.ar\/principal\/?p=125772"},"modified":"2021-03-05T11:13:43","modified_gmt":"2021-03-05T14:13:43","slug":"vuelve-la-linea-2-del-transporte-urbano-local","status":"publish","type":"post","link":"https:\/\/www.hoymercedes.com.ar\/principal\/2021\/03\/05\/vuelve-la-linea-2-del-transporte-urbano-local\/","title":{"rendered":"Vuelve la L\u00ednea 2 del Transporte Urbano local"},"content":{"rendered":"\n<p>Desde el lunes 8 de marzo, reanuda su actividad despu\u00e9s de un a\u00f1o, la L\u00ednea 2 del transporte de pasajeros urbano . Este a\u00f1o con un recorrido y horarios que une el Parque Municipal, Noelandia, Gowland y Agote. Los fines de semana y feriado llega a la localidad de Tomas Jofr\u00e9 en horarios especiales.<\/p>\n\n\n\n<p> La informaci\u00f3n oficial se conoci\u00f3 a trav\u00e9s de carteler\u00eda en las redes sociales que aqu\u00ed compartimos. Para mayor informaci\u00f3n, comunicarse con el Municipio de Mercedes<\/p>\n\n\n\n<figure class=\"wp-block-gallery columns-1 is-cropped wp-block-gallery-1 is-layout-flex wp-block-gallery-is-layout-flex\"><ul class=\"blocks-gallery-grid\"><li class=\"blocks-gallery-item\"><figure><img loading=\"lazy\" decoding=\"async\" width=\"1024\" height=\"1024\" data-attachment-id=\"125775\" data-permalink=\"https:\/\/www.hoymercedes.com.ar\/principal\/2021\/03\/05\/vuelve-la-linea-2-del-transporte-urbano-local\/05-linea-2\/#main\" data-orig-file=\"https:\/\/www.hoymercedes.com.ar\/principal\/wp-content\/uploads\/2021\/03\/05-linea-2.jpg\" data-orig-size=\"1249,1248\" data-comments-opened=\"0\" data-image-meta=\"{&quot;aperture&quot;:&quot;0&quot;,&quot;credit&quot;:&quot;&quot;,&quot;camera&quot;:&quot;&quot;,&quot;caption&quot;:&quot;&quot;,&quot;created_timestamp&quot;:&quot;0&quot;,&quot;copyright&quot;:&quot;&quot;,&quot;focal_length&quot;:&quot;0&quot;,&quot;iso&quot;:&quot;0&quot;,&quot;shutter_speed&quot;:&quot;0&quot;,&quot;title&quot;:&quot;&quot;,&quot;orientation&quot;:&quot;0&quot;}\" data-image-title=\"05-linea-2\" data-image-description=\"\" data-image-caption=\"\" data-large-file=\"https:\/\/www.hoymercedes.com.ar\/principal\/wp-content\/uploads\/2021\/03\/05-linea-2-1024x1024.jpg\" src=\"https:\/\/www.hoymercedes.com.ar\/principal\/wp-content\/uploads\/2021\/03\/05-linea-2-1024x1024.jpg\" alt=\"\" data-id=\"125775\" data-full-url=\"https:\/\/www.hoymercedes.com.ar\/principal\/wp-content\/uploads\/2021\/03\/05-linea-2.jpg\" data-link=\"https:\/\/www.hoymercedes.com.ar\/principal\/?attachment_id=125775\" class=\"wp-image-125775\" srcset=\"https:\/\/www.hoymercedes.com.ar\/principal\/wp-content\/uploads\/2021\/03\/05-linea-2-1024x1024.jpg 1024w, https:\/\/www.hoymercedes.com.ar\/principal\/wp-content\/uploads\/2021\/03\/05-linea-2-620x620.jpg 620w, https:\/\/www.hoymercedes.com.ar\/principal\/wp-content\/uploads\/2021\/03\/05-linea-2-150x150.jpg 150w, https:\/\/www.hoymercedes.com.ar\/principal\/wp-content\/uploads\/2021\/03\/05-linea-2.jpg 1249w\" sizes=\"auto, (max-width: 1024px) 100vw, 1024px\" \/><\/figure><\/li><li class=\"blocks-gallery-item\"><figure><img loading=\"lazy\" decoding=\"async\" width=\"1024\" height=\"1024\" data-attachment-id=\"125774\" data-permalink=\"https:\/\/www.hoymercedes.com.ar\/principal\/2021\/03\/05\/vuelve-la-linea-2-del-transporte-urbano-local\/05-linea-2-1\/#main\" data-orig-file=\"https:\/\/www.hoymercedes.com.ar\/principal\/wp-content\/uploads\/2021\/03\/05-linea-2-1.jpg\" data-orig-size=\"1249,1248\" data-comments-opened=\"0\" data-image-meta=\"{&quot;aperture&quot;:&quot;0&quot;,&quot;credit&quot;:&quot;&quot;,&quot;camera&quot;:&quot;&quot;,&quot;caption&quot;:&quot;&quot;,&quot;created_timestamp&quot;:&quot;0&quot;,&quot;copyright&quot;:&quot;&quot;,&quot;focal_length&quot;:&quot;0&quot;,&quot;iso&quot;:&quot;0&quot;,&quot;shutter_speed&quot;:&quot;0&quot;,&quot;title&quot;:&quot;&quot;,&quot;orientation&quot;:&quot;0&quot;}\" data-image-title=\"05-linea-2-1\" data-image-description=\"\" data-image-caption=\"\" data-large-file=\"https:\/\/www.hoymercedes.com.ar\/principal\/wp-content\/uploads\/2021\/03\/05-linea-2-1-1024x1024.jpg\" src=\"https:\/\/www.hoymercedes.com.ar\/principal\/wp-content\/uploads\/2021\/03\/05-linea-2-1-1024x1024.jpg\" alt=\"\" data-id=\"125774\" data-full-url=\"https:\/\/www.hoymercedes.com.ar\/principal\/wp-content\/uploads\/2021\/03\/05-linea-2-1.jpg\" data-link=\"https:\/\/www.hoymercedes.com.ar\/principal\/?attachment_id=125774\" class=\"wp-image-125774\" srcset=\"https:\/\/www.hoymercedes.com.ar\/principal\/wp-content\/uploads\/2021\/03\/05-linea-2-1-1024x1024.jpg 1024w, https:\/\/www.hoymercedes.com.ar\/principal\/wp-content\/uploads\/2021\/03\/05-linea-2-1-620x620.jpg 620w, https:\/\/www.hoymercedes.com.ar\/principal\/wp-content\/uploads\/2021\/03\/05-linea-2-1-150x150.jpg 150w, https:\/\/www.hoymercedes.com.ar\/principal\/wp-content\/uploads\/2021\/03\/05-linea-2-1.jpg 1249w\" sizes=\"auto, (max-width: 1024px) 100vw, 1024px\" \/><\/figure><\/li><li class=\"blocks-gallery-item\"><figure><img loading=\"lazy\" decoding=\"async\" width=\"1024\" height=\"1024\" data-attachment-id=\"125773\" data-permalink=\"https:\/\/www.hoymercedes.com.ar\/principal\/2021\/03\/05\/vuelve-la-linea-2-del-transporte-urbano-local\/05-linea-2-2\/#main\" data-orig-file=\"https:\/\/www.hoymercedes.com.ar\/principal\/wp-content\/uploads\/2021\/03\/05-linea-2-2.jpg\" data-orig-size=\"1250,1250\" data-comments-opened=\"0\" data-image-meta=\"{&quot;aperture&quot;:&quot;0&quot;,&quot;credit&quot;:&quot;&quot;,&quot;camera&quot;:&quot;&quot;,&quot;caption&quot;:&quot;&quot;,&quot;created_timestamp&quot;:&quot;0&quot;,&quot;copyright&quot;:&quot;&quot;,&quot;focal_length&quot;:&quot;0&quot;,&quot;iso&quot;:&quot;0&quot;,&quot;shutter_speed&quot;:&quot;0&quot;,&quot;title&quot;:&quot;&quot;,&quot;orientation&quot;:&quot;0&quot;}\" data-image-title=\"05-linea-2-2\" data-image-description=\"\" data-image-caption=\"\" data-large-file=\"https:\/\/www.hoymercedes.com.ar\/principal\/wp-content\/uploads\/2021\/03\/05-linea-2-2-1024x1024.jpg\" src=\"https:\/\/www.hoymercedes.com.ar\/principal\/wp-content\/uploads\/2021\/03\/05-linea-2-2-1024x1024.jpg\" alt=\"\" data-id=\"125773\" data-full-url=\"https:\/\/www.hoymercedes.com.ar\/principal\/wp-content\/uploads\/2021\/03\/05-linea-2-2.jpg\" data-link=\"https:\/\/www.hoymercedes.com.ar\/principal\/?attachment_id=125773\" class=\"wp-image-125773\" srcset=\"https:\/\/www.hoymercedes.com.ar\/principal\/wp-content\/uploads\/2021\/03\/05-linea-2-2-1024x1024.jpg 1024w, https:\/\/www.hoymercedes.com.ar\/principal\/wp-content\/uploads\/2021\/03\/05-linea-2-2-620x620.jpg 620w, https:\/\/www.hoymercedes.com.ar\/principal\/wp-content\/uploads\/2021\/03\/05-linea-2-2-150x150.jpg 150w, https:\/\/www.hoymercedes.com.ar\/principal\/wp-content\/uploads\/2021\/03\/05-linea-2-2.jpg 1250w\" sizes=\"auto, (max-width: 1024px) 100vw, 1024px\" \/><\/figure><\/li><\/ul><\/figure>\n","protected":false},"excerpt":{"rendered":"<p>Desde el lunes 8 de marzo, reanuda su actividad despu\u00e9s de un a\u00f1o, la L\u00ednea 2 del transporte de pasajeros &#8230; <a title=\"Vuelve la L\u00ednea 2 del Transporte Urbano local\" class=\"read-more\" href=\"https:\/\/www.hoymercedes.com.ar\/principal\/2021\/03\/05\/vuelve-la-linea-2-del-transporte-urbano-local\/\" aria-label=\"Leer m\u00e1s sobre Vuelve la L\u00ednea 2 del Transporte Urbano local\">Leer m\u00e1s<\/a><\/p>\n","protected":false},"author":1,"featured_media":125775,"comment_status":"closed","ping_status":"open","sticky":false,"template":"","format":"standard","meta":{"_monsterinsights_skip_tracking":false,"_monsterinsights_sitenote_active":false,"_monsterinsights_sitenote_note":"","_monsterinsights_sitenote_category":0,"jetpack_post_was_ever_published":false,"_jetpack_newsletter_access":"","_jetpack_dont_email_post_to_subs":false,"_jetpack_newsletter_tier_id":0,"_jetpack_memberships_contains_paywalled_content":false,"_jetpack_memberships_contains_paid_content":false,"footnotes":"","jetpack_publicize_message":"","jetpack_publicize_feature_enabled":true,"jetpack_social_post_already_shared":true,"jetpack_social_options":{"image_generator_settings":{"template":"highway","default_image_id":0,"font":"","enabled":false},"version":2},"_wpas_customize_per_network":false},"categories":[30],"tags":[],"class_list":["post-125772","post","type-post","status-publish","format-standard","has-post-thumbnail","hentry","category-municipio","generate-columns","tablet-grid-50","mobile-grid-100","grid-parent","grid-50"],"jetpack_publicize_connections":[],"jetpack_featured_media_url":"https:\/\/www.hoymercedes.com.ar\/principal\/wp-content\/uploads\/2021\/03\/05-linea-2.jpg","wps_subtitle":"","jetpack_sharing_enabled":true,"jetpack-related-posts":[{"id":125526,"url":"https:\/\/www.hoymercedes.com.ar\/principal\/2021\/02\/28\/vuelve-a-circular-el-colectivo-cementerio-matienzo\/","url_meta":{"origin":125772,"position":0},"title":"Vuelve a circular el colectivo Cementerio-Matienzo","author":"hoymercedes","date":"28 febrero, 2021","format":false,"excerpt":"Despu\u00e9s de casi un a\u00f1o que se cort\u00f3 la circulaci\u00f3n del transporte p\u00fablico urbano en Mercedes producto de la pandemia, este lunes 1\u00b0 de marzo, retomar\u00e1 la actividad la L\u00ednea 1 que une el Cementerio Municipal con la 22 bis y 113, esquina conocida como Matienzo por el comercio que\u2026","rel":"","context":"En \u00abMunicipio\u00bb","block_context":{"text":"Municipio","link":"https:\/\/www.hoymercedes.com.ar\/principal\/category\/municipio\/"},"img":{"alt_text":"","src":"https:\/\/i0.wp.com\/www.hoymercedes.com.ar\/principal\/wp-content\/uploads\/2021\/02\/NuevoHorarioLinea1.jpg?resize=350%2C200&ssl=1","width":350,"height":200,"srcset":"https:\/\/i0.wp.com\/www.hoymercedes.com.ar\/principal\/wp-content\/uploads\/2021\/02\/NuevoHorarioLinea1.jpg?resize=350%2C200&ssl=1 1x, https:\/\/i0.wp.com\/www.hoymercedes.com.ar\/principal\/wp-content\/uploads\/2021\/02\/NuevoHorarioLinea1.jpg?resize=525%2C300&ssl=1 1.5x, https:\/\/i0.wp.com\/www.hoymercedes.com.ar\/principal\/wp-content\/uploads\/2021\/02\/NuevoHorarioLinea1.jpg?resize=700%2C400&ssl=1 2x"},"classes":[]},{"id":89236,"url":"https:\/\/www.hoymercedes.com.ar\/principal\/2019\/03\/10\/colectivo-local-nuevos-horarios\/","url_meta":{"origin":125772,"position":1},"title":"Colectivo local: nuevos horarios","author":"hoymercedes","date":"10 marzo, 2019","format":false,"excerpt":"Retomando la actividad escolar, las l\u00edneas 1 y 2 del servicio de transporte p\u00fablico de pasajeros local urbano suma nuevos horarios y ampl\u00eda su recorrido. Es as\u00ed que la L\u00ednea 1 - Matienzo\/Cementerio - sumar\u00e1 colectivos en los horarios de ingreso y salida de las escuelas, y la L\u00ednea 2\u2026","rel":"","context":"En \u00abMunicipio\u00bb","block_context":{"text":"Municipio","link":"https:\/\/www.hoymercedes.com.ar\/principal\/category\/municipio\/"},"img":{"alt_text":"","src":"https:\/\/i0.wp.com\/www.hoymercedes.com.ar\/principal\/wp-content\/uploads\/2019\/03\/10-horariolinea1.jpeg?resize=350%2C200&ssl=1","width":350,"height":200,"srcset":"https:\/\/i0.wp.com\/www.hoymercedes.com.ar\/principal\/wp-content\/uploads\/2019\/03\/10-horariolinea1.jpeg?resize=350%2C200&ssl=1 1x, https:\/\/i0.wp.com\/www.hoymercedes.com.ar\/principal\/wp-content\/uploads\/2019\/03\/10-horariolinea1.jpeg?resize=525%2C300&ssl=1 1.5x"},"classes":[]},{"id":86440,"url":"https:\/\/www.hoymercedes.com.ar\/principal\/2019\/01\/04\/horarios-de-verano-de-los-colectivos-urbanos\/","url_meta":{"origin":125772,"position":2},"title":"Horarios de verano de los colectivos urbanos","author":"hoymercedes","date":"4 enero, 2019","format":false,"excerpt":"El Municipio de Mercedes inform\u00f3 la ampliaci\u00f3n del recorrido de la L\u00ednea 2 del Servicio de Transporte Urbano de Pasajeros. A partir del 5 de enero, el recorrido que se inicia en el Parque Municipal y llega al Barrio Favaloro, ampliar\u00e1 su viaje durante los meses de enero y febrero\u2026","rel":"","context":"En \u00abMunicipio\u00bb","block_context":{"text":"Municipio","link":"https:\/\/www.hoymercedes.com.ar\/principal\/category\/municipio\/"},"img":{"alt_text":"","src":"https:\/\/i0.wp.com\/www.hoymercedes.com.ar\/principal\/wp-content\/uploads\/2019\/01\/04-colectivos.jpg?resize=350%2C200&ssl=1","width":350,"height":200,"srcset":"https:\/\/i0.wp.com\/www.hoymercedes.com.ar\/principal\/wp-content\/uploads\/2019\/01\/04-colectivos.jpg?resize=350%2C200&ssl=1 1x, https:\/\/i0.wp.com\/www.hoymercedes.com.ar\/principal\/wp-content\/uploads\/2019\/01\/04-colectivos.jpg?resize=525%2C300&ssl=1 1.5x, https:\/\/i0.wp.com\/www.hoymercedes.com.ar\/principal\/wp-content\/uploads\/2019\/01\/04-colectivos.jpg?resize=700%2C400&ssl=1 2x"},"classes":[]},{"id":44313,"url":"https:\/\/www.hoymercedes.com.ar\/principal\/2015\/08\/31\/empieza-el-recorrido-de-empresa-cossi-trayecto-matienzo-cementerio\/","url_meta":{"origin":125772,"position":3},"title":"Empieza el recorrido de \u201cEmpresa Cossi\u201d trayecto \u201cMatienzo \u2013 Cementerio\u201d","author":"hoymercedes","date":"31 agosto, 2015","format":false,"excerpt":"\u00a0 El inicio de septiembre trae consigo la puesta en marcha del funcionamiento de la l\u00ednea de transporte p\u00fablico en el tramo conocido como \u201cMatienzo\u201d y que recorre desde dicho tradicional punto de referencia hasta el Cementerio. El inicio se da por medio de la empresa Cossi, con la autorizaci\u00f3n\u2026","rel":"","context":"En \u00abSociedad\u00bb","block_context":{"text":"Sociedad","link":"https:\/\/www.hoymercedes.com.ar\/principal\/category\/sociedad\/"},"img":{"alt_text":"","src":"https:\/\/i0.wp.com\/www.hoymercedes.com.ar\/principal\/wp-content\/uploads\/2015\/08\/Cossi.jpg?resize=350%2C200&ssl=1","width":350,"height":200,"srcset":"https:\/\/i0.wp.com\/www.hoymercedes.com.ar\/principal\/wp-content\/uploads\/2015\/08\/Cossi.jpg?resize=350%2C200&ssl=1 1x, https:\/\/i0.wp.com\/www.hoymercedes.com.ar\/principal\/wp-content\/uploads\/2015\/08\/Cossi.jpg?resize=525%2C300&ssl=1 1.5x"},"classes":[]},{"id":80493,"url":"https:\/\/www.hoymercedes.com.ar\/principal\/2018\/08\/31\/desde-el-lunes-deja-de-funcionar-el-transporte-urbano-de-pasajeros-de-mercedes\/","url_meta":{"origin":125772,"position":4},"title":"Desde el lunes deja de funcionar el transporte urbano de pasajeros de Mercedes","author":"hoymercedes","date":"31 agosto, 2018","format":false,"excerpt":"A trav\u00e9s de una conferencia de prensa, el Municipio anunci\u00f3 que el martes pr\u00f3ximo dejar\u00e1 de funcionar la L\u00ednea 2 (Parque-Noelandia), mientras que a finales de septiembre dejar\u00e1 de funcionar la L\u00ednea 1 (Cementerio-Matienzo). Analizan situaci\u00f3n para adquirir los veh\u00edculos y municipalizar totalmente el servicio. Tras el cambio de modalidad\u2026","rel":"","context":"En \u00abMunicipio\u00bb","block_context":{"text":"Municipio","link":"https:\/\/www.hoymercedes.com.ar\/principal\/category\/municipio\/"},"img":{"alt_text":"","src":"https:\/\/i0.wp.com\/www.hoymercedes.com.ar\/principal\/wp-content\/uploads\/2018\/08\/DSC_0011.jpg?resize=350%2C200&ssl=1","width":350,"height":200,"srcset":"https:\/\/i0.wp.com\/www.hoymercedes.com.ar\/principal\/wp-content\/uploads\/2018\/08\/DSC_0011.jpg?resize=350%2C200&ssl=1 1x, https:\/\/i0.wp.com\/www.hoymercedes.com.ar\/principal\/wp-content\/uploads\/2018\/08\/DSC_0011.jpg?resize=525%2C300&ssl=1 1.5x, https:\/\/i0.wp.com\/www.hoymercedes.com.ar\/principal\/wp-content\/uploads\/2018\/08\/DSC_0011.jpg?resize=700%2C400&ssl=1 2x"},"classes":[]},{"id":43558,"url":"https:\/\/www.hoymercedes.com.ar\/principal\/2015\/08\/01\/transporte-urbano-desde-el-lunes-recorrera-la-flor-de-lujan-y-el-escolar-gratis\/","url_meta":{"origin":125772,"position":5},"title":"Transporte urbano: desde el lunes recorrer\u00e1 la \u201cFlor de Luj\u00e1n\u201d y vuelve el \u201cEscolar\u201d gratis","author":"hoymercedes","date":"1 agosto, 2015","format":false,"excerpt":"\u00a0 El intendente Carlos Selva dio detalles de lo que ser\u00e1n los pasos futuros de la actual crisis del transporte p\u00fablico en la ciudad. La continuidad del servicio de emergencia escolar. El llamado a sesi\u00f3n extraordinaria para autorizar el corte de boletos. El nuevo recorrido de la \u201cFlor de Luj\u00e1n\u201d\u2026","rel":"","context":"En \u00abMunicipio\u00bb","block_context":{"text":"Municipio","link":"https:\/\/www.hoymercedes.com.ar\/principal\/category\/municipio\/"},"img":{"alt_text":"","src":"https:\/\/i0.wp.com\/www.hoymercedes.com.ar\/principal\/wp-content\/uploads\/2013\/08\/FlordeLuj%C3%A1n.jpg?resize=350%2C200&ssl=1","width":350,"height":200,"srcset":"https:\/\/i0.wp.com\/www.hoymercedes.com.ar\/principal\/wp-content\/uploads\/2013\/08\/FlordeLuj%C3%A1n.jpg?resize=350%2C200&ssl=1 1x, https:\/\/i0.wp.com\/www.hoymercedes.com.ar\/principal\/wp-content\/uploads\/2013\/08\/FlordeLuj%C3%A1n.jpg?resize=525%2C300&ssl=1 1.5x"},"classes":[]}],"_links":{"self":[{"href":"https:\/\/www.hoymercedes.com.ar\/principal\/wp-json\/wp\/v2\/posts\/125772","targetHints":{"allow":["GET"]}}],"collection":[{"href":"https:\/\/www.hoymercedes.com.ar\/principal\/wp-json\/wp\/v2\/posts"}],"about":[{"href":"https:\/\/www.hoymercedes.com.ar\/principal\/wp-json\/wp\/v2\/types\/post"}],"author":[{"embeddable":true,"href":"https:\/\/www.hoymercedes.com.ar\/principal\/wp-json\/wp\/v2\/users\/1"}],"replies":[{"embeddable":true,"href":"https:\/\/www.hoymercedes.com.ar\/principal\/wp-json\/wp\/v2\/comments?post=125772"}],"version-history":[{"count":0,"href":"https:\/\/www.hoymercedes.com.ar\/principal\/wp-json\/wp\/v2\/posts\/125772\/revisions"}],"wp:featuredmedia":[{"embeddable":true,"href":"https:\/\/www.hoymercedes.com.ar\/principal\/wp-json\/wp\/v2\/media\/125775"}],"wp:attachment":[{"href":"https:\/\/www.hoymercedes.com.ar\/principal\/wp-json\/wp\/v2\/media?parent=125772"}],"wp:term":[{"taxonomy":"category","embeddable":true,"href":"https:\/\/www.hoymercedes.com.ar\/principal\/wp-json\/wp\/v2\/categories?post=125772"},{"taxonomy":"post_tag","embeddable":true,"href":"https:\/\/www.hoymercedes.com.ar\/principal\/wp-json\/wp\/v2\/tags?post=125772"}],"curies":[{"name":"wp","href":"https:\/\/api.w.org\/{rel}","templated":true}]}}