{"id":125780,"date":"2021-03-05T09:34:00","date_gmt":"2021-03-05T12:34:00","guid":{"rendered":"http:\/\/www.hoymercedes.com.ar\/principal\/?p=125780"},"modified":"2021-03-05T10:48:14","modified_gmt":"2021-03-05T13:48:14","slug":"vacunan-a-los-residentes-del-ulises-dandrea-contra-el-covid","status":"publish","type":"post","link":"https:\/\/www.hoymercedes.com.ar\/principal\/2021\/03\/05\/vacunan-a-los-residentes-del-ulises-dandrea-contra-el-covid\/","title":{"rendered":"Vacunan a los residentes del Ulises D&#8217;Andrea contra el covid"},"content":{"rendered":"\n<p>Informaci\u00f3n municipal &#8211; La Campa\u00f1a de vacunaci\u00f3n contra el covid-19 impulsada por el Gobierno Nacional y provincial, y que se viene desarrollando de manera eficaz y ordenada en nuestra ciudad, contin\u00faa recorriendo los hogares y geri\u00e1tricos de Mercedes. En esta oportunidad, el sistema de vacunaci\u00f3n estuvo en el reconocido hogar Ulises D\u00b4Andrea donde todos sus residentes fueron vacunados.\u00a0\u00a0\u00a0\u00a0<\/p>\n\n\n\n<div class=\"wp-block-image\"><figure class=\"aligncenter size-large\"><img loading=\"lazy\" decoding=\"async\" width=\"800\" height=\"533\" data-attachment-id=\"125783\" data-permalink=\"https:\/\/www.hoymercedes.com.ar\/principal\/2021\/03\/05\/vacunan-a-los-residentes-del-ulises-dandrea-contra-el-covid\/05-vacuna-dandrea\/#main\" data-orig-file=\"https:\/\/www.hoymercedes.com.ar\/principal\/wp-content\/uploads\/2021\/03\/05-vacuna-dandrea.jpg\" data-orig-size=\"800,533\" data-comments-opened=\"0\" data-image-meta=\"{&quot;aperture&quot;:&quot;0&quot;,&quot;credit&quot;:&quot;&quot;,&quot;camera&quot;:&quot;&quot;,&quot;caption&quot;:&quot;&quot;,&quot;created_timestamp&quot;:&quot;0&quot;,&quot;copyright&quot;:&quot;&quot;,&quot;focal_length&quot;:&quot;0&quot;,&quot;iso&quot;:&quot;0&quot;,&quot;shutter_speed&quot;:&quot;0&quot;,&quot;title&quot;:&quot;&quot;,&quot;orientation&quot;:&quot;0&quot;}\" data-image-title=\"05 vacuna dandrea\" data-image-description=\"\" data-image-caption=\"\" data-large-file=\"https:\/\/www.hoymercedes.com.ar\/principal\/wp-content\/uploads\/2021\/03\/05-vacuna-dandrea.jpg\" src=\"https:\/\/www.hoymercedes.com.ar\/principal\/wp-content\/uploads\/2021\/03\/05-vacuna-dandrea.jpg\" alt=\"\" class=\"wp-image-125783\" srcset=\"https:\/\/www.hoymercedes.com.ar\/principal\/wp-content\/uploads\/2021\/03\/05-vacuna-dandrea.jpg 800w, https:\/\/www.hoymercedes.com.ar\/principal\/wp-content\/uploads\/2021\/03\/05-vacuna-dandrea-630x420.jpg 630w, https:\/\/www.hoymercedes.com.ar\/principal\/wp-content\/uploads\/2021\/03\/05-vacuna-dandrea-150x100.jpg 150w, https:\/\/www.hoymercedes.com.ar\/principal\/wp-content\/uploads\/2021\/03\/05-vacuna-dandrea-700x465.jpg 700w\" sizes=\"auto, (max-width: 800px) 100vw, 800px\" \/><\/figure><\/div>\n\n\n\n<p>All\u00ed estuvo presente el intendente de nuestra ciudad, el Dr. Juan Ignacio Ustarroz quien manifest\u00f3 \u201cen este a\u00f1o tan pero tan duro, donde los adultos mayores son parte de la poblaci\u00f3n que se llevaron la peor parte, con una gran restricci\u00f3n hacia sus actividades, hoy poder ver la alegr\u00eda de los residentes de este hogar habla a las claras la luz de esperanza que representa la vacuna\u201d. &nbsp;<\/p>\n\n\n\n<p>\u201cA nosotros nos genera una gran felicidad y representa un gran avance\u201d destac\u00f3 el intendente Ustarroz y apunt\u00f3 \u201cestamos trabajando arduamente para dar vuelta esta situaci\u00f3n donde la cuesti\u00f3n sanitaria es un punto, pero la pandemia trajo consigo una crisis mucho m\u00e1s profunda de orden econ\u00f3mica, social, cultural, por ello necesitamos realmente mucha unidad entre las instituciones y nuestro pueblo para salir adelante ante esta dificultad\u201d.&nbsp;&nbsp;&nbsp;<\/p>\n\n\n\n<p>Pablo Cassiani, director del hospital Blas L. Dubarry indic\u00f3 \u201choy es un d\u00eda importante ya que los dos Hogares p\u00fablicos de la ciudad -Villa Abrile y Ulises D\u00b4Andrea- quedan cubiertos por esta vacuna con lo cual nos permite repensar los protocolos, el intercambio y la interacci\u00f3n con los adultos mayores, algo que nos pone muy felices\u201d.&nbsp;&nbsp;&nbsp;&nbsp;<\/p>\n\n\n\n<p>Victoria Odell, directora de Adultos Mayores comunal se\u00f1al\u00f3 \u201cestamos felices de poder, desde el Municipio, acompa\u00f1ar en este caso al Hogar Ulises D\u00b4Andrea y a tres instituciones m\u00e1s en Mercedes\u201d y destac\u00f3 \u201ces como la ilusi\u00f3n y la esperanza de poder modificar esta realidad sanitaria que nos aqueja y de esa manera fomentar los encuentros entre los seres queridos, algo tan importante para todos\u201d.&nbsp;&nbsp;&nbsp;<\/p>\n\n\n\n<p>Eleonora, trabajadora del hogar, dijo \u201cla verdad que fue una alegr\u00eda porque estaban todos muy ansiosos, fue un a\u00f1o muy dif\u00edcil y ahora comienza una nueva etapa\u201d adem\u00e1s cont\u00f3 \u201cse vacun\u00f3 la totalidad de los residentes del hogar\u201d. &nbsp;<\/p>\n\n\n\n<p>De esta manera continua implement\u00e1ndose de manera ordenada y trasparente el plan de vacunaci\u00f3n m\u00e1s grande de la historia del pa\u00eds, y el planeta, en nuestra ciudad, siendo en este caso los adultos mayores los receptores de los cuidados.&nbsp;<br><\/p>\n","protected":false},"excerpt":{"rendered":"<p>Informaci\u00f3n municipal &#8211; La Campa\u00f1a de vacunaci\u00f3n contra el covid-19 impulsada por el Gobierno Nacional y provincial, y que se &#8230; <a title=\"Vacunan a los residentes del Ulises D&#8217;Andrea contra el covid\" class=\"read-more\" href=\"https:\/\/www.hoymercedes.com.ar\/principal\/2021\/03\/05\/vacunan-a-los-residentes-del-ulises-dandrea-contra-el-covid\/\" aria-label=\"Leer m\u00e1s sobre Vacunan a los residentes del Ulises D&#8217;Andrea contra el covid\">Leer m\u00e1s<\/a><\/p>\n","protected":false},"author":1,"featured_media":125783,"comment_status":"closed","ping_status":"open","sticky":false,"template":"","format":"standard","meta":{"_monsterinsights_skip_tracking":false,"_monsterinsights_sitenote_active":false,"_monsterinsights_sitenote_note":"","_monsterinsights_sitenote_category":0,"jetpack_post_was_ever_published":false,"_jetpack_newsletter_access":"","_jetpack_dont_email_post_to_subs":false,"_jetpack_newsletter_tier_id":0,"_jetpack_memberships_contains_paywalled_content":false,"_jetpack_memberships_contains_paid_content":false,"footnotes":"","jetpack_publicize_message":"","jetpack_publicize_feature_enabled":true,"jetpack_social_post_already_shared":true,"jetpack_social_options":{"image_generator_settings":{"template":"highway","default_image_id":0,"font":"","enabled":false},"version":2},"_wpas_customize_per_network":false},"categories":[30],"tags":[],"class_list":["post-125780","post","type-post","status-publish","format-standard","has-post-thumbnail","hentry","category-municipio","generate-columns","tablet-grid-50","mobile-grid-100","grid-parent","grid-50"],"jetpack_publicize_connections":[],"jetpack_featured_media_url":"https:\/\/www.hoymercedes.com.ar\/principal\/wp-content\/uploads\/2021\/03\/05-vacuna-dandrea.jpg","wps_subtitle":"","jetpack_sharing_enabled":true,"jetpack-related-posts":[{"id":122609,"url":"https:\/\/www.hoymercedes.com.ar\/principal\/2020\/12\/29\/en-mercedes-inicio-la-vacunacion-contra-el-covid-19\/","url_meta":{"origin":125780,"position":0},"title":"En Mercedes se inici\u00f3 la vacunaci\u00f3n contra el Covid-19","author":"hoymercedes","date":"29 diciembre, 2020","format":false,"excerpt":"Arrib\u00f3 a Mercedes la vacuna contra el Covid- 19 e inici\u00f3 la vacunaci\u00f3n con el cronograma estipulado. El Dr. Ustarroz estuvo presente junto a Dr Cassiani y la directora de la Regi\u00f3n Sanitaria X, Carolina Di Napoli al momento de iniciar el esperado y deseado proceso en el Hospital Blas\u2026","rel":"","context":"En \u00abSociedad\u00bb","block_context":{"text":"Sociedad","link":"https:\/\/www.hoymercedes.com.ar\/principal\/category\/sociedad\/"},"img":{"alt_text":"","src":"https:\/\/i0.wp.com\/www.hoymercedes.com.ar\/principal\/wp-content\/uploads\/2020\/12\/DSC02525.jpg?resize=350%2C200&ssl=1","width":350,"height":200,"srcset":"https:\/\/i0.wp.com\/www.hoymercedes.com.ar\/principal\/wp-content\/uploads\/2020\/12\/DSC02525.jpg?resize=350%2C200&ssl=1 1x, https:\/\/i0.wp.com\/www.hoymercedes.com.ar\/principal\/wp-content\/uploads\/2020\/12\/DSC02525.jpg?resize=525%2C300&ssl=1 1.5x, https:\/\/i0.wp.com\/www.hoymercedes.com.ar\/principal\/wp-content\/uploads\/2020\/12\/DSC02525.jpg?resize=700%2C400&ssl=1 2x"},"classes":[]},{"id":103383,"url":"https:\/\/www.hoymercedes.com.ar\/principal\/2019\/12\/04\/cierre-de-ano-del-hogar-ulises-d-andrea\/","url_meta":{"origin":125780,"position":1},"title":"Cierre de a\u00f1o del hogar Ulises D\u2019 Andrea","author":"hoymercedes","date":"4 diciembre, 2019","format":false,"excerpt":"El pasado s\u00e1bado, el hogar Ulises D\u2019 Andrea convoc\u00f3 a familiares de residentes con motivo de mostrar todas las actividades desarrolladas a lo largo del a\u00f1o que culmina. El hogar, que nuclea a pacientes con m\u00faltiples enfermedades \u2013 tales como demencia por alcoholismo, enfermedad degenerativa generalizada, trastornos psiqui\u00e1tricos, ceguera, parkinson,\u2026","rel":"","context":"En \u00abSalud\u00bb","block_context":{"text":"Salud","link":"https:\/\/www.hoymercedes.com.ar\/principal\/category\/salud\/"},"img":{"alt_text":"","src":"https:\/\/i0.wp.com\/www.hoymercedes.com.ar\/principal\/wp-content\/uploads\/2019\/12\/FinA%C3%B1oUlisesDAndrea-1.jpg?resize=350%2C200&ssl=1","width":350,"height":200,"srcset":"https:\/\/i0.wp.com\/www.hoymercedes.com.ar\/principal\/wp-content\/uploads\/2019\/12\/FinA%C3%B1oUlisesDAndrea-1.jpg?resize=350%2C200&ssl=1 1x, https:\/\/i0.wp.com\/www.hoymercedes.com.ar\/principal\/wp-content\/uploads\/2019\/12\/FinA%C3%B1oUlisesDAndrea-1.jpg?resize=525%2C300&ssl=1 1.5x, https:\/\/i0.wp.com\/www.hoymercedes.com.ar\/principal\/wp-content\/uploads\/2019\/12\/FinA%C3%B1oUlisesDAndrea-1.jpg?resize=700%2C400&ssl=1 2x"},"classes":[]},{"id":96826,"url":"https:\/\/www.hoymercedes.com.ar\/principal\/2019\/07\/19\/estudiantes-de-misericordia-compartieron-juegos-con-residentes-del-ulises-dandrea\/","url_meta":{"origin":125780,"position":2},"title":"Estudiantes de Misericordia compartieron juegos con residentes del Ulises D\u00b4Andrea","author":"hoymercedes","date":"19 julio, 2019","format":false,"excerpt":"Adolescentes y Adultos Mayores jugaron al bingo. En el marco del proyecto \u201cAbrigando Corazones\u201d los estudiantes entregaron mantas para el hogar que depende del Hospital. Durante la ma\u00f1ana del jueves, estudiantes del 5\u00aa a\u00f1o del secundario del Colegio Misericordia se hicieron presentes en el Hogar Ulises D`Andrea con el objetivo\u2026","rel":"","context":"En \u00abEducaci\u00f3n\u00bb","block_context":{"text":"Educaci\u00f3n","link":"https:\/\/www.hoymercedes.com.ar\/principal\/category\/educacion\/"},"img":{"alt_text":"","src":"https:\/\/i0.wp.com\/www.hoymercedes.com.ar\/principal\/wp-content\/uploads\/2019\/07\/19-Hogar-Ulises-0.jpg?resize=350%2C200&ssl=1","width":350,"height":200,"srcset":"https:\/\/i0.wp.com\/www.hoymercedes.com.ar\/principal\/wp-content\/uploads\/2019\/07\/19-Hogar-Ulises-0.jpg?resize=350%2C200&ssl=1 1x, https:\/\/i0.wp.com\/www.hoymercedes.com.ar\/principal\/wp-content\/uploads\/2019\/07\/19-Hogar-Ulises-0.jpg?resize=525%2C300&ssl=1 1.5x, https:\/\/i0.wp.com\/www.hoymercedes.com.ar\/principal\/wp-content\/uploads\/2019\/07\/19-Hogar-Ulises-0.jpg?resize=700%2C400&ssl=1 2x"},"classes":[]},{"id":159577,"url":"https:\/\/www.hoymercedes.com.ar\/principal\/2023\/03\/15\/obras-en-el-hogar-ulises-dandrea\/","url_meta":{"origin":125780,"position":3},"title":"Obras en el Hogar Ulises D&#8217;Andrea","author":"hoymercedes","date":"15 marzo, 2023","format":false,"excerpt":"El Municipio de Mercedes a trav\u00e9s del \u00e1rea de Adultos Mayores, en un trabajo mancomunado con la cooperadora del hogar Ulises D\u00b4Andrea, llev\u00f3 adelante obras importantes, como lo son la construcci\u00f3n de un lavadero, dep\u00f3sito y tapial, que mejorar\u00e1n el d\u00eda a d\u00eda en la instituci\u00f3n. \u00a0 El intendente Juan\u2026","rel":"","context":"En \u00abMunicipio\u00bb","block_context":{"text":"Municipio","link":"https:\/\/www.hoymercedes.com.ar\/principal\/category\/municipio\/"},"img":{"alt_text":"","src":"https:\/\/i0.wp.com\/www.hoymercedes.com.ar\/principal\/wp-content\/uploads\/2023\/03\/image-24.png?resize=350%2C200&ssl=1","width":350,"height":200,"srcset":"https:\/\/i0.wp.com\/www.hoymercedes.com.ar\/principal\/wp-content\/uploads\/2023\/03\/image-24.png?resize=350%2C200&ssl=1 1x, https:\/\/i0.wp.com\/www.hoymercedes.com.ar\/principal\/wp-content\/uploads\/2023\/03\/image-24.png?resize=525%2C300&ssl=1 1.5x, https:\/\/i0.wp.com\/www.hoymercedes.com.ar\/principal\/wp-content\/uploads\/2023\/03\/image-24.png?resize=700%2C400&ssl=1 2x, https:\/\/i0.wp.com\/www.hoymercedes.com.ar\/principal\/wp-content\/uploads\/2023\/03\/image-24.png?resize=1050%2C600&ssl=1 3x, https:\/\/i0.wp.com\/www.hoymercedes.com.ar\/principal\/wp-content\/uploads\/2023\/03\/image-24.png?resize=1400%2C800&ssl=1 4x"},"classes":[]},{"id":124301,"url":"https:\/\/www.hoymercedes.com.ar\/principal\/2021\/02\/03\/pami-inicio-en-mercedes-la-vacunacion-contra-covid-19-en-residentes-de-hogares\/","url_meta":{"origin":125780,"position":4},"title":"PAMI inici\u00f3 en Mercedes la vacunaci\u00f3n contra covid-19 en residentes de hogares","author":"hoymercedes","date":"3 febrero, 2021","format":false,"excerpt":"El intendente Dr. Juani Ustarroz recibi\u00f3 a la titular del PAMI a nivel nacional, Luana Volnovich, para iniciar la vacunaci\u00f3n en geri\u00e1tricos y residencias de adultos mayores siendo en esta ocasi\u00f3n el Hogar Divina Providencia. \u201cQuiero agradecer a Luana y a los equipos de PAMI por seleccionar a Mercedes para\u2026","rel":"","context":"En \u00abMunicipio\u00bb","block_context":{"text":"Municipio","link":"https:\/\/www.hoymercedes.com.ar\/principal\/category\/municipio\/"},"img":{"alt_text":"","src":"https:\/\/i0.wp.com\/www.hoymercedes.com.ar\/principal\/wp-content\/uploads\/2021\/02\/SJA_8370.jpg?resize=350%2C200&ssl=1","width":350,"height":200,"srcset":"https:\/\/i0.wp.com\/www.hoymercedes.com.ar\/principal\/wp-content\/uploads\/2021\/02\/SJA_8370.jpg?resize=350%2C200&ssl=1 1x, https:\/\/i0.wp.com\/www.hoymercedes.com.ar\/principal\/wp-content\/uploads\/2021\/02\/SJA_8370.jpg?resize=525%2C300&ssl=1 1.5x, https:\/\/i0.wp.com\/www.hoymercedes.com.ar\/principal\/wp-content\/uploads\/2021\/02\/SJA_8370.jpg?resize=700%2C400&ssl=1 2x"},"classes":[]},{"id":137783,"url":"https:\/\/www.hoymercedes.com.ar\/principal\/2021\/09\/23\/ministro-de-salud-kreplak-y-ustarroz-recorrieron-vacunatorios\/","url_meta":{"origin":125780,"position":5},"title":"Ministro de salud Kreplak y Ustarroz recorrieron vacunatorios","author":"hoymercedes","date":"23 septiembre, 2021","format":false,"excerpt":"El intendente Dr. Juan I Ustarroz recibi\u00f3 al ministro de salud de la provincia, Dr. Nicol\u00e1s Kreplak con quien visit\u00f3 el Centro de Vacunaci\u00f3n en el MAMM donde ya se est\u00e1n aplicando dosis a menores de 17 a\u00f1os sin comorbilidades. Estuvo tambi\u00e9n presente el Secretario de Salud, Dr. N\u00e9stor Pisapia\u2026","rel":"","context":"En \u00abSalud\u00bb","block_context":{"text":"Salud","link":"https:\/\/www.hoymercedes.com.ar\/principal\/category\/salud\/"},"img":{"alt_text":"","src":"https:\/\/i0.wp.com\/www.hoymercedes.com.ar\/principal\/wp-content\/uploads\/2021\/09\/DSC05775.jpg?resize=350%2C200&ssl=1","width":350,"height":200,"srcset":"https:\/\/i0.wp.com\/www.hoymercedes.com.ar\/principal\/wp-content\/uploads\/2021\/09\/DSC05775.jpg?resize=350%2C200&ssl=1 1x, https:\/\/i0.wp.com\/www.hoymercedes.com.ar\/principal\/wp-content\/uploads\/2021\/09\/DSC05775.jpg?resize=525%2C300&ssl=1 1.5x, https:\/\/i0.wp.com\/www.hoymercedes.com.ar\/principal\/wp-content\/uploads\/2021\/09\/DSC05775.jpg?resize=700%2C400&ssl=1 2x"},"classes":[]}],"_links":{"self":[{"href":"https:\/\/www.hoymercedes.com.ar\/principal\/wp-json\/wp\/v2\/posts\/125780","targetHints":{"allow":["GET"]}}],"collection":[{"href":"https:\/\/www.hoymercedes.com.ar\/principal\/wp-json\/wp\/v2\/posts"}],"about":[{"href":"https:\/\/www.hoymercedes.com.ar\/principal\/wp-json\/wp\/v2\/types\/post"}],"author":[{"embeddable":true,"href":"https:\/\/www.hoymercedes.com.ar\/principal\/wp-json\/wp\/v2\/users\/1"}],"replies":[{"embeddable":true,"href":"https:\/\/www.hoymercedes.com.ar\/principal\/wp-json\/wp\/v2\/comments?post=125780"}],"version-history":[{"count":0,"href":"https:\/\/www.hoymercedes.com.ar\/principal\/wp-json\/wp\/v2\/posts\/125780\/revisions"}],"wp:featuredmedia":[{"embeddable":true,"href":"https:\/\/www.hoymercedes.com.ar\/principal\/wp-json\/wp\/v2\/media\/125783"}],"wp:attachment":[{"href":"https:\/\/www.hoymercedes.com.ar\/principal\/wp-json\/wp\/v2\/media?parent=125780"}],"wp:term":[{"taxonomy":"category","embeddable":true,"href":"https:\/\/www.hoymercedes.com.ar\/principal\/wp-json\/wp\/v2\/categories?post=125780"},{"taxonomy":"post_tag","embeddable":true,"href":"https:\/\/www.hoymercedes.com.ar\/principal\/wp-json\/wp\/v2\/tags?post=125780"}],"curies":[{"name":"wp","href":"https:\/\/api.w.org\/{rel}","templated":true}]}}