{"id":125786,"date":"2021-03-05T11:23:00","date_gmt":"2021-03-05T14:23:00","guid":{"rendered":"http:\/\/www.hoymercedes.com.ar\/principal\/?p=125786"},"modified":"2021-03-05T11:01:29","modified_gmt":"2021-03-05T14:01:29","slug":"esta-en-etapa-de-desarrollo-la-vacuna-anti-covid-de-la-unlp","status":"publish","type":"post","link":"https:\/\/www.hoymercedes.com.ar\/principal\/2021\/03\/05\/esta-en-etapa-de-desarrollo-la-vacuna-anti-covid-de-la-unlp\/","title":{"rendered":"Est\u00e1 en \u201cetapa de desarrollo\u201d la vacuna anti COVID de la UNLP"},"content":{"rendered":"\n<p>El investigador principal del CONICET y director del Instituto de Estudios Inmunol\u00f3gicos y Fisiopatol\u00f3gicos de la UNLP, Guillermo Docena, confirm\u00f3 que est\u00e1 \u201cen desarrollo\u201d una vacuna platense contra el COVID.<\/p>\n\n\n\n<figure class=\"wp-block-image size-large\"><img loading=\"lazy\" decoding=\"async\" width=\"960\" height=\"640\" data-attachment-id=\"125788\" data-permalink=\"https:\/\/www.hoymercedes.com.ar\/principal\/2021\/03\/05\/esta-en-etapa-de-desarrollo-la-vacuna-anti-covid-de-la-unlp\/05-unlp-vacuna-2\/#main\" data-orig-file=\"https:\/\/www.hoymercedes.com.ar\/principal\/wp-content\/uploads\/2021\/03\/05-UNLP-vacuna-2.jpg\" data-orig-size=\"960,640\" data-comments-opened=\"0\" data-image-meta=\"{&quot;aperture&quot;:&quot;0&quot;,&quot;credit&quot;:&quot;&quot;,&quot;camera&quot;:&quot;&quot;,&quot;caption&quot;:&quot;&quot;,&quot;created_timestamp&quot;:&quot;0&quot;,&quot;copyright&quot;:&quot;&quot;,&quot;focal_length&quot;:&quot;0&quot;,&quot;iso&quot;:&quot;0&quot;,&quot;shutter_speed&quot;:&quot;0&quot;,&quot;title&quot;:&quot;&quot;,&quot;orientation&quot;:&quot;0&quot;}\" data-image-title=\"05 UNLP vacuna 2\" data-image-description=\"\" data-image-caption=\"&lt;p&gt;El desarrollo es dirigido por los Doctores Guillermo Docena, del IIFP y Omar Azzaroni, del INIFTA.&lt;\/p&gt;\n\" data-large-file=\"https:\/\/www.hoymercedes.com.ar\/principal\/wp-content\/uploads\/2021\/03\/05-UNLP-vacuna-2.jpg\" src=\"https:\/\/www.hoymercedes.com.ar\/principal\/wp-content\/uploads\/2021\/03\/05-UNLP-vacuna-2.jpg\" alt=\"\" class=\"wp-image-125788\" srcset=\"https:\/\/www.hoymercedes.com.ar\/principal\/wp-content\/uploads\/2021\/03\/05-UNLP-vacuna-2.jpg 960w, https:\/\/www.hoymercedes.com.ar\/principal\/wp-content\/uploads\/2021\/03\/05-UNLP-vacuna-2-630x420.jpg 630w, https:\/\/www.hoymercedes.com.ar\/principal\/wp-content\/uploads\/2021\/03\/05-UNLP-vacuna-2-150x100.jpg 150w\" sizes=\"auto, (max-width: 960px) 100vw, 960px\" \/><figcaption>El desarrollo es dirigido por los Doctores Guillermo Docena, del IIFP y Omar Azzaroni, del INIFTA.<\/figcaption><\/figure>\n\n\n\n<p>En declaraciones radiales, Docena aclar\u00f3 que si bien la vacuna \u201ctodav\u00eda no est\u00e1 disponible, s\u00ed est\u00e1 en una etapa de desarrollo\u201d y agreg\u00f3 que \u201chace tres a\u00f1os que dos grupos venimos trabajando, produciendo cada uno una parte de la vacuna. Esto lo ven\u00edamos aplicando en otros sistemas y el a\u00f1o pasado, en funci\u00f3n de que todos tuvimos que pensar nuestro aporte para el COVID, vimos la posibilidad de plantear una vacuna\u201d.<\/p>\n\n\n\n<p>Docena indic\u00f3 que \u201ctodos los recursos se est\u00e1n poniendo en esto\u201d en todo el mundo y que \u201cel hecho de que haya dinero de gobiernos y farmac\u00e9uticas hizo que en menos de un a\u00f1o tengamos 7 vacunas\u201d. En el caso de la vacuna local, explic\u00f3 que \u201ctenemos apoyo de la Universidad y hay varias empresas interesadas, veremos con el tiempo c\u00f3mo lo vamos capitalizando\u201d.<\/p>\n\n\n\n<p>En ese marco, dijo que \u201cBrasil est\u00e1 vacunando con una vacuna que producen ellos, ac\u00e1 se est\u00e1 empezando a tomar conciencia\u201d de la importancia de producirlas. Advirti\u00f3 adem\u00e1s que \u201cen ciencia no hay resultados inmediatos, quiz\u00e1s se necesitan 10 a\u00f1os para investigar algo\u201d.<\/p>\n\n\n\n<p>En relaci\u00f3n al coronavirus, Docena afirm\u00f3 que \u201ces producto de la naturaleza, hubo casos en que se inventaron microorganismos pero esto no, esto se ve\u00eda venir. Los virus pueden adaptarse a nuevas especies de una manera muy r\u00e1pida, a medida que se va replicando se transforma y se crean variantes virales que pueden invadir otros organismos\u201d.<\/p>\n\n\n\n<p>El investigador se\u00f1al\u00f3 que \u201csomos muchos en el planeta y convivimos con muchos animales, por eso esto se inicia en el sudeste asi\u00e1tico, hay m\u00e1s chances que el virus pase al cerdo, al ave o al murci\u00e9lago. Esto es consecuencia de los cambios que estamos produciendo en el planeta\u201d.<\/p>\n\n\n\n<p>En relaci\u00f3n a la vacuna, explic\u00f3 que \u201cgeneran un anticuerpo y evitan que el virus ingresen a la c\u00e9lula. Cuando vos vacun\u00e1s a alguien, proteg\u00e9s a esa persona, inmunidad de reba\u00f1o significa que vacun\u00e1s a un porcentaje de la poblaci\u00f3n de manera que, a\u00fan los que no est\u00e1n vacunados, est\u00e1n protegidos. Hasta que no vacunemos al 70 u 80% no vamos a tener inmunidad de reba\u00f1o\u201d.<\/p>\n\n\n\n<p>A\u00f1adi\u00f3 que \u201caprendimos en esta patolog\u00eda que la infecci\u00f3n natural no genera inmunidad de reba\u00f1o, se puede infectar el 80% de la poblaci\u00f3n y no habr\u00e1 inmunidad de reba\u00f1o porque no se generan anticuerpos. Este virus marca la gran heterogeneidad que hay de un individuo a otro\u201d.<\/p>\n\n\n\n<p>Fuente: Radio Provincia &#8211; <strong>I<\/strong>nformaProvincia<\/p>\n\n\n\n<div class=\"wp-block-image\"><figure class=\"aligncenter size-large\"><img loading=\"lazy\" decoding=\"async\" width=\"1024\" height=\"576\" data-attachment-id=\"125787\" data-permalink=\"https:\/\/www.hoymercedes.com.ar\/principal\/2021\/03\/05\/esta-en-etapa-de-desarrollo-la-vacuna-anti-covid-de-la-unlp\/05-unlp-vacuna-1\/#main\" data-orig-file=\"https:\/\/www.hoymercedes.com.ar\/principal\/wp-content\/uploads\/2021\/03\/05-UNLP-vacuna-1.jpg\" data-orig-size=\"1280,720\" data-comments-opened=\"0\" data-image-meta=\"{&quot;aperture&quot;:&quot;0&quot;,&quot;credit&quot;:&quot;&quot;,&quot;camera&quot;:&quot;&quot;,&quot;caption&quot;:&quot;&quot;,&quot;created_timestamp&quot;:&quot;0&quot;,&quot;copyright&quot;:&quot;&quot;,&quot;focal_length&quot;:&quot;0&quot;,&quot;iso&quot;:&quot;0&quot;,&quot;shutter_speed&quot;:&quot;0&quot;,&quot;title&quot;:&quot;&quot;,&quot;orientation&quot;:&quot;0&quot;}\" data-image-title=\"05 UNLP vacuna 1\" data-image-description=\"\" data-image-caption=\"\" data-large-file=\"https:\/\/www.hoymercedes.com.ar\/principal\/wp-content\/uploads\/2021\/03\/05-UNLP-vacuna-1-1024x576.jpg\" src=\"https:\/\/www.hoymercedes.com.ar\/principal\/wp-content\/uploads\/2021\/03\/05-UNLP-vacuna-1-1024x576.jpg\" alt=\"\" class=\"wp-image-125787\" srcset=\"https:\/\/www.hoymercedes.com.ar\/principal\/wp-content\/uploads\/2021\/03\/05-UNLP-vacuna-1-1024x576.jpg 1024w, https:\/\/www.hoymercedes.com.ar\/principal\/wp-content\/uploads\/2021\/03\/05-UNLP-vacuna-1-630x354.jpg 630w, https:\/\/www.hoymercedes.com.ar\/principal\/wp-content\/uploads\/2021\/03\/05-UNLP-vacuna-1-150x84.jpg 150w, https:\/\/www.hoymercedes.com.ar\/principal\/wp-content\/uploads\/2021\/03\/05-UNLP-vacuna-1.jpg 1280w\" sizes=\"auto, (max-width: 1024px) 100vw, 1024px\" \/><\/figure><\/div>\n","protected":false},"excerpt":{"rendered":"<p>El investigador principal del CONICET y director del Instituto de Estudios Inmunol\u00f3gicos y Fisiopatol\u00f3gicos de la UNLP, Guillermo Docena, confirm\u00f3 &#8230; <a title=\"Est\u00e1 en \u201cetapa de desarrollo\u201d la vacuna anti COVID de la UNLP\" class=\"read-more\" href=\"https:\/\/www.hoymercedes.com.ar\/principal\/2021\/03\/05\/esta-en-etapa-de-desarrollo-la-vacuna-anti-covid-de-la-unlp\/\" aria-label=\"Leer m\u00e1s sobre Est\u00e1 en \u201cetapa de desarrollo\u201d la vacuna anti COVID de la UNLP\">Leer m\u00e1s<\/a><\/p>\n","protected":false},"author":1,"featured_media":125787,"comment_status":"closed","ping_status":"open","sticky":false,"template":"","format":"standard","meta":{"_monsterinsights_skip_tracking":false,"_monsterinsights_sitenote_active":false,"_monsterinsights_sitenote_note":"","_monsterinsights_sitenote_category":0,"jetpack_post_was_ever_published":false,"_jetpack_newsletter_access":"","_jetpack_dont_email_post_to_subs":false,"_jetpack_newsletter_tier_id":0,"_jetpack_memberships_contains_paywalled_content":false,"_jetpack_memberships_contains_paid_content":false,"footnotes":"","jetpack_publicize_message":"","jetpack_publicize_feature_enabled":true,"jetpack_social_post_already_shared":true,"jetpack_social_options":{"image_generator_settings":{"template":"highway","default_image_id":0,"font":"","enabled":false},"version":2},"_wpas_customize_per_network":false},"categories":[9791],"tags":[],"class_list":["post-125786","post","type-post","status-publish","format-standard","has-post-thumbnail","hentry","category-salud","generate-columns","tablet-grid-50","mobile-grid-100","grid-parent","grid-50"],"jetpack_publicize_connections":[],"jetpack_featured_media_url":"https:\/\/www.hoymercedes.com.ar\/principal\/wp-content\/uploads\/2021\/03\/05-UNLP-vacuna-1.jpg","wps_subtitle":"","jetpack_sharing_enabled":true,"jetpack-related-posts":[{"id":8766,"url":"https:\/\/www.hoymercedes.com.ar\/principal\/2011\/11\/01\/continua-la-vacunacion-con-vacuna-vph-en-ninas-de-11-anos\/","url_meta":{"origin":125786,"position":0},"title":"Contin\u00faa la vacunaci\u00f3n con vacuna VPH en ni\u00f1as de 11 a\u00f1os","author":"hoymercedes","date":"1 noviembre, 2011","format":false,"excerpt":"La Direcci\u00f3n de Salud de la Municipalidad de Mercedes informa que desde este a\u00f1o, la vacuna contra el VPH (Virus de Papiloma Humano) para prevenir el c\u00e1ncer de cuello de uterino, se incorpora al Calendario Nacional de Vacunaci\u00f3n de manera gratuita y obligatoria. Todas las chicas de 11 a\u00f1os tienen\u2026","rel":"","context":"En \u00abSociedad\u00bb","block_context":{"text":"Sociedad","link":"https:\/\/www.hoymercedes.com.ar\/principal\/category\/sociedad\/"},"img":{"alt_text":"","src":"","width":0,"height":0},"classes":[]},{"id":123003,"url":"https:\/\/www.hoymercedes.com.ar\/principal\/2021\/01\/08\/docentes-y-auxiliares-podran-inscribirse-para-recibir-la-vacuna\/","url_meta":{"origin":125786,"position":1},"title":"Docentes y auxiliares podr\u00e1n inscribirse para recibir la vacuna","author":"hoymercedes","date":"8 enero, 2021","format":false,"excerpt":"Como parte de los grupos prioritarios para recibir la vacunaci\u00f3n contra el covid-19, los trabajadores de de educaci\u00f3n de la provincia de Buenos Aires podr\u00e1n anotarse para recibir la vacuna antes del inicio del ciclo lectivo 2021. Buenos Aires Vacunate comenz\u00f3 el pasado 29 de diciembre de 2020. La primera\u2026","rel":"","context":"En \u00abProvincia\u00bb","block_context":{"text":"Provincia","link":"https:\/\/www.hoymercedes.com.ar\/principal\/category\/provincia\/"},"img":{"alt_text":"","src":"https:\/\/i0.wp.com\/www.hoymercedes.com.ar\/principal\/wp-content\/uploads\/2020\/12\/24-vacunate.jpg?resize=350%2C200&ssl=1","width":350,"height":200,"srcset":"https:\/\/i0.wp.com\/www.hoymercedes.com.ar\/principal\/wp-content\/uploads\/2020\/12\/24-vacunate.jpg?resize=350%2C200&ssl=1 1x, https:\/\/i0.wp.com\/www.hoymercedes.com.ar\/principal\/wp-content\/uploads\/2020\/12\/24-vacunate.jpg?resize=525%2C300&ssl=1 1.5x"},"classes":[]},{"id":114560,"url":"https:\/\/www.hoymercedes.com.ar\/principal\/2020\/08\/04\/termino-etapa-de-vacunacion-antigripal\/","url_meta":{"origin":125786,"position":2},"title":"Termin\u00f3 etapa de vacunaci\u00f3n antigripal","author":"hoymercedes","date":"4 agosto, 2020","format":false,"excerpt":"El \u00faltimo d\u00eda de julio se complet\u00f3 otra etapa de la campa\u00f1a de vacunaci\u00f3n antigripal en la ciudad. Esta acci\u00f3n fue un trabajo mancomunado entre el Municipio de Mercedes, PAMI y la empresa de servicios de salud \u201cExtram\u00e9dica\u201d qui\u00e9n aport\u00f3 el personal profesional para la atenci\u00f3n. La misma se desarroll\u00f3\u2026","rel":"","context":"En \u00abMunicipio\u00bb","block_context":{"text":"Municipio","link":"https:\/\/www.hoymercedes.com.ar\/principal\/category\/municipio\/"},"img":{"alt_text":"","src":"https:\/\/i0.wp.com\/www.hoymercedes.com.ar\/principal\/wp-content\/uploads\/2020\/08\/04-gripal.jpeg?resize=350%2C200&ssl=1","width":350,"height":200,"srcset":"https:\/\/i0.wp.com\/www.hoymercedes.com.ar\/principal\/wp-content\/uploads\/2020\/08\/04-gripal.jpeg?resize=350%2C200&ssl=1 1x, https:\/\/i0.wp.com\/www.hoymercedes.com.ar\/principal\/wp-content\/uploads\/2020\/08\/04-gripal.jpeg?resize=525%2C300&ssl=1 1.5x, https:\/\/i0.wp.com\/www.hoymercedes.com.ar\/principal\/wp-content\/uploads\/2020\/08\/04-gripal.jpeg?resize=700%2C400&ssl=1 2x"},"classes":[]},{"id":91932,"url":"https:\/\/www.hoymercedes.com.ar\/principal\/2019\/04\/25\/vacunacion-antigripal-en-el-hospital-dubarry\/","url_meta":{"origin":125786,"position":3},"title":"Vacunaci\u00f3n antigripal en el Hospital Dubarry","author":"hoymercedes","date":"25 abril, 2019","format":false,"excerpt":"Desde el Hospital Blas L. Dubarry confirmaron que los d\u00edas lunes, mi\u00e9rcoles, jueves y viernes de 7 a 11 horas, est\u00e1n aplicando la vacuna antigripal para ni\u00f1os de 6 a 24 meses, embarazadas, mujeres hasta diez d\u00edas despu\u00e9s del parto, personal de salud, enfermos cr\u00f3nicos u obesos y mayores de\u2026","rel":"","context":"En \u00abSalud\u00bb","block_context":{"text":"Salud","link":"https:\/\/www.hoymercedes.com.ar\/principal\/category\/salud\/"},"img":{"alt_text":"","src":"https:\/\/i0.wp.com\/www.hoymercedes.com.ar\/principal\/wp-content\/uploads\/2019\/04\/25-hospital-antigripal.jpg?resize=350%2C200&ssl=1","width":350,"height":200,"srcset":"https:\/\/i0.wp.com\/www.hoymercedes.com.ar\/principal\/wp-content\/uploads\/2019\/04\/25-hospital-antigripal.jpg?resize=350%2C200&ssl=1 1x, https:\/\/i0.wp.com\/www.hoymercedes.com.ar\/principal\/wp-content\/uploads\/2019\/04\/25-hospital-antigripal.jpg?resize=525%2C300&ssl=1 1.5x, https:\/\/i0.wp.com\/www.hoymercedes.com.ar\/principal\/wp-content\/uploads\/2019\/04\/25-hospital-antigripal.jpg?resize=700%2C400&ssl=1 2x"},"classes":[]},{"id":53131,"url":"https:\/\/www.hoymercedes.com.ar\/principal\/2016\/08\/03\/veterinaria-castra-y-vacuna-en-gowland\/","url_meta":{"origin":125786,"position":4},"title":"Veterinaria castra y vacuna en Gowland","author":"hoymercedes","date":"3 agosto, 2016","format":false,"excerpt":"En el marco del programa de vacunaci\u00f3n y castraci\u00f3n de animales dom\u00e9sticos que lleva adelante la Veterinaria Municipal, a lo largo de la primer semana de agosto, el equipo de m\u00e9dicos veterinarios estar\u00e1n en la localidad rural de Gowland atendiendo a perros y gatos. De acuerdo a la informaci\u00f3n otorgada\u2026","rel":"","context":"En \u00abMunicipio\u00bb","block_context":{"text":"Municipio","link":"https:\/\/www.hoymercedes.com.ar\/principal\/category\/municipio\/"},"img":{"alt_text":"","src":"https:\/\/i0.wp.com\/www.hoymercedes.com.ar\/principal\/wp-content\/uploads\/2016\/08\/03-castracion.jpg?resize=350%2C200&ssl=1","width":350,"height":200},"classes":[]},{"id":23406,"url":"https:\/\/www.hoymercedes.com.ar\/principal\/2013\/07\/05\/este-viernes-habra-campana-de-vacunacion-antigripal-en-barrio-guemes\/","url_meta":{"origin":125786,"position":5},"title":"Este viernes habr\u00e1 campa\u00f1a de Vacunaci\u00f3n Antigripal en Barrio G\u00fcemes","author":"hoymercedes","date":"5 julio, 2013","format":false,"excerpt":"Por medio de un comunicado a la prensa las actuales autoridades del Barrio G\u00fcemes informan que en dicha barriada habr\u00e1 campa\u00f1a de vacunaci\u00f3n. Ser\u00e1 desde las 09.00hs a las 12.o0hs. Las autoridades de la Sociedad de Fomento manifestaron: \"La Sociedad de Fomento del Barrio Mart\u00edn M. de G\u00fcemes \u00a0le informa\u2026","rel":"","context":"En \u00abSociedad\u00bb","block_context":{"text":"Sociedad","link":"https:\/\/www.hoymercedes.com.ar\/principal\/category\/sociedad\/"},"img":{"alt_text":"Barrio G\u00fcemes","src":"https:\/\/i0.wp.com\/www.hoymercedes.com.ar\/principal\/wp-content\/uploads\/2013\/07\/barrioguemes.jpg?resize=350%2C200","width":350,"height":200,"srcset":"https:\/\/i0.wp.com\/www.hoymercedes.com.ar\/principal\/wp-content\/uploads\/2013\/07\/barrioguemes.jpg?resize=350%2C200 1x, https:\/\/i0.wp.com\/www.hoymercedes.com.ar\/principal\/wp-content\/uploads\/2013\/07\/barrioguemes.jpg?resize=525%2C300 1.5x"},"classes":[]}],"_links":{"self":[{"href":"https:\/\/www.hoymercedes.com.ar\/principal\/wp-json\/wp\/v2\/posts\/125786","targetHints":{"allow":["GET"]}}],"collection":[{"href":"https:\/\/www.hoymercedes.com.ar\/principal\/wp-json\/wp\/v2\/posts"}],"about":[{"href":"https:\/\/www.hoymercedes.com.ar\/principal\/wp-json\/wp\/v2\/types\/post"}],"author":[{"embeddable":true,"href":"https:\/\/www.hoymercedes.com.ar\/principal\/wp-json\/wp\/v2\/users\/1"}],"replies":[{"embeddable":true,"href":"https:\/\/www.hoymercedes.com.ar\/principal\/wp-json\/wp\/v2\/comments?post=125786"}],"version-history":[{"count":0,"href":"https:\/\/www.hoymercedes.com.ar\/principal\/wp-json\/wp\/v2\/posts\/125786\/revisions"}],"wp:featuredmedia":[{"embeddable":true,"href":"https:\/\/www.hoymercedes.com.ar\/principal\/wp-json\/wp\/v2\/media\/125787"}],"wp:attachment":[{"href":"https:\/\/www.hoymercedes.com.ar\/principal\/wp-json\/wp\/v2\/media?parent=125786"}],"wp:term":[{"taxonomy":"category","embeddable":true,"href":"https:\/\/www.hoymercedes.com.ar\/principal\/wp-json\/wp\/v2\/categories?post=125786"},{"taxonomy":"post_tag","embeddable":true,"href":"https:\/\/www.hoymercedes.com.ar\/principal\/wp-json\/wp\/v2\/tags?post=125786"}],"curies":[{"name":"wp","href":"https:\/\/api.w.org\/{rel}","templated":true}]}}