{"id":125792,"date":"2021-03-05T14:08:21","date_gmt":"2021-03-05T17:08:21","guid":{"rendered":"http:\/\/www.hoymercedes.com.ar\/principal\/?p=125792"},"modified":"2021-03-05T14:08:27","modified_gmt":"2021-03-05T17:08:27","slug":"inauguraran-las-canchas-profesionales-de-tenis-en-el-parque-municipal","status":"publish","type":"post","link":"https:\/\/www.hoymercedes.com.ar\/principal\/2021\/03\/05\/inauguraran-las-canchas-profesionales-de-tenis-en-el-parque-municipal\/","title":{"rendered":"Inaugurar\u00e1n las canchas profesionales de tenis en el Parque Municipal"},"content":{"rendered":"\n<p>Informaci\u00f3n Municipal &#8211; El \u201cMes de la Inauguraci\u00f3n\u201d contar\u00e1 con un campeonato por s\u00e1bado, programado para que distintos actores de la ciudad puedan disfrutar del nuevo espacio. Ser\u00e1 con los protocolos correspondientes y para ello ya est\u00e1 trabajando la Direcci\u00f3n de Deportes a cargo de Mart\u00edn Silvestre y Mariana Saboredo. \u00a0<\/p>\n\n\n\n<div class=\"wp-block-image\"><figure class=\"aligncenter size-large\"><img loading=\"lazy\" decoding=\"async\" width=\"800\" height=\"449\" data-attachment-id=\"125794\" data-permalink=\"https:\/\/www.hoymercedes.com.ar\/principal\/2021\/03\/05\/inauguraran-las-canchas-profesionales-de-tenis-en-el-parque-municipal\/attachment\/903\/#main\" data-orig-file=\"https:\/\/www.hoymercedes.com.ar\/principal\/wp-content\/uploads\/2021\/03\/903.jpeg\" data-orig-size=\"800,449\" data-comments-opened=\"0\" data-image-meta=\"{&quot;aperture&quot;:&quot;0&quot;,&quot;credit&quot;:&quot;&quot;,&quot;camera&quot;:&quot;&quot;,&quot;caption&quot;:&quot;&quot;,&quot;created_timestamp&quot;:&quot;0&quot;,&quot;copyright&quot;:&quot;&quot;,&quot;focal_length&quot;:&quot;0&quot;,&quot;iso&quot;:&quot;0&quot;,&quot;shutter_speed&quot;:&quot;0&quot;,&quot;title&quot;:&quot;&quot;,&quot;orientation&quot;:&quot;0&quot;}\" data-image-title=\"903\" data-image-description=\"\" data-image-caption=\"\" data-large-file=\"https:\/\/www.hoymercedes.com.ar\/principal\/wp-content\/uploads\/2021\/03\/903.jpeg\" src=\"https:\/\/www.hoymercedes.com.ar\/principal\/wp-content\/uploads\/2021\/03\/903.jpeg\" alt=\"\" class=\"wp-image-125794\" srcset=\"https:\/\/www.hoymercedes.com.ar\/principal\/wp-content\/uploads\/2021\/03\/903.jpeg 800w, https:\/\/www.hoymercedes.com.ar\/principal\/wp-content\/uploads\/2021\/03\/903-630x354.jpeg 630w, https:\/\/www.hoymercedes.com.ar\/principal\/wp-content\/uploads\/2021\/03\/903-150x84.jpeg 150w\" sizes=\"auto, (max-width: 800px) 100vw, 800px\" \/><\/figure><\/div>\n\n\n\n<p>El Municipio de Mercedes avanza en las obras dispuestas en el parque nuevo para la construcci\u00f3n de un nuevo polideportivo a cielo abierto. En este caso, se dio por culminada la obra de las canchas de tenis en el Parque Municipal y tendr\u00e1n su estreno el pr\u00f3ximo s\u00e1bado 6 de marzo. &nbsp;<\/p>\n\n\n\n<p>Las canchas de tenis, que son canchas r\u00e1pidas, mismas que no existen en la zona, fueron dise\u00f1adas por la Secretar\u00eda de Obras P\u00fablicas, donde estuvieron trabajando los ingenieros y arquitectos del \u00e1rea. &nbsp;<\/p>\n\n\n\n<p>Es una obra muy importante, tanto por la magnitud de la misma, como as\u00ed tambi\u00e9n por la importancia que significar\u00e1 para la regi\u00f3n a nivel deportivo, ya que cuenta con redes profesionales, alambrados perimetrales con un suelo de alta calidad t\u00e9cnica lo que redundar\u00e1 en una mayor durabilidad y un alto grado de profesionalismo. &nbsp;<\/p>\n\n\n\n<p>Esta nueva obra se suma a los espacios municipales desarrollados en los \u00faltimos a\u00f1os que han cuantificado la infraestructura deportiva y recreativa en toda la ciudad &nbsp;<\/p>\n\n\n\n<p>El \u201cMes de la Inauguraci\u00f3n\u201d ser\u00e1 la propuesta que se llevar\u00e1 a cabo por la Direcci\u00f3n de Deportes con un Torneo por s\u00e1bado, durante el corriente mes, con el siguiente organigrama: &nbsp;<\/p>\n\n\n\n<p>S\u00c1BADO 6 DE MARZO \u2013 Inscripci\u00f3n para socios mayores de todos los clubes (se encargan las Sub Comisiones de las instituciones de inscribir), no m\u00e1s de 30 personas. &nbsp;<\/p>\n\n\n\n<p>S\u00c1BADO 13 DE MARZO \u2013 Inscripci\u00f3n libre de no socios mayores, no m\u00e1s de 30 personas. Inscribir al 02324-15471579. &nbsp;<\/p>\n\n\n\n<p>S\u00c1BADO 20 DE MARZO \u2013 Inscripci\u00f3n para socios menores de todos los clubes, no m\u00e1s de 10 alumnos por instituci\u00f3n (se encargan las Sub Comisiones de cada club de inscribir). &nbsp;<\/p>\n\n\n\n<p>S\u00c1BADO 27 DE MARZO \u2013 Inscripci\u00f3n para no socios menores, no m\u00e1s de 30 personas.&nbsp;&nbsp;Inscribir al 02324-15471579. &nbsp;<\/p>\n\n\n\n<p>En caso de lluvias, la jornada se reprograma para el Domingo siguiente con la misma agenda establecida. &nbsp;<\/p>\n","protected":false},"excerpt":{"rendered":"<p>Informaci\u00f3n Municipal &#8211; El \u201cMes de la Inauguraci\u00f3n\u201d contar\u00e1 con un campeonato por s\u00e1bado, programado para que distintos actores de &#8230; <a title=\"Inaugurar\u00e1n las canchas profesionales de tenis en el Parque Municipal\" class=\"read-more\" href=\"https:\/\/www.hoymercedes.com.ar\/principal\/2021\/03\/05\/inauguraran-las-canchas-profesionales-de-tenis-en-el-parque-municipal\/\" aria-label=\"Leer m\u00e1s sobre Inaugurar\u00e1n las canchas profesionales de tenis en el Parque Municipal\">Leer m\u00e1s<\/a><\/p>\n","protected":false},"author":1,"featured_media":125793,"comment_status":"closed","ping_status":"open","sticky":false,"template":"","format":"standard","meta":{"_monsterinsights_skip_tracking":false,"_monsterinsights_sitenote_active":false,"_monsterinsights_sitenote_note":"","_monsterinsights_sitenote_category":0,"jetpack_post_was_ever_published":false,"_jetpack_newsletter_access":"","_jetpack_dont_email_post_to_subs":false,"_jetpack_newsletter_tier_id":0,"_jetpack_memberships_contains_paywalled_content":false,"_jetpack_memberships_contains_paid_content":false,"footnotes":"","jetpack_publicize_message":"","jetpack_publicize_feature_enabled":true,"jetpack_social_post_already_shared":true,"jetpack_social_options":{"image_generator_settings":{"template":"highway","default_image_id":0,"font":"","enabled":false},"version":2},"_wpas_customize_per_network":false},"categories":[21],"tags":[],"class_list":["post-125792","post","type-post","status-publish","format-standard","has-post-thumbnail","hentry","category-deportes","generate-columns","tablet-grid-50","mobile-grid-100","grid-parent","grid-50"],"jetpack_publicize_connections":[],"jetpack_featured_media_url":"https:\/\/www.hoymercedes.com.ar\/principal\/wp-content\/uploads\/2021\/03\/900-2.jpeg","wps_subtitle":"","jetpack_sharing_enabled":true,"jetpack-related-posts":[{"id":100110,"url":"https:\/\/www.hoymercedes.com.ar\/principal\/2019\/09\/20\/avanza-el-polideportivo-en-el-parque-municipal-con-obras-para-canchas-de-tenis\/","url_meta":{"origin":125792,"position":0},"title":"Avanza el polideportivo en el Parque Municipal con obras para canchas de tenis","author":"hoymercedes","date":"20 septiembre, 2019","format":false,"excerpt":"El Municipio de Mercedes avanza en las obras dispuestas en el parque nuevo para la construcci\u00f3n de un nuevo polideportivo a cielo abierto. Esta nueva obra se suma a los espacios municipales desarrollados en los \u00faltimos a\u00f1os que han cuantificado la infraestructura deportiva y recreativa en toda la ciudad. El\u2026","rel":"","context":"En \u00abDeportes\u00bb","block_context":{"text":"Deportes","link":"https:\/\/www.hoymercedes.com.ar\/principal\/category\/deportes\/"},"img":{"alt_text":"","src":"https:\/\/i0.wp.com\/www.hoymercedes.com.ar\/principal\/wp-content\/uploads\/2019\/09\/Homigonado-Tenis-Parque-4.jpeg?resize=350%2C200&ssl=1","width":350,"height":200,"srcset":"https:\/\/i0.wp.com\/www.hoymercedes.com.ar\/principal\/wp-content\/uploads\/2019\/09\/Homigonado-Tenis-Parque-4.jpeg?resize=350%2C200&ssl=1 1x, https:\/\/i0.wp.com\/www.hoymercedes.com.ar\/principal\/wp-content\/uploads\/2019\/09\/Homigonado-Tenis-Parque-4.jpeg?resize=525%2C300&ssl=1 1.5x, https:\/\/i0.wp.com\/www.hoymercedes.com.ar\/principal\/wp-content\/uploads\/2019\/09\/Homigonado-Tenis-Parque-4.jpeg?resize=700%2C400&ssl=1 2x, https:\/\/i0.wp.com\/www.hoymercedes.com.ar\/principal\/wp-content\/uploads\/2019\/09\/Homigonado-Tenis-Parque-4.jpeg?resize=1050%2C600&ssl=1 3x"},"classes":[]},{"id":125868,"url":"https:\/\/www.hoymercedes.com.ar\/principal\/2021\/03\/07\/municipio-inauguro-dos-canchas-de-tenis-profesional-en-el-parque\/","url_meta":{"origin":125792,"position":1},"title":"Municipio inaugur\u00f3 dos canchas de tenis profesional en el Parque","author":"hoymercedes","date":"7 marzo, 2021","format":false,"excerpt":"Informaci\u00f3n Municipal - El jefe comunal acompa\u00f1\u00f3 la actividad programada para dar inauguraci\u00f3n a las 2 canchas profesionales de tenis r\u00e1pido de cemento construidas en el polideportivo a cielo abierto del Parque Municipal. Hubo partidos de exhibici\u00f3n protocolizados. La obra estuvo planificada por la Direcci\u00f3n de Deportes. Son \u00fanicas en\u2026","rel":"","context":"En \u00abDeportes\u00bb","block_context":{"text":"Deportes","link":"https:\/\/www.hoymercedes.com.ar\/principal\/category\/deportes\/"},"img":{"alt_text":"","src":"https:\/\/i0.wp.com\/www.hoymercedes.com.ar\/principal\/wp-content\/uploads\/2021\/03\/DSC04760-e1615163792586.jpg?resize=350%2C200&ssl=1","width":350,"height":200,"srcset":"https:\/\/i0.wp.com\/www.hoymercedes.com.ar\/principal\/wp-content\/uploads\/2021\/03\/DSC04760-e1615163792586.jpg?resize=350%2C200&ssl=1 1x, https:\/\/i0.wp.com\/www.hoymercedes.com.ar\/principal\/wp-content\/uploads\/2021\/03\/DSC04760-e1615163792586.jpg?resize=525%2C300&ssl=1 1.5x, https:\/\/i0.wp.com\/www.hoymercedes.com.ar\/principal\/wp-content\/uploads\/2021\/03\/DSC04760-e1615163792586.jpg?resize=700%2C400&ssl=1 2x"},"classes":[]},{"id":127557,"url":"https:\/\/www.hoymercedes.com.ar\/principal\/2021\/04\/05\/jano-behro-el-mejor-en-el-parque-municipal\/","url_meta":{"origin":125792,"position":2},"title":"Jano Behro, el mejor en el Parque Municipal","author":"hoymercedes","date":"5 abril, 2021","format":false,"excerpt":"El pasado jueves se llev\u00f3 a cabo la tercera etapa del torneo de inauguraci\u00f3n de canchas municipales de tenis \u201cMary Ter\u00e1n de Weiss\u201d.\u00a0\u00a0Dicho evento est\u00e1 dirigido a los menores, disputado en la modalidad de singles, reuniendo 12 jugadores.\u00a0\u00a0 En tanto, los resultados del\u00a0 jueves 1 de abril fueron los siguientes:\u00a0\u2026","rel":"","context":"En \u00abDeportes\u00bb","block_context":{"text":"Deportes","link":"https:\/\/www.hoymercedes.com.ar\/principal\/category\/deportes\/"},"img":{"alt_text":"","src":"https:\/\/i0.wp.com\/www.hoymercedes.com.ar\/principal\/wp-content\/uploads\/2021\/04\/WhatsApp-Image-2021-04-05-at-12.12.47.jpeg?resize=350%2C200&ssl=1","width":350,"height":200,"srcset":"https:\/\/i0.wp.com\/www.hoymercedes.com.ar\/principal\/wp-content\/uploads\/2021\/04\/WhatsApp-Image-2021-04-05-at-12.12.47.jpeg?resize=350%2C200&ssl=1 1x, https:\/\/i0.wp.com\/www.hoymercedes.com.ar\/principal\/wp-content\/uploads\/2021\/04\/WhatsApp-Image-2021-04-05-at-12.12.47.jpeg?resize=525%2C300&ssl=1 1.5x, https:\/\/i0.wp.com\/www.hoymercedes.com.ar\/principal\/wp-content\/uploads\/2021\/04\/WhatsApp-Image-2021-04-05-at-12.12.47.jpeg?resize=700%2C400&ssl=1 2x"},"classes":[]},{"id":157617,"url":"https:\/\/www.hoymercedes.com.ar\/principal\/2023\/01\/24\/avanza-la-construccion-del-sum-del-parque-municipal\/","url_meta":{"origin":125792,"position":3},"title":"Avanza la construcci\u00f3n del SUM del Parque Municipal","author":"hoymercedes","date":"24 enero, 2023","format":false,"excerpt":"En el polideportivo a cielo abierto de la Direcci\u00f3n de Deportes en el Parque Municipal contin\u00faa la construcci\u00f3n de un impresionante Sal\u00f3n de Usos M\u00faltiples que permitir\u00e1 desarrollar actividades de distintos \u00f3rdenes. \"Es una nueva infraestructura que estar\u00e1 disponible para nuestra comunidad. Podr\u00e1n efectuarse conferencias, capacitaciones, intervenciones deportivas, acciones educativas\u2026","rel":"","context":"En \u00abMunicipio\u00bb","block_context":{"text":"Municipio","link":"https:\/\/www.hoymercedes.com.ar\/principal\/category\/municipio\/"},"img":{"alt_text":"","src":"https:\/\/i0.wp.com\/www.hoymercedes.com.ar\/principal\/wp-content\/uploads\/2023\/01\/Sum-Deportes.1.jpg?resize=350%2C200&ssl=1","width":350,"height":200,"srcset":"https:\/\/i0.wp.com\/www.hoymercedes.com.ar\/principal\/wp-content\/uploads\/2023\/01\/Sum-Deportes.1.jpg?resize=350%2C200&ssl=1 1x, https:\/\/i0.wp.com\/www.hoymercedes.com.ar\/principal\/wp-content\/uploads\/2023\/01\/Sum-Deportes.1.jpg?resize=525%2C300&ssl=1 1.5x, https:\/\/i0.wp.com\/www.hoymercedes.com.ar\/principal\/wp-content\/uploads\/2023\/01\/Sum-Deportes.1.jpg?resize=700%2C400&ssl=1 2x"},"classes":[]},{"id":126013,"url":"https:\/\/www.hoymercedes.com.ar\/principal\/2021\/03\/09\/deportes-realiza-paseos-y-cursos-de-kayak-gratis-en-el-parque\/","url_meta":{"origin":125792,"position":4},"title":"Deportes  realiza paseos y cursos de kayak gratis en el Parque","author":"hoymercedes","date":"9 marzo, 2021","format":false,"excerpt":"Desde hace unas semanas, el \u00e1rea de Deportes del Municipio comenz\u00f3 con actividades abiertas al p\u00fablico en el Parque Municipal. Con el r\u00edo a un costado, una de las actividades que m\u00e1s llaman la atenci\u00f3n son los paseos en kayak. Las familias pueden solicitar el paseo a los profesores e\u2026","rel":"","context":"En \u00abDeportes\u00bb","block_context":{"text":"Deportes","link":"https:\/\/www.hoymercedes.com.ar\/principal\/category\/deportes\/"},"img":{"alt_text":"","src":"https:\/\/i0.wp.com\/www.hoymercedes.com.ar\/principal\/wp-content\/uploads\/2021\/03\/Kayaks-2.jpeg?resize=350%2C200&ssl=1","width":350,"height":200,"srcset":"https:\/\/i0.wp.com\/www.hoymercedes.com.ar\/principal\/wp-content\/uploads\/2021\/03\/Kayaks-2.jpeg?resize=350%2C200&ssl=1 1x, https:\/\/i0.wp.com\/www.hoymercedes.com.ar\/principal\/wp-content\/uploads\/2021\/03\/Kayaks-2.jpeg?resize=525%2C300&ssl=1 1.5x, https:\/\/i0.wp.com\/www.hoymercedes.com.ar\/principal\/wp-content\/uploads\/2021\/03\/Kayaks-2.jpeg?resize=700%2C400&ssl=1 2x"},"classes":[]},{"id":129835,"url":"https:\/\/www.hoymercedes.com.ar\/principal\/2021\/05\/09\/instalaron-en-el-parque-un-campamento-recreativo-deportivo-y-pedagogico\/","url_meta":{"origin":125792,"position":5},"title":"Instalaron en el Parque un \u00abcampamento recreativo, deportivo y pedag\u00f3gico\u00bb","author":"hoymercedes","date":"9 mayo, 2021","format":false,"excerpt":"Por Prensa Municipal - El intendente de Mercedes Juan Ignacio Ustarroz recorri\u00f3 las obras del nuevo \u201ccampamento\u201d en polideportivo a cielo abierto que la direcci\u00f3n de deportes contin\u00faa construyendo en el Parque Municipal. All\u00ed mismo ya se inauguraron las canchas de tenis profesionales \u00fanicas en la zona, la escuela de\u2026","rel":"","context":"En \u00abDeportes\u00bb","block_context":{"text":"Deportes","link":"https:\/\/www.hoymercedes.com.ar\/principal\/category\/deportes\/"},"img":{"alt_text":"","src":"https:\/\/i0.wp.com\/www.hoymercedes.com.ar\/principal\/wp-content\/uploads\/2021\/05\/DSC06653-e1620597149240.jpg?resize=350%2C200&ssl=1","width":350,"height":200,"srcset":"https:\/\/i0.wp.com\/www.hoymercedes.com.ar\/principal\/wp-content\/uploads\/2021\/05\/DSC06653-e1620597149240.jpg?resize=350%2C200&ssl=1 1x, https:\/\/i0.wp.com\/www.hoymercedes.com.ar\/principal\/wp-content\/uploads\/2021\/05\/DSC06653-e1620597149240.jpg?resize=525%2C300&ssl=1 1.5x, https:\/\/i0.wp.com\/www.hoymercedes.com.ar\/principal\/wp-content\/uploads\/2021\/05\/DSC06653-e1620597149240.jpg?resize=700%2C400&ssl=1 2x"},"classes":[]}],"_links":{"self":[{"href":"https:\/\/www.hoymercedes.com.ar\/principal\/wp-json\/wp\/v2\/posts\/125792","targetHints":{"allow":["GET"]}}],"collection":[{"href":"https:\/\/www.hoymercedes.com.ar\/principal\/wp-json\/wp\/v2\/posts"}],"about":[{"href":"https:\/\/www.hoymercedes.com.ar\/principal\/wp-json\/wp\/v2\/types\/post"}],"author":[{"embeddable":true,"href":"https:\/\/www.hoymercedes.com.ar\/principal\/wp-json\/wp\/v2\/users\/1"}],"replies":[{"embeddable":true,"href":"https:\/\/www.hoymercedes.com.ar\/principal\/wp-json\/wp\/v2\/comments?post=125792"}],"version-history":[{"count":0,"href":"https:\/\/www.hoymercedes.com.ar\/principal\/wp-json\/wp\/v2\/posts\/125792\/revisions"}],"wp:featuredmedia":[{"embeddable":true,"href":"https:\/\/www.hoymercedes.com.ar\/principal\/wp-json\/wp\/v2\/media\/125793"}],"wp:attachment":[{"href":"https:\/\/www.hoymercedes.com.ar\/principal\/wp-json\/wp\/v2\/media?parent=125792"}],"wp:term":[{"taxonomy":"category","embeddable":true,"href":"https:\/\/www.hoymercedes.com.ar\/principal\/wp-json\/wp\/v2\/categories?post=125792"},{"taxonomy":"post_tag","embeddable":true,"href":"https:\/\/www.hoymercedes.com.ar\/principal\/wp-json\/wp\/v2\/tags?post=125792"}],"curies":[{"name":"wp","href":"https:\/\/api.w.org\/{rel}","templated":true}]}}