{"id":125800,"date":"2021-03-05T15:05:00","date_gmt":"2021-03-05T18:05:00","guid":{"rendered":"http:\/\/www.hoymercedes.com.ar\/principal\/?p=125800"},"modified":"2021-03-05T15:01:03","modified_gmt":"2021-03-05T18:01:03","slug":"comite-de-crisis-evaluo-la-situacion-epidemiologica-y-amplio-horario-comercial","status":"publish","type":"post","link":"https:\/\/www.hoymercedes.com.ar\/principal\/2021\/03\/05\/comite-de-crisis-evaluo-la-situacion-epidemiologica-y-amplio-horario-comercial\/","title":{"rendered":"Comit\u00e9 de Crisis evalu\u00f3 la situaci\u00f3n epidemiol\u00f3gica y ampli\u00f3 horario comercial"},"content":{"rendered":"\n<p>Informaci\u00f3n Municipal &#8211; Convocada por el intendente Ustarroz se llev\u00f3 a cabo una nueva reuni\u00f3n del Comit\u00e9 de Crisis de nuestra ciudad. Hubo presencia de instituciones, \u00e1reas de gesti\u00f3n, j\u00f3venes, representantes del concejo y comerciantes. Se debatieron varias cuestiones de inter\u00e9s, como ser la actualidad epidemiol\u00f3gica de la ciudad, la nocturnidad, la campa\u00f1a de vacunaci\u00f3n y el inicio de clases. \u00a0<\/p>\n\n\n\n<div class=\"wp-block-image\"><figure class=\"aligncenter size-large\"><img loading=\"lazy\" decoding=\"async\" width=\"800\" height=\"534\" data-attachment-id=\"125802\" data-permalink=\"https:\/\/www.hoymercedes.com.ar\/principal\/2021\/03\/05\/comite-de-crisis-evaluo-la-situacion-epidemiologica-y-amplio-horario-comercial\/evtmzpkwqaamm66-1\/#main\" data-orig-file=\"https:\/\/www.hoymercedes.com.ar\/principal\/wp-content\/uploads\/2021\/03\/EvtmzpKWQAAMm66-1.jpg\" data-orig-size=\"800,534\" data-comments-opened=\"0\" data-image-meta=\"{&quot;aperture&quot;:&quot;0&quot;,&quot;credit&quot;:&quot;&quot;,&quot;camera&quot;:&quot;&quot;,&quot;caption&quot;:&quot;&quot;,&quot;created_timestamp&quot;:&quot;1614955988&quot;,&quot;copyright&quot;:&quot;&quot;,&quot;focal_length&quot;:&quot;0&quot;,&quot;iso&quot;:&quot;0&quot;,&quot;shutter_speed&quot;:&quot;0&quot;,&quot;title&quot;:&quot;&quot;,&quot;orientation&quot;:&quot;1&quot;}\" data-image-title=\"EvtmzpKWQAAMm66 (1)\" data-image-description=\"\" data-image-caption=\"\" data-large-file=\"https:\/\/www.hoymercedes.com.ar\/principal\/wp-content\/uploads\/2021\/03\/EvtmzpKWQAAMm66-1.jpg\" src=\"https:\/\/www.hoymercedes.com.ar\/principal\/wp-content\/uploads\/2021\/03\/EvtmzpKWQAAMm66-1.jpg\" alt=\"\" class=\"wp-image-125802\" srcset=\"https:\/\/www.hoymercedes.com.ar\/principal\/wp-content\/uploads\/2021\/03\/EvtmzpKWQAAMm66-1.jpg 800w, https:\/\/www.hoymercedes.com.ar\/principal\/wp-content\/uploads\/2021\/03\/EvtmzpKWQAAMm66-1-630x421.jpg 630w, https:\/\/www.hoymercedes.com.ar\/principal\/wp-content\/uploads\/2021\/03\/EvtmzpKWQAAMm66-1-150x100.jpg 150w\" sizes=\"auto, (max-width: 800px) 100vw, 800px\" \/><\/figure><\/div>\n\n\n\n<p>Se inform\u00f3 tanto desde el Hospital por parte del Dr. Cassiani como del Dr Laporta por la Cl\u00ednica que la situaci\u00f3n est\u00e1 moment\u00e1neamente controlada, que de momento no hay en terapia pacientes covid, si por otras afecciones, solicitando no bajar la guardia, en muchos lugares existen las denominadas segundas olas y en Mercedes \u201ctrabajamos para que no llegue, por eso que esta relativa tranquilidad no obliga a estar m\u00e1s alertas que nunca\u201d. &nbsp;<\/p>\n\n\n\n<p>Tras escuchar las exposiciones de representantes de restaurantes, bares y espacios de nocturnidad, determin\u00f3 el Comit\u00e9 de Crisis brindar una extensi\u00f3n de apertura hasta las 05.00hs con estrictos cuidados socio sanitarios y de distanciamientos. Esta medida permite y fomenta la actividad econ\u00f3mica y tambi\u00e9n evita el reunionismo no protocolizado. &nbsp;<\/p>\n\n\n\n<p>\u201cEs muy importante la participaci\u00f3n de las y los j\u00f3venes en el Comit\u00e9\u201d destac\u00f3 el intendente ante los representantes de Centro de Estudiantes promoviendo \u201cel cuidado\u201d y el compromiso que han adquirido ante el inicio de clases, un tema tambi\u00e9n debatido. &nbsp;<\/p>\n\n\n\n<p>Se dieron detalles de la campa\u00f1a de vacunaci\u00f3n, que el 80% de los docentes y auxiliares en educaci\u00f3n est\u00e1n inscriptos y que nuestra localidad tiene m\u00e1s de 17.000 vecinos y vecinas inscriptos en Provincia para recibir la vacuna. &nbsp;<\/p>\n\n\n\n<p>Ahora el Centro de Vacunaci\u00f3n, se detall\u00f3, se muda al MAMM dado el inicio del ciclo lectivo. Tambi\u00e9n desde la secretar\u00eda de salud se brindaron pormenores de los intercambios entre distintos \u00e1mbitos e instituciones. &nbsp;<\/p>\n\n\n\n<p>El Comit\u00e9, adem\u00e1s, mantuvo un fluido intercambio de opiniones y reflexiones sobre diversos temas.\u00a0<\/p>\n\n\n\n<div class=\"wp-block-image\"><figure class=\"aligncenter size-large\"><img loading=\"lazy\" decoding=\"async\" width=\"800\" height=\"534\" data-attachment-id=\"125801\" data-permalink=\"https:\/\/www.hoymercedes.com.ar\/principal\/2021\/03\/05\/comite-de-crisis-evaluo-la-situacion-epidemiologica-y-amplio-horario-comercial\/evtmx3-xeamtutq\/#main\" data-orig-file=\"https:\/\/www.hoymercedes.com.ar\/principal\/wp-content\/uploads\/2021\/03\/Evtmx3-XEAMtUTQ.jpg\" data-orig-size=\"800,534\" data-comments-opened=\"0\" data-image-meta=\"{&quot;aperture&quot;:&quot;0&quot;,&quot;credit&quot;:&quot;&quot;,&quot;camera&quot;:&quot;&quot;,&quot;caption&quot;:&quot;&quot;,&quot;created_timestamp&quot;:&quot;1614955284&quot;,&quot;copyright&quot;:&quot;&quot;,&quot;focal_length&quot;:&quot;0&quot;,&quot;iso&quot;:&quot;0&quot;,&quot;shutter_speed&quot;:&quot;0&quot;,&quot;title&quot;:&quot;&quot;,&quot;orientation&quot;:&quot;1&quot;}\" data-image-title=\"Evtmx3-XEAMtUTQ\" data-image-description=\"\" data-image-caption=\"\" data-large-file=\"https:\/\/www.hoymercedes.com.ar\/principal\/wp-content\/uploads\/2021\/03\/Evtmx3-XEAMtUTQ.jpg\" src=\"https:\/\/www.hoymercedes.com.ar\/principal\/wp-content\/uploads\/2021\/03\/Evtmx3-XEAMtUTQ.jpg\" alt=\"\" class=\"wp-image-125801\" srcset=\"https:\/\/www.hoymercedes.com.ar\/principal\/wp-content\/uploads\/2021\/03\/Evtmx3-XEAMtUTQ.jpg 800w, https:\/\/www.hoymercedes.com.ar\/principal\/wp-content\/uploads\/2021\/03\/Evtmx3-XEAMtUTQ-630x421.jpg 630w, https:\/\/www.hoymercedes.com.ar\/principal\/wp-content\/uploads\/2021\/03\/Evtmx3-XEAMtUTQ-150x100.jpg 150w\" sizes=\"auto, (max-width: 800px) 100vw, 800px\" \/><\/figure><\/div>\n","protected":false},"excerpt":{"rendered":"<p>Informaci\u00f3n Municipal &#8211; Convocada por el intendente Ustarroz se llev\u00f3 a cabo una nueva reuni\u00f3n del Comit\u00e9 de Crisis de &#8230; <a title=\"Comit\u00e9 de Crisis evalu\u00f3 la situaci\u00f3n epidemiol\u00f3gica y ampli\u00f3 horario comercial\" class=\"read-more\" href=\"https:\/\/www.hoymercedes.com.ar\/principal\/2021\/03\/05\/comite-de-crisis-evaluo-la-situacion-epidemiologica-y-amplio-horario-comercial\/\" aria-label=\"Leer m\u00e1s sobre Comit\u00e9 de Crisis evalu\u00f3 la situaci\u00f3n epidemiol\u00f3gica y ampli\u00f3 horario comercial\">Leer m\u00e1s<\/a><\/p>\n","protected":false},"author":1,"featured_media":125801,"comment_status":"closed","ping_status":"open","sticky":false,"template":"","format":"standard","meta":{"_monsterinsights_skip_tracking":false,"_monsterinsights_sitenote_active":false,"_monsterinsights_sitenote_note":"","_monsterinsights_sitenote_category":0,"jetpack_post_was_ever_published":false,"_jetpack_newsletter_access":"","_jetpack_dont_email_post_to_subs":false,"_jetpack_newsletter_tier_id":0,"_jetpack_memberships_contains_paywalled_content":false,"_jetpack_memberships_contains_paid_content":false,"footnotes":"","jetpack_publicize_message":"","jetpack_publicize_feature_enabled":true,"jetpack_social_post_already_shared":true,"jetpack_social_options":{"image_generator_settings":{"template":"highway","default_image_id":0,"font":"","enabled":false},"version":2},"_wpas_customize_per_network":false},"categories":[30],"tags":[],"class_list":["post-125800","post","type-post","status-publish","format-standard","has-post-thumbnail","hentry","category-municipio","generate-columns","tablet-grid-50","mobile-grid-100","grid-parent","grid-50"],"jetpack_publicize_connections":[],"jetpack_featured_media_url":"https:\/\/www.hoymercedes.com.ar\/principal\/wp-content\/uploads\/2021\/03\/Evtmx3-XEAMtUTQ.jpg","wps_subtitle":"","jetpack_sharing_enabled":true,"jetpack-related-posts":[{"id":111686,"url":"https:\/\/www.hoymercedes.com.ar\/principal\/2020\/06\/05\/coronavirus-nueva-reunion-del-comite-de-crisis\/","url_meta":{"origin":125800,"position":0},"title":"Coronavirus: nueva reuni\u00f3n del Comit\u00e9 de Crisis","author":"hoymercedes","date":"5 junio, 2020","format":false,"excerpt":"El intendente Juan I. Ustarroz convoc\u00f3 a primera hora de este viernes al Comit\u00e9 de Crisis. La reuni\u00f3n permiti\u00f3 un an\u00e1lisis fino de la situaci\u00f3n epidemiol\u00f3gica de la ciudad y de las novedades con los nuevos casos de covid-19 y el cierre del barrio Ravello. Se explic\u00f3 c\u00f3mo fue el\u2026","rel":"","context":"En \u00abSociedad\u00bb","block_context":{"text":"Sociedad","link":"https:\/\/www.hoymercedes.com.ar\/principal\/category\/sociedad\/"},"img":{"alt_text":"","src":"https:\/\/i0.wp.com\/www.hoymercedes.com.ar\/principal\/wp-content\/uploads\/2020\/06\/comitedecrisis05.06.22020.jpeg?resize=350%2C200&ssl=1","width":350,"height":200,"srcset":"https:\/\/i0.wp.com\/www.hoymercedes.com.ar\/principal\/wp-content\/uploads\/2020\/06\/comitedecrisis05.06.22020.jpeg?resize=350%2C200&ssl=1 1x, https:\/\/i0.wp.com\/www.hoymercedes.com.ar\/principal\/wp-content\/uploads\/2020\/06\/comitedecrisis05.06.22020.jpeg?resize=525%2C300&ssl=1 1.5x, https:\/\/i0.wp.com\/www.hoymercedes.com.ar\/principal\/wp-content\/uploads\/2020\/06\/comitedecrisis05.06.22020.jpeg?resize=700%2C400&ssl=1 2x, https:\/\/i0.wp.com\/www.hoymercedes.com.ar\/principal\/wp-content\/uploads\/2020\/06\/comitedecrisis05.06.22020.jpeg?resize=1050%2C600&ssl=1 3x"},"classes":[]},{"id":132531,"url":"https:\/\/www.hoymercedes.com.ar\/principal\/2021\/06\/28\/se-reune-el-comite-de-crisis-de-mercedes\/","url_meta":{"origin":125800,"position":1},"title":"\u00bfFase 3?: Se re\u00fane el comit\u00e9 de crisis de Mercedes","author":"hoymercedes","date":"28 junio, 2021","format":false,"excerpt":"#ahora Se desarolla un nuevo encuentro del Comit\u00e9 de Crisis. Representantes de Instituciones, partidos pol\u00edticos, \u00e1reas de gesti\u00f3n, actores sociales, profesionales, sistema de salud, entre otros, est\u00e1n en la sala grande del teatro analizando el sistema epidemiol\u00f3gico actual de la ciudad. Se espera la definici\u00f3n de la provincia en cuanto\u2026","rel":"","context":"En \u00abSociedad\u00bb","block_context":{"text":"Sociedad","link":"https:\/\/www.hoymercedes.com.ar\/principal\/category\/sociedad\/"},"img":{"alt_text":"","src":"https:\/\/i0.wp.com\/www.hoymercedes.com.ar\/principal\/wp-content\/uploads\/2021\/06\/IMG_20210628_090848.jpg?resize=350%2C200&ssl=1","width":350,"height":200,"srcset":"https:\/\/i0.wp.com\/www.hoymercedes.com.ar\/principal\/wp-content\/uploads\/2021\/06\/IMG_20210628_090848.jpg?resize=350%2C200&ssl=1 1x, https:\/\/i0.wp.com\/www.hoymercedes.com.ar\/principal\/wp-content\/uploads\/2021\/06\/IMG_20210628_090848.jpg?resize=525%2C300&ssl=1 1.5x, https:\/\/i0.wp.com\/www.hoymercedes.com.ar\/principal\/wp-content\/uploads\/2021\/06\/IMG_20210628_090848.jpg?resize=700%2C400&ssl=1 2x, https:\/\/i0.wp.com\/www.hoymercedes.com.ar\/principal\/wp-content\/uploads\/2021\/06\/IMG_20210628_090848.jpg?resize=1050%2C600&ssl=1 3x, https:\/\/i0.wp.com\/www.hoymercedes.com.ar\/principal\/wp-content\/uploads\/2021\/06\/IMG_20210628_090848.jpg?resize=1400%2C800&ssl=1 4x"},"classes":[]},{"id":124478,"url":"https:\/\/www.hoymercedes.com.ar\/principal\/2021\/02\/08\/se-reunio-el-comite-de-crisis\/","url_meta":{"origin":125800,"position":2},"title":"Se reuni\u00f3 el Comit\u00e9 de Crisis","author":"hoymercedes","date":"8 febrero, 2021","format":false,"excerpt":"Hace minutos termin\u00f3 la reuni\u00f3n del Comite de Crisis. Trabajaron en distintos dispositivos y herramientas de cuidado, entre ellos la extensi\u00f3n horaria para los negocios hasta las 2, tal la autorizaci\u00f3n provincial. Adem\u00e1s de analizar la situaci\u00f3n epidemiol\u00f3gica de la ciudad con instituciones, representantes sociales y \u00e1reas de gesti\u00f3n. El\u2026","rel":"","context":"En \u00abSalud\u00bb","block_context":{"text":"Salud","link":"https:\/\/www.hoymercedes.com.ar\/principal\/category\/salud\/"},"img":{"alt_text":"","src":"https:\/\/i0.wp.com\/www.hoymercedes.com.ar\/principal\/wp-content\/uploads\/2021\/02\/IMG_20210208_090538-e1612789578341.jpg?resize=350%2C200&ssl=1","width":350,"height":200,"srcset":"https:\/\/i0.wp.com\/www.hoymercedes.com.ar\/principal\/wp-content\/uploads\/2021\/02\/IMG_20210208_090538-e1612789578341.jpg?resize=350%2C200&ssl=1 1x, https:\/\/i0.wp.com\/www.hoymercedes.com.ar\/principal\/wp-content\/uploads\/2021\/02\/IMG_20210208_090538-e1612789578341.jpg?resize=525%2C300&ssl=1 1.5x, https:\/\/i0.wp.com\/www.hoymercedes.com.ar\/principal\/wp-content\/uploads\/2021\/02\/IMG_20210208_090538-e1612789578341.jpg?resize=700%2C400&ssl=1 2x"},"classes":[]},{"id":112669,"url":"https:\/\/www.hoymercedes.com.ar\/principal\/2020\/06\/26\/nueva-reunion-del-comite-de-crisis-para-analizar-la-situacion-epidemiologica\/","url_meta":{"origin":125800,"position":3},"title":"Nueva reuni\u00f3n del Comit\u00e9 de Crisis para analizar la situaci\u00f3n epidemiol\u00f3gica","author":"hoymercedes","date":"26 junio, 2020","format":false,"excerpt":"En la ma\u00f1ana de este viernes, se llev\u00f3 adelante una nueva reuni\u00f3n del Comit\u00e9 de Crisis con el fin de analizar la situaci\u00f3n epidemiol\u00f3gica ante la confirmaci\u00f3n de cinco casos positivos el d\u00eda mi\u00e9rcoles y a la espera de resultados de an\u00e1lisis realizados a los contactos estrechos de los pacientes.\u2026","rel":"","context":"En \u00abMunicipio\u00bb","block_context":{"text":"Municipio","link":"https:\/\/www.hoymercedes.com.ar\/principal\/category\/municipio\/"},"img":{"alt_text":"","src":"https:\/\/i0.wp.com\/www.hoymercedes.com.ar\/principal\/wp-content\/uploads\/2020\/06\/26-Comite-de-Crisis.jpeg?resize=350%2C200&ssl=1","width":350,"height":200,"srcset":"https:\/\/i0.wp.com\/www.hoymercedes.com.ar\/principal\/wp-content\/uploads\/2020\/06\/26-Comite-de-Crisis.jpeg?resize=350%2C200&ssl=1 1x, https:\/\/i0.wp.com\/www.hoymercedes.com.ar\/principal\/wp-content\/uploads\/2020\/06\/26-Comite-de-Crisis.jpeg?resize=525%2C300&ssl=1 1.5x, https:\/\/i0.wp.com\/www.hoymercedes.com.ar\/principal\/wp-content\/uploads\/2020\/06\/26-Comite-de-Crisis.jpeg?resize=700%2C400&ssl=1 2x"},"classes":[]},{"id":133818,"url":"https:\/\/www.hoymercedes.com.ar\/principal\/2021\/07\/22\/reunion-del-comite-de-crisis-evaluan-situacion-epidemiologica-actual\/","url_meta":{"origin":125800,"position":4},"title":"Reuni\u00f3n del Comit\u00e9 de Crisis: eval\u00faan situaci\u00f3n epidemiol\u00f3gica actual","author":"hoymercedes","date":"22 julio, 2021","format":false,"excerpt":"En las primeras horas de la ma\u00f1ana del jueves, volvieron a reunirse los representantes de la instituciones que integran el Comit\u00e9 de Crisis. En esta oportunidad para hacer una nueva evaluaci\u00f3n sobre la situaci\u00f3n epidemiol\u00f3gica de Mercedes ante la baja de positivos de covid diarios y del bajo porcentaje en\u2026","rel":"","context":"En \u00abMunicipio\u00bb","block_context":{"text":"Municipio","link":"https:\/\/www.hoymercedes.com.ar\/principal\/category\/municipio\/"},"img":{"alt_text":"","src":"https:\/\/i0.wp.com\/www.hoymercedes.com.ar\/principal\/wp-content\/uploads\/2021\/07\/22-comite-crisis-2.jpg?resize=350%2C200&ssl=1","width":350,"height":200,"srcset":"https:\/\/i0.wp.com\/www.hoymercedes.com.ar\/principal\/wp-content\/uploads\/2021\/07\/22-comite-crisis-2.jpg?resize=350%2C200&ssl=1 1x, https:\/\/i0.wp.com\/www.hoymercedes.com.ar\/principal\/wp-content\/uploads\/2021\/07\/22-comite-crisis-2.jpg?resize=525%2C300&ssl=1 1.5x, https:\/\/i0.wp.com\/www.hoymercedes.com.ar\/principal\/wp-content\/uploads\/2021\/07\/22-comite-crisis-2.jpg?resize=700%2C400&ssl=1 2x"},"classes":[]},{"id":111793,"url":"https:\/\/www.hoymercedes.com.ar\/principal\/2020\/06\/06\/comite-de-crisis-define-la-administracion-de-la-cuarentena-en-la-ciudad\/","url_meta":{"origin":125800,"position":5},"title":"Comit\u00e9 de Crisis define la administraci\u00f3n de la cuarentena en la ciudad","author":"hoymercedes","date":"6 junio, 2020","format":false,"excerpt":"El pasado viernes se llev\u00f3 a cabo una nueva reuni\u00f3n del Comit\u00e9 de Crisis. Convocada por el intendente Ustarroz se realiz\u00f3 con el objetivo de seguir analizando la situaci\u00f3n epidemiol\u00f3gica de la ciudad, las medidas adoptadas y las que se seguir\u00e1n tomando. Se reiter\u00f3 que se vive una realidad din\u00e1mica\u2026","rel":"","context":"En \u00abSociedad\u00bb","block_context":{"text":"Sociedad","link":"https:\/\/www.hoymercedes.com.ar\/principal\/category\/sociedad\/"},"img":{"alt_text":"","src":"https:\/\/i0.wp.com\/www.hoymercedes.com.ar\/principal\/wp-content\/uploads\/2020\/06\/06-muni-comi-crisi.jpeg?resize=350%2C200&ssl=1","width":350,"height":200,"srcset":"https:\/\/i0.wp.com\/www.hoymercedes.com.ar\/principal\/wp-content\/uploads\/2020\/06\/06-muni-comi-crisi.jpeg?resize=350%2C200&ssl=1 1x, https:\/\/i0.wp.com\/www.hoymercedes.com.ar\/principal\/wp-content\/uploads\/2020\/06\/06-muni-comi-crisi.jpeg?resize=525%2C300&ssl=1 1.5x, https:\/\/i0.wp.com\/www.hoymercedes.com.ar\/principal\/wp-content\/uploads\/2020\/06\/06-muni-comi-crisi.jpeg?resize=700%2C400&ssl=1 2x"},"classes":[]}],"_links":{"self":[{"href":"https:\/\/www.hoymercedes.com.ar\/principal\/wp-json\/wp\/v2\/posts\/125800","targetHints":{"allow":["GET"]}}],"collection":[{"href":"https:\/\/www.hoymercedes.com.ar\/principal\/wp-json\/wp\/v2\/posts"}],"about":[{"href":"https:\/\/www.hoymercedes.com.ar\/principal\/wp-json\/wp\/v2\/types\/post"}],"author":[{"embeddable":true,"href":"https:\/\/www.hoymercedes.com.ar\/principal\/wp-json\/wp\/v2\/users\/1"}],"replies":[{"embeddable":true,"href":"https:\/\/www.hoymercedes.com.ar\/principal\/wp-json\/wp\/v2\/comments?post=125800"}],"version-history":[{"count":0,"href":"https:\/\/www.hoymercedes.com.ar\/principal\/wp-json\/wp\/v2\/posts\/125800\/revisions"}],"wp:featuredmedia":[{"embeddable":true,"href":"https:\/\/www.hoymercedes.com.ar\/principal\/wp-json\/wp\/v2\/media\/125801"}],"wp:attachment":[{"href":"https:\/\/www.hoymercedes.com.ar\/principal\/wp-json\/wp\/v2\/media?parent=125800"}],"wp:term":[{"taxonomy":"category","embeddable":true,"href":"https:\/\/www.hoymercedes.com.ar\/principal\/wp-json\/wp\/v2\/categories?post=125800"},{"taxonomy":"post_tag","embeddable":true,"href":"https:\/\/www.hoymercedes.com.ar\/principal\/wp-json\/wp\/v2\/tags?post=125800"}],"curies":[{"name":"wp","href":"https:\/\/api.w.org\/{rel}","templated":true}]}}