{"id":125813,"date":"2021-03-05T21:40:42","date_gmt":"2021-03-06T00:40:42","guid":{"rendered":"http:\/\/www.hoymercedes.com.ar\/principal\/?p=125813"},"modified":"2021-03-05T21:40:48","modified_gmt":"2021-03-06T00:40:48","slug":"ocho-nuevos-confirmados-mas-casos-positivos-de-covid-en-mercedes","status":"publish","type":"post","link":"https:\/\/www.hoymercedes.com.ar\/principal\/2021\/03\/05\/ocho-nuevos-confirmados-mas-casos-positivos-de-covid-en-mercedes\/","title":{"rendered":"Ocho nuevos confirmados: M\u00e1s casos positivos de covid en Mercedes"},"content":{"rendered":"\n<p>El parte oficial de la situaci\u00f3n epidemiol\u00f3gica de Mercedes confirma 8 nuevos positivos de covid-19 entre los 32 an\u00e1lisis procesados este viernes por el Laboratorio de Virolog\u00eda Molecular del Hospital Blas L. Dubarry. Inform\u00f3, adem\u00e1s, 10 pacientes los que obtuvieron el alta en el d\u00eda de la fecha al transcurrir los d\u00edas de aislamiento de acuerdo a los protocolos vigentes. <\/p>\n\n\n\n<div class=\"wp-block-image\"><figure class=\"aligncenter size-large\"><img loading=\"lazy\" decoding=\"async\" width=\"800\" height=\"800\" data-attachment-id=\"125815\" data-permalink=\"https:\/\/www.hoymercedes.com.ar\/principal\/2021\/03\/05\/ocho-nuevos-confirmados-mas-casos-positivos-de-covid-en-mercedes\/whatsapp-image-2021-03-05-at-20-58-56\/#main\" data-orig-file=\"https:\/\/www.hoymercedes.com.ar\/principal\/wp-content\/uploads\/2021\/03\/WhatsApp-Image-2021-03-05-at-20.58.56.jpeg\" data-orig-size=\"800,800\" data-comments-opened=\"0\" data-image-meta=\"{&quot;aperture&quot;:&quot;0&quot;,&quot;credit&quot;:&quot;&quot;,&quot;camera&quot;:&quot;&quot;,&quot;caption&quot;:&quot;&quot;,&quot;created_timestamp&quot;:&quot;0&quot;,&quot;copyright&quot;:&quot;&quot;,&quot;focal_length&quot;:&quot;0&quot;,&quot;iso&quot;:&quot;0&quot;,&quot;shutter_speed&quot;:&quot;0&quot;,&quot;title&quot;:&quot;&quot;,&quot;orientation&quot;:&quot;0&quot;}\" data-image-title=\"WhatsApp Image 2021-03-05 at 20.58.56\" data-image-description=\"\" data-image-caption=\"\" data-large-file=\"https:\/\/www.hoymercedes.com.ar\/principal\/wp-content\/uploads\/2021\/03\/WhatsApp-Image-2021-03-05-at-20.58.56.jpeg\" src=\"https:\/\/www.hoymercedes.com.ar\/principal\/wp-content\/uploads\/2021\/03\/WhatsApp-Image-2021-03-05-at-20.58.56.jpeg\" alt=\"\" class=\"wp-image-125815\" srcset=\"https:\/\/www.hoymercedes.com.ar\/principal\/wp-content\/uploads\/2021\/03\/WhatsApp-Image-2021-03-05-at-20.58.56.jpeg 800w, https:\/\/www.hoymercedes.com.ar\/principal\/wp-content\/uploads\/2021\/03\/WhatsApp-Image-2021-03-05-at-20.58.56-620x620.jpeg 620w, https:\/\/www.hoymercedes.com.ar\/principal\/wp-content\/uploads\/2021\/03\/WhatsApp-Image-2021-03-05-at-20.58.56-150x150.jpeg 150w\" sizes=\"auto, (max-width: 800px) 100vw, 800px\" \/><\/figure><\/div>\n","protected":false},"excerpt":{"rendered":"<p>El parte oficial de la situaci\u00f3n epidemiol\u00f3gica de Mercedes confirma 8 nuevos positivos de covid-19 entre los 32 an\u00e1lisis procesados &#8230; <a title=\"Ocho nuevos confirmados: M\u00e1s casos positivos de covid en Mercedes\" class=\"read-more\" href=\"https:\/\/www.hoymercedes.com.ar\/principal\/2021\/03\/05\/ocho-nuevos-confirmados-mas-casos-positivos-de-covid-en-mercedes\/\" aria-label=\"Leer m\u00e1s sobre Ocho nuevos confirmados: M\u00e1s casos positivos de covid en Mercedes\">Leer m\u00e1s<\/a><\/p>\n","protected":false},"author":1,"featured_media":125815,"comment_status":"closed","ping_status":"open","sticky":false,"template":"","format":"standard","meta":{"_monsterinsights_skip_tracking":false,"_monsterinsights_sitenote_active":false,"_monsterinsights_sitenote_note":"","_monsterinsights_sitenote_category":0,"jetpack_post_was_ever_published":false,"_jetpack_newsletter_access":"","_jetpack_dont_email_post_to_subs":false,"_jetpack_newsletter_tier_id":0,"_jetpack_memberships_contains_paywalled_content":false,"_jetpack_memberships_contains_paid_content":false,"footnotes":"","jetpack_publicize_message":"","jetpack_publicize_feature_enabled":true,"jetpack_social_post_already_shared":true,"jetpack_social_options":{"image_generator_settings":{"template":"highway","default_image_id":0,"font":"","enabled":false},"version":2},"_wpas_customize_per_network":false},"categories":[9791],"tags":[],"class_list":["post-125813","post","type-post","status-publish","format-standard","has-post-thumbnail","hentry","category-salud","generate-columns","tablet-grid-50","mobile-grid-100","grid-parent","grid-50"],"jetpack_publicize_connections":[],"jetpack_featured_media_url":"https:\/\/www.hoymercedes.com.ar\/principal\/wp-content\/uploads\/2021\/03\/WhatsApp-Image-2021-03-05-at-20.58.56.jpeg","wps_subtitle":"","jetpack_sharing_enabled":true,"jetpack-related-posts":[{"id":142094,"url":"https:\/\/www.hoymercedes.com.ar\/principal\/2021\/12\/29\/covid-48-nuevos-positivos-en-mercedes\/","url_meta":{"origin":125813,"position":0},"title":"Covid: 48 nuevos positivos en Mercedes","author":"hoymercedes","date":"29 diciembre, 2021","format":false,"excerpt":"Cierre de jornada con 48 nuevos positivos en Mercedes con 151 test realizados. Hubo 2 pacientes que recibieron el alta m\u00e9dica y 1 internado con covid-19 internado en terapia. Arribamos a 127.269 dosis aplicadas en Mercedes.","rel":"","context":"En \u00abSociedad\u00bb","block_context":{"text":"Sociedad","link":"https:\/\/www.hoymercedes.com.ar\/principal\/category\/sociedad\/"},"img":{"alt_text":"","src":"https:\/\/i0.wp.com\/www.hoymercedes.com.ar\/principal\/wp-content\/uploads\/2021\/12\/29.12.2021.jpg?resize=350%2C200&ssl=1","width":350,"height":200,"srcset":"https:\/\/i0.wp.com\/www.hoymercedes.com.ar\/principal\/wp-content\/uploads\/2021\/12\/29.12.2021.jpg?resize=350%2C200&ssl=1 1x, https:\/\/i0.wp.com\/www.hoymercedes.com.ar\/principal\/wp-content\/uploads\/2021\/12\/29.12.2021.jpg?resize=525%2C300&ssl=1 1.5x, https:\/\/i0.wp.com\/www.hoymercedes.com.ar\/principal\/wp-content\/uploads\/2021\/12\/29.12.2021.jpg?resize=700%2C400&ssl=1 2x"},"classes":[]},{"id":126000,"url":"https:\/\/www.hoymercedes.com.ar\/principal\/2021\/03\/08\/se-suman-13-nuevos-positivos-de-covid-19-en-mercedes\/","url_meta":{"origin":125813,"position":1},"title":"Se suman 13 nuevos positivos de covid-19 en Mercedes","author":"hoymercedes","date":"8 marzo, 2021","format":false,"excerpt":"De acuerdo al parte oficial con la informaci\u00f3n epidemiol\u00f3gica sobre el covid-19 en Mercedes, da cuenta de 13 nuevos positivos entre los 48 an\u00e1lisis procesados en el d\u00eda de la fecha. Asimismo, son 10 los pacientes que obtuvieron el alta en el d\u00eda de la fecha.","rel":"","context":"En \u00abSalud\u00bb","block_context":{"text":"Salud","link":"https:\/\/www.hoymercedes.com.ar\/principal\/category\/salud\/"},"img":{"alt_text":"","src":"https:\/\/i0.wp.com\/www.hoymercedes.com.ar\/principal\/wp-content\/uploads\/2021\/03\/WhatsApp-Image-2021-03-08-at-22.00.12.jpeg?resize=350%2C200&ssl=1","width":350,"height":200,"srcset":"https:\/\/i0.wp.com\/www.hoymercedes.com.ar\/principal\/wp-content\/uploads\/2021\/03\/WhatsApp-Image-2021-03-08-at-22.00.12.jpeg?resize=350%2C200&ssl=1 1x, https:\/\/i0.wp.com\/www.hoymercedes.com.ar\/principal\/wp-content\/uploads\/2021\/03\/WhatsApp-Image-2021-03-08-at-22.00.12.jpeg?resize=525%2C300&ssl=1 1.5x, https:\/\/i0.wp.com\/www.hoymercedes.com.ar\/principal\/wp-content\/uploads\/2021\/03\/WhatsApp-Image-2021-03-08-at-22.00.12.jpeg?resize=700%2C400&ssl=1 2x"},"classes":[]},{"id":143206,"url":"https:\/\/www.hoymercedes.com.ar\/principal\/2022\/01\/28\/covid-en-mercedes-son-56-los-nuevos-positivos\/","url_meta":{"origin":125813,"position":2},"title":"Covid en Mercedes: son 56 los nuevos positivos","author":"hoymercedes","date":"28 enero, 2022","format":false,"excerpt":"La Informaci\u00f3n brindada por las autoridades sanitarias de Mercedes confirma 56 nuevos casos positivos entre los 116 an\u00e1lisis procesados el d\u00eda viernes en el Laboratorio de Virolog\u00eda.","rel":"","context":"En \u00abSalud\u00bb","block_context":{"text":"Salud","link":"https:\/\/www.hoymercedes.com.ar\/principal\/category\/salud\/"},"img":{"alt_text":"","src":"https:\/\/i0.wp.com\/www.hoymercedes.com.ar\/principal\/wp-content\/uploads\/2022\/01\/IMG-20220129-WA0000.jpg?resize=350%2C200&ssl=1","width":350,"height":200,"srcset":"https:\/\/i0.wp.com\/www.hoymercedes.com.ar\/principal\/wp-content\/uploads\/2022\/01\/IMG-20220129-WA0000.jpg?resize=350%2C200&ssl=1 1x, https:\/\/i0.wp.com\/www.hoymercedes.com.ar\/principal\/wp-content\/uploads\/2022\/01\/IMG-20220129-WA0000.jpg?resize=525%2C300&ssl=1 1.5x, https:\/\/i0.wp.com\/www.hoymercedes.com.ar\/principal\/wp-content\/uploads\/2022\/01\/IMG-20220129-WA0000.jpg?resize=700%2C400&ssl=1 2x, https:\/\/i0.wp.com\/www.hoymercedes.com.ar\/principal\/wp-content\/uploads\/2022\/01\/IMG-20220129-WA0000.jpg?resize=1050%2C600&ssl=1 3x"},"classes":[]},{"id":140312,"url":"https:\/\/www.hoymercedes.com.ar\/principal\/2021\/11\/19\/2-nuevos-casos-positivos-de-covid-en-mercedes\/","url_meta":{"origin":125813,"position":3},"title":"2 nuevos casos positivos de Covid en Mercedes","author":"hoymercedes","date":"19 noviembre, 2021","format":false,"excerpt":"El cierre de jornada arroj\u00f3 2 nuevos casos positivos en Meredes para covid-19 en 29 test realizados en el Laboratorio de Virolog\u00eda Molecular municipal. A su vez se arrib\u00f3 a 110.878 dosis aplicadas en todo el Partido de Mercedes","rel":"","context":"En \u00abSociedad\u00bb","block_context":{"text":"Sociedad","link":"https:\/\/www.hoymercedes.com.ar\/principal\/category\/sociedad\/"},"img":{"alt_text":"","src":"https:\/\/i0.wp.com\/www.hoymercedes.com.ar\/principal\/wp-content\/uploads\/2021\/11\/19.11.2021-1.jpg?resize=350%2C200&ssl=1","width":350,"height":200,"srcset":"https:\/\/i0.wp.com\/www.hoymercedes.com.ar\/principal\/wp-content\/uploads\/2021\/11\/19.11.2021-1.jpg?resize=350%2C200&ssl=1 1x, https:\/\/i0.wp.com\/www.hoymercedes.com.ar\/principal\/wp-content\/uploads\/2021\/11\/19.11.2021-1.jpg?resize=525%2C300&ssl=1 1.5x, https:\/\/i0.wp.com\/www.hoymercedes.com.ar\/principal\/wp-content\/uploads\/2021\/11\/19.11.2021-1.jpg?resize=700%2C400&ssl=1 2x"},"classes":[]},{"id":122811,"url":"https:\/\/www.hoymercedes.com.ar\/principal\/2021\/01\/03\/mercedes-suma-12-nuevos-positivos-de-covid-19\/","url_meta":{"origin":125813,"position":4},"title":"Mercedes suma 12 nuevos positivos de covid-19","author":"hoymercedes","date":"3 enero, 2021","format":false,"excerpt":"El informe del d\u00eda domingo confirma 12 nuevos positivos de covid-19 entre los 51 test analizados. Asimismo, informan que son 7 los pacientes que recibieron el alta m\u00e9dica esta jornada. Con estos n\u00fameros son 211 los pacientes con el virus Sars-Cov2","rel":"","context":"En \u00abSalud\u00bb","block_context":{"text":"Salud","link":"https:\/\/www.hoymercedes.com.ar\/principal\/category\/salud\/"},"img":{"alt_text":"","src":"https:\/\/i0.wp.com\/www.hoymercedes.com.ar\/principal\/wp-content\/uploads\/2021\/01\/IMG-20210103-WA0003.jpg?resize=350%2C200&ssl=1","width":350,"height":200,"srcset":"https:\/\/i0.wp.com\/www.hoymercedes.com.ar\/principal\/wp-content\/uploads\/2021\/01\/IMG-20210103-WA0003.jpg?resize=350%2C200&ssl=1 1x, https:\/\/i0.wp.com\/www.hoymercedes.com.ar\/principal\/wp-content\/uploads\/2021\/01\/IMG-20210103-WA0003.jpg?resize=525%2C300&ssl=1 1.5x, https:\/\/i0.wp.com\/www.hoymercedes.com.ar\/principal\/wp-content\/uploads\/2021\/01\/IMG-20210103-WA0003.jpg?resize=700%2C400&ssl=1 2x"},"classes":[]},{"id":124044,"url":"https:\/\/www.hoymercedes.com.ar\/principal\/2021\/01\/29\/covid-en-mercedes13-nuevos-positivos\/","url_meta":{"origin":125813,"position":5},"title":"Covid en Mercedes: 13 nuevos positivos","author":"hoymercedes","date":"29 enero, 2021","format":false,"excerpt":"El parte diario del d\u00eda viernes en cuanto a la situaci\u00f3n epidemiol\u00f3gica de covid-19 en Mercedes confirma que 13 pacientes recibieron el resultado positivos de sus an\u00e1lisis entre los 60 test que se procesaron en la jornada. Adem\u00e1s, informan que 17 pacientes obtuvieron el alta de acuerdo a los protocolos\u2026","rel":"","context":"En \u00abSalud\u00bb","block_context":{"text":"Salud","link":"https:\/\/www.hoymercedes.com.ar\/principal\/category\/salud\/"},"img":{"alt_text":"","src":"https:\/\/i0.wp.com\/www.hoymercedes.com.ar\/principal\/wp-content\/uploads\/2021\/01\/WhatsApp-Image-2021-01-29-at-22.16.31.jpeg?resize=350%2C200&ssl=1","width":350,"height":200,"srcset":"https:\/\/i0.wp.com\/www.hoymercedes.com.ar\/principal\/wp-content\/uploads\/2021\/01\/WhatsApp-Image-2021-01-29-at-22.16.31.jpeg?resize=350%2C200&ssl=1 1x, https:\/\/i0.wp.com\/www.hoymercedes.com.ar\/principal\/wp-content\/uploads\/2021\/01\/WhatsApp-Image-2021-01-29-at-22.16.31.jpeg?resize=525%2C300&ssl=1 1.5x, https:\/\/i0.wp.com\/www.hoymercedes.com.ar\/principal\/wp-content\/uploads\/2021\/01\/WhatsApp-Image-2021-01-29-at-22.16.31.jpeg?resize=700%2C400&ssl=1 2x"},"classes":[]}],"_links":{"self":[{"href":"https:\/\/www.hoymercedes.com.ar\/principal\/wp-json\/wp\/v2\/posts\/125813","targetHints":{"allow":["GET"]}}],"collection":[{"href":"https:\/\/www.hoymercedes.com.ar\/principal\/wp-json\/wp\/v2\/posts"}],"about":[{"href":"https:\/\/www.hoymercedes.com.ar\/principal\/wp-json\/wp\/v2\/types\/post"}],"author":[{"embeddable":true,"href":"https:\/\/www.hoymercedes.com.ar\/principal\/wp-json\/wp\/v2\/users\/1"}],"replies":[{"embeddable":true,"href":"https:\/\/www.hoymercedes.com.ar\/principal\/wp-json\/wp\/v2\/comments?post=125813"}],"version-history":[{"count":0,"href":"https:\/\/www.hoymercedes.com.ar\/principal\/wp-json\/wp\/v2\/posts\/125813\/revisions"}],"wp:featuredmedia":[{"embeddable":true,"href":"https:\/\/www.hoymercedes.com.ar\/principal\/wp-json\/wp\/v2\/media\/125815"}],"wp:attachment":[{"href":"https:\/\/www.hoymercedes.com.ar\/principal\/wp-json\/wp\/v2\/media?parent=125813"}],"wp:term":[{"taxonomy":"category","embeddable":true,"href":"https:\/\/www.hoymercedes.com.ar\/principal\/wp-json\/wp\/v2\/categories?post=125813"},{"taxonomy":"post_tag","embeddable":true,"href":"https:\/\/www.hoymercedes.com.ar\/principal\/wp-json\/wp\/v2\/tags?post=125813"}],"curies":[{"name":"wp","href":"https:\/\/api.w.org\/{rel}","templated":true}]}}