{"id":125819,"date":"2021-03-06T07:47:00","date_gmt":"2021-03-06T10:47:00","guid":{"rendered":"http:\/\/www.hoymercedes.com.ar\/principal\/?p=125819"},"modified":"2021-03-05T22:00:16","modified_gmt":"2021-03-06T01:00:16","slug":"los-equipos-viales-del-municipio-trabajan-fuertemente-en-la-zona-rural","status":"publish","type":"post","link":"https:\/\/www.hoymercedes.com.ar\/principal\/2021\/03\/06\/los-equipos-viales-del-municipio-trabajan-fuertemente-en-la-zona-rural\/","title":{"rendered":"Los equipos viales del municipio trabajan fuertemente en la zona rural"},"content":{"rendered":"\n<p>Informaci\u00f3n municipal &#8211; La Municipalidad de Mercedes estuvo trabajando duramente en la reparaci\u00f3n de los caminos rurales, que son fundamentales para poder sacar las producciones agropecuarias, pero tambi\u00e9n para generar accesos seguros a las escuelas rurales. \u00a0<\/p>\n\n\n\n<div class=\"wp-block-image\"><figure class=\"aligncenter size-large\"><img loading=\"lazy\" decoding=\"async\" width=\"800\" height=\"533\" data-attachment-id=\"125823\" data-permalink=\"https:\/\/www.hoymercedes.com.ar\/principal\/2021\/03\/06\/los-equipos-viales-del-municipio-trabajan-fuertemente-en-la-zona-rural\/31-5\/#main\" data-orig-file=\"https:\/\/www.hoymercedes.com.ar\/principal\/wp-content\/uploads\/2021\/03\/31.jpeg\" data-orig-size=\"800,533\" data-comments-opened=\"0\" data-image-meta=\"{&quot;aperture&quot;:&quot;0&quot;,&quot;credit&quot;:&quot;&quot;,&quot;camera&quot;:&quot;&quot;,&quot;caption&quot;:&quot;&quot;,&quot;created_timestamp&quot;:&quot;1614980886&quot;,&quot;copyright&quot;:&quot;&quot;,&quot;focal_length&quot;:&quot;0&quot;,&quot;iso&quot;:&quot;0&quot;,&quot;shutter_speed&quot;:&quot;0&quot;,&quot;title&quot;:&quot;&quot;,&quot;orientation&quot;:&quot;1&quot;}\" data-image-title=\"31\" data-image-description=\"\" data-image-caption=\"\" data-large-file=\"https:\/\/www.hoymercedes.com.ar\/principal\/wp-content\/uploads\/2021\/03\/31.jpeg\" src=\"https:\/\/www.hoymercedes.com.ar\/principal\/wp-content\/uploads\/2021\/03\/31.jpeg\" alt=\"\" class=\"wp-image-125823\" srcset=\"https:\/\/www.hoymercedes.com.ar\/principal\/wp-content\/uploads\/2021\/03\/31.jpeg 800w, https:\/\/www.hoymercedes.com.ar\/principal\/wp-content\/uploads\/2021\/03\/31-630x420.jpeg 630w, https:\/\/www.hoymercedes.com.ar\/principal\/wp-content\/uploads\/2021\/03\/31-150x100.jpeg 150w, https:\/\/www.hoymercedes.com.ar\/principal\/wp-content\/uploads\/2021\/03\/31-700x465.jpeg 700w\" sizes=\"auto, (max-width: 800px) 100vw, 800px\" \/><\/figure><\/div>\n\n\n\n<p>El gobierno de Juan Ustarroz se ha volcado fuertemente en las \u00faltimas semanas a reparar y poner en condiciones los caminos rurales, luego del duro clima seco de enero y la primera quincena lluviosa de febrero. Son miles los kil\u00f3metros de caminos rurales que hay en Mercedes y es de dif\u00edcil mantenimiento. &nbsp;<\/p>\n\n\n\n<p>\u201cEstas semanas estuvimos trabajando en lo que es el mantenimiento de caminos, m\u00e1s que nada en los que son acceso a las escuelas en la zona rural\u201d, empez\u00f3 contando el subsecretario de Servicios P\u00fablicos Luis Ponce. &nbsp;<\/p>\n\n\n\n<p>\u201cLos trabajos importantes se realizaron en La Florida; tambi\u00e9n se tir\u00f3 tosca en la prolongaci\u00f3n de la calle 11 que lleva a la Escuela N\u00b0 19; haciendo arreglos generales en el Cuartel VIII con dos m\u00e1quinas y trabajando en la zona de San Jacinto y Franklin\u201d, explic\u00f3 el funcionario, quien destac\u00f3 el trabajo que realiza Daniel Apestegu\u00eda al frente de la Direcci\u00f3n de Equipos Viales. &nbsp;<\/p>\n\n\n\n<p>Esta semana los trabajos se concretaron en la calle 144 desde Acceso Sur hacia el cementerio, donde se est\u00e1 tirando tosca para luego concretar la colocaci\u00f3n de piedra. Adem\u00e1s, se estuvieron haciendo reparaciones en la zona de La Verde y \u201clos sobrantes\u201d, preparando todo para el reinicio de clases en la Escuela 29 que fue reabierta luego de ser cerrada por el anterior gobierno provincial en 2018. &nbsp;<\/p>\n\n\n\n<p>\u201cNo s\u00f3lo estuvimos trabajando con los equipos viales en las zonas rurales, sino que tambi\u00e9n pudimos concretar tareas en los barrios como Villa Industria Oeste, Pe\u00f1aloza, Tedo, Los Robles y otras zonas urbanas\u201d, complet\u00f3 la informaci\u00f3n Luis Ponce. \u00a0<\/p>\n\n\n\n<div class=\"wp-block-image\"><figure class=\"aligncenter size-large\"><img loading=\"lazy\" decoding=\"async\" width=\"800\" height=\"533\" data-attachment-id=\"125822\" data-permalink=\"https:\/\/www.hoymercedes.com.ar\/principal\/2021\/03\/06\/los-equipos-viales-del-municipio-trabajan-fuertemente-en-la-zona-rural\/attachment\/36\/#main\" data-orig-file=\"https:\/\/www.hoymercedes.com.ar\/principal\/wp-content\/uploads\/2021\/03\/36.jpeg\" data-orig-size=\"800,533\" data-comments-opened=\"0\" data-image-meta=\"{&quot;aperture&quot;:&quot;0&quot;,&quot;credit&quot;:&quot;&quot;,&quot;camera&quot;:&quot;&quot;,&quot;caption&quot;:&quot;&quot;,&quot;created_timestamp&quot;:&quot;0&quot;,&quot;copyright&quot;:&quot;&quot;,&quot;focal_length&quot;:&quot;0&quot;,&quot;iso&quot;:&quot;0&quot;,&quot;shutter_speed&quot;:&quot;0&quot;,&quot;title&quot;:&quot;&quot;,&quot;orientation&quot;:&quot;0&quot;}\" data-image-title=\"36\" data-image-description=\"\" data-image-caption=\"\" data-large-file=\"https:\/\/www.hoymercedes.com.ar\/principal\/wp-content\/uploads\/2021\/03\/36.jpeg\" src=\"https:\/\/www.hoymercedes.com.ar\/principal\/wp-content\/uploads\/2021\/03\/36.jpeg\" alt=\"\" class=\"wp-image-125822\" srcset=\"https:\/\/www.hoymercedes.com.ar\/principal\/wp-content\/uploads\/2021\/03\/36.jpeg 800w, https:\/\/www.hoymercedes.com.ar\/principal\/wp-content\/uploads\/2021\/03\/36-630x420.jpeg 630w, https:\/\/www.hoymercedes.com.ar\/principal\/wp-content\/uploads\/2021\/03\/36-150x100.jpeg 150w, https:\/\/www.hoymercedes.com.ar\/principal\/wp-content\/uploads\/2021\/03\/36-700x465.jpeg 700w\" sizes=\"auto, (max-width: 800px) 100vw, 800px\" \/><\/figure><\/div>\n","protected":false},"excerpt":{"rendered":"<p>Informaci\u00f3n municipal &#8211; La Municipalidad de Mercedes estuvo trabajando duramente en la reparaci\u00f3n de los caminos rurales, que son fundamentales &#8230; <a title=\"Los equipos viales del municipio trabajan fuertemente en la zona rural\" class=\"read-more\" href=\"https:\/\/www.hoymercedes.com.ar\/principal\/2021\/03\/06\/los-equipos-viales-del-municipio-trabajan-fuertemente-en-la-zona-rural\/\" aria-label=\"Leer m\u00e1s sobre Los equipos viales del municipio trabajan fuertemente en la zona rural\">Leer m\u00e1s<\/a><\/p>\n","protected":false},"author":1,"featured_media":125822,"comment_status":"closed","ping_status":"open","sticky":false,"template":"","format":"standard","meta":{"_monsterinsights_skip_tracking":false,"_monsterinsights_sitenote_active":false,"_monsterinsights_sitenote_note":"","_monsterinsights_sitenote_category":0,"jetpack_post_was_ever_published":false,"_jetpack_newsletter_access":"","_jetpack_dont_email_post_to_subs":false,"_jetpack_newsletter_tier_id":0,"_jetpack_memberships_contains_paywalled_content":false,"_jetpack_memberships_contains_paid_content":false,"footnotes":"","jetpack_publicize_message":"","jetpack_publicize_feature_enabled":true,"jetpack_social_post_already_shared":true,"jetpack_social_options":{"image_generator_settings":{"template":"highway","default_image_id":0,"font":"","enabled":false},"version":2},"_wpas_customize_per_network":false},"categories":[30],"tags":[],"class_list":["post-125819","post","type-post","status-publish","format-standard","has-post-thumbnail","hentry","category-municipio","generate-columns","tablet-grid-50","mobile-grid-100","grid-parent","grid-50"],"jetpack_publicize_connections":[],"jetpack_featured_media_url":"https:\/\/www.hoymercedes.com.ar\/principal\/wp-content\/uploads\/2021\/03\/36.jpeg","wps_subtitle":"","jetpack_sharing_enabled":true,"jetpack-related-posts":[{"id":140579,"url":"https:\/\/www.hoymercedes.com.ar\/principal\/2021\/11\/24\/avanzan-con-multiples-obras-en-caminos-y-accesos-a-escuelas-rurales\/","url_meta":{"origin":125819,"position":0},"title":"Avanzan con m\u00faltiples obras en caminos y accesos a escuelas rurales","author":"hoymercedes","date":"24 noviembre, 2021","format":false,"excerpt":"DCIM\\100MEDIA\\DJI_0022.JPG La Municipalidad de Mercedes sigue trabajando fuertemente en la mejora de los caminos de ingreso a escuelas rurales. Por estos d\u00edas avanza notoriamente el trabajo en la traza que conduce al CEPT N\u00b0 4 y la Escuela 28. El subsecretario de Servicios P\u00fablicos Luis Ponce y el director del\u2026","rel":"","context":"En \u00abMunicipio\u00bb","block_context":{"text":"Municipio","link":"https:\/\/www.hoymercedes.com.ar\/principal\/category\/municipio\/"},"img":{"alt_text":"","src":"https:\/\/i0.wp.com\/www.hoymercedes.com.ar\/principal\/wp-content\/uploads\/2021\/11\/CaminosRuralesDJI_0022.jpg?resize=350%2C200&ssl=1","width":350,"height":200,"srcset":"https:\/\/i0.wp.com\/www.hoymercedes.com.ar\/principal\/wp-content\/uploads\/2021\/11\/CaminosRuralesDJI_0022.jpg?resize=350%2C200&ssl=1 1x, https:\/\/i0.wp.com\/www.hoymercedes.com.ar\/principal\/wp-content\/uploads\/2021\/11\/CaminosRuralesDJI_0022.jpg?resize=525%2C300&ssl=1 1.5x, https:\/\/i0.wp.com\/www.hoymercedes.com.ar\/principal\/wp-content\/uploads\/2021\/11\/CaminosRuralesDJI_0022.jpg?resize=700%2C400&ssl=1 2x, https:\/\/i0.wp.com\/www.hoymercedes.com.ar\/principal\/wp-content\/uploads\/2021\/11\/CaminosRuralesDJI_0022.jpg?resize=1050%2C600&ssl=1 3x, https:\/\/i0.wp.com\/www.hoymercedes.com.ar\/principal\/wp-content\/uploads\/2021\/11\/CaminosRuralesDJI_0022.jpg?resize=1400%2C800&ssl=1 4x"},"classes":[]},{"id":132182,"url":"https:\/\/www.hoymercedes.com.ar\/principal\/2021\/06\/21\/anunciaron-la-mejora-de-37-kilometros-de-caminos-rurales\/","url_meta":{"origin":125819,"position":1},"title":"Anunciaron la mejora de 37 kil\u00f3metros de caminos rurales","author":"hoymercedes","date":"21 junio, 2021","format":false,"excerpt":"El Municipio de Mercedes junto a las autoridades de la Sociedad Rural Mercedes anunci\u00f3 que la provincia realizar\u00e1 mejoras en 37 kil\u00f3metro con una inversi\u00f3n de 183 millones de pesos. \u00a0Los caminos que arreglar\u00e1n son uno lindero a la localidad de Luj\u00e1n, otro que recorre hasta la localidad rural JM\u2026","rel":"","context":"En \u00abMunicipio\u00bb","block_context":{"text":"Municipio","link":"https:\/\/www.hoymercedes.com.ar\/principal\/category\/municipio\/"},"img":{"alt_text":"","src":"https:\/\/i0.wp.com\/www.hoymercedes.com.ar\/principal\/wp-content\/uploads\/2021\/06\/21-caminosrurales.jpg?resize=350%2C200&ssl=1","width":350,"height":200,"srcset":"https:\/\/i0.wp.com\/www.hoymercedes.com.ar\/principal\/wp-content\/uploads\/2021\/06\/21-caminosrurales.jpg?resize=350%2C200&ssl=1 1x, https:\/\/i0.wp.com\/www.hoymercedes.com.ar\/principal\/wp-content\/uploads\/2021\/06\/21-caminosrurales.jpg?resize=525%2C300&ssl=1 1.5x, https:\/\/i0.wp.com\/www.hoymercedes.com.ar\/principal\/wp-content\/uploads\/2021\/06\/21-caminosrurales.jpg?resize=700%2C400&ssl=1 2x"},"classes":[]},{"id":112041,"url":"https:\/\/www.hoymercedes.com.ar\/principal\/2020\/06\/11\/arreglos-y-mejoras-en-los-caminos-rurales\/","url_meta":{"origin":125819,"position":2},"title":"Arreglos y mejoras en los caminos rurales","author":"hoymercedes","date":"11 junio, 2020","format":false,"excerpt":"La Municipalidad de Mercedes lleva adelante un plan de recuperaci\u00f3n y mantenimiento de caminos rurales y semi rurales de la ciudad y alrededores. A trav\u00e9s de estas tareas se trata de dar mayor accesibilidad a establecimientos educativos, centros de salud y cascos urbanos. Se est\u00e1n ejecutando trabajos de abovedados, recuperaci\u00f3n\u2026","rel":"","context":"En \u00abSociedad\u00bb","block_context":{"text":"Sociedad","link":"https:\/\/www.hoymercedes.com.ar\/principal\/category\/sociedad\/"},"img":{"alt_text":"","src":"https:\/\/i0.wp.com\/www.hoymercedes.com.ar\/principal\/wp-content\/uploads\/2020\/06\/11-caminos-rurales.jpeg?resize=350%2C200&ssl=1","width":350,"height":200,"srcset":"https:\/\/i0.wp.com\/www.hoymercedes.com.ar\/principal\/wp-content\/uploads\/2020\/06\/11-caminos-rurales.jpeg?resize=350%2C200&ssl=1 1x, https:\/\/i0.wp.com\/www.hoymercedes.com.ar\/principal\/wp-content\/uploads\/2020\/06\/11-caminos-rurales.jpeg?resize=525%2C300&ssl=1 1.5x, https:\/\/i0.wp.com\/www.hoymercedes.com.ar\/principal\/wp-content\/uploads\/2020\/06\/11-caminos-rurales.jpeg?resize=700%2C400&ssl=1 2x"},"classes":[]},{"id":171662,"url":"https:\/\/www.hoymercedes.com.ar\/principal\/2024\/01\/06\/continuan-realizando-tareas-de-mejora-y-mantenimiento-de-caminos-rurales\/","url_meta":{"origin":125819,"position":3},"title":"Contin\u00faan realizando tareas de mejora y mantenimiento de caminos rurales","author":"hoymercedes","date":"6 enero, 2024","format":false,"excerpt":"Se contin\u00faan realizando intervenciones en los caminos rurales en pos de su mantenimiento y mejoras. Es un gran beneficio para las familias afincadas en la zona rural, como as\u00ed tambi\u00e9n para la producci\u00f3n. Otro aspecto favorable es que suelen ser accesos alternativos a distintos puntos del Partido. \u201cGracias a las\u2026","rel":"","context":"En \u00abMunicipio\u00bb","block_context":{"text":"Municipio","link":"https:\/\/www.hoymercedes.com.ar\/principal\/category\/municipio\/"},"img":{"alt_text":"Servicios p\u00fablicos","src":"https:\/\/i0.wp.com\/www.hoymercedes.com.ar\/principal\/wp-content\/uploads\/2024\/01\/mantenimientodecaminos-mercedes.jpg?resize=350%2C200&ssl=1","width":350,"height":200,"srcset":"https:\/\/i0.wp.com\/www.hoymercedes.com.ar\/principal\/wp-content\/uploads\/2024\/01\/mantenimientodecaminos-mercedes.jpg?resize=350%2C200&ssl=1 1x, https:\/\/i0.wp.com\/www.hoymercedes.com.ar\/principal\/wp-content\/uploads\/2024\/01\/mantenimientodecaminos-mercedes.jpg?resize=525%2C300&ssl=1 1.5x, https:\/\/i0.wp.com\/www.hoymercedes.com.ar\/principal\/wp-content\/uploads\/2024\/01\/mantenimientodecaminos-mercedes.jpg?resize=700%2C400&ssl=1 2x"},"classes":[]},{"id":126772,"url":"https:\/\/www.hoymercedes.com.ar\/principal\/2021\/03\/22\/continuan-los-arreglos-en-los-caminos-rurales\/","url_meta":{"origin":125819,"position":4},"title":"Contin\u00faan los arreglos en los caminos rurales","author":"hoymercedes","date":"22 marzo, 2021","format":false,"excerpt":"Por Prensa Municipal - El Municipio de Mercedes viene realizando, desde hace un tiempo y de forma planificada, diferentes arreglos en m\u00faltiples caminos rurales de nuestra ciudad. Se efectuaron colocaci\u00f3n de tosca, zanjeo y mejoramientos con maquinarias, desmalezamiento y empedrado.\u00a0\u00a0\u00a0\u00a0 Daniel Apestegu\u00eda, qui\u00e9n est\u00e1 al frente del corral\u00f3n municipal, cont\u00f3\u2026","rel":"","context":"En \u00abMunicipio\u00bb","block_context":{"text":"Municipio","link":"https:\/\/www.hoymercedes.com.ar\/principal\/category\/municipio\/"},"img":{"alt_text":"","src":"https:\/\/i0.wp.com\/www.hoymercedes.com.ar\/principal\/wp-content\/uploads\/2021\/03\/EsLtfL-XcAE6jER.jpg?resize=350%2C200&ssl=1","width":350,"height":200,"srcset":"https:\/\/i0.wp.com\/www.hoymercedes.com.ar\/principal\/wp-content\/uploads\/2021\/03\/EsLtfL-XcAE6jER.jpg?resize=350%2C200&ssl=1 1x, https:\/\/i0.wp.com\/www.hoymercedes.com.ar\/principal\/wp-content\/uploads\/2021\/03\/EsLtfL-XcAE6jER.jpg?resize=525%2C300&ssl=1 1.5x, https:\/\/i0.wp.com\/www.hoymercedes.com.ar\/principal\/wp-content\/uploads\/2021\/03\/EsLtfL-XcAE6jER.jpg?resize=700%2C400&ssl=1 2x"},"classes":[]},{"id":122033,"url":"https:\/\/www.hoymercedes.com.ar\/principal\/2020\/12\/19\/arreglan-caminos-rurales\/","url_meta":{"origin":125819,"position":5},"title":"Arreglan caminos rurales","author":"hoymercedes","date":"19 diciembre, 2020","format":false,"excerpt":"El \u201cequipo vial\u201d del \u00e1rea de Servicios P\u00fablicos contin\u00faa realizando tareas de mantenimiento de caminos rurales. A cargo de Daniel Apestegu\u00eda se avanza en la colocaci\u00f3n de tosca, zanjeo y mejoramientos con maquinarias. Esta semana que pas\u00f3 fue el turno de caminos de La Florida, el camino de la Primaria\u2026","rel":"","context":"En \u00abMunicipio\u00bb","block_context":{"text":"Municipio","link":"https:\/\/www.hoymercedes.com.ar\/principal\/category\/municipio\/"},"img":{"alt_text":"","src":"https:\/\/i0.wp.com\/www.hoymercedes.com.ar\/principal\/wp-content\/uploads\/2020\/12\/19-caminos-rurales.jpg?resize=350%2C200&ssl=1","width":350,"height":200,"srcset":"https:\/\/i0.wp.com\/www.hoymercedes.com.ar\/principal\/wp-content\/uploads\/2020\/12\/19-caminos-rurales.jpg?resize=350%2C200&ssl=1 1x, https:\/\/i0.wp.com\/www.hoymercedes.com.ar\/principal\/wp-content\/uploads\/2020\/12\/19-caminos-rurales.jpg?resize=525%2C300&ssl=1 1.5x, https:\/\/i0.wp.com\/www.hoymercedes.com.ar\/principal\/wp-content\/uploads\/2020\/12\/19-caminos-rurales.jpg?resize=700%2C400&ssl=1 2x"},"classes":[]}],"_links":{"self":[{"href":"https:\/\/www.hoymercedes.com.ar\/principal\/wp-json\/wp\/v2\/posts\/125819","targetHints":{"allow":["GET"]}}],"collection":[{"href":"https:\/\/www.hoymercedes.com.ar\/principal\/wp-json\/wp\/v2\/posts"}],"about":[{"href":"https:\/\/www.hoymercedes.com.ar\/principal\/wp-json\/wp\/v2\/types\/post"}],"author":[{"embeddable":true,"href":"https:\/\/www.hoymercedes.com.ar\/principal\/wp-json\/wp\/v2\/users\/1"}],"replies":[{"embeddable":true,"href":"https:\/\/www.hoymercedes.com.ar\/principal\/wp-json\/wp\/v2\/comments?post=125819"}],"version-history":[{"count":0,"href":"https:\/\/www.hoymercedes.com.ar\/principal\/wp-json\/wp\/v2\/posts\/125819\/revisions"}],"wp:featuredmedia":[{"embeddable":true,"href":"https:\/\/www.hoymercedes.com.ar\/principal\/wp-json\/wp\/v2\/media\/125822"}],"wp:attachment":[{"href":"https:\/\/www.hoymercedes.com.ar\/principal\/wp-json\/wp\/v2\/media?parent=125819"}],"wp:term":[{"taxonomy":"category","embeddable":true,"href":"https:\/\/www.hoymercedes.com.ar\/principal\/wp-json\/wp\/v2\/categories?post=125819"},{"taxonomy":"post_tag","embeddable":true,"href":"https:\/\/www.hoymercedes.com.ar\/principal\/wp-json\/wp\/v2\/tags?post=125819"}],"curies":[{"name":"wp","href":"https:\/\/api.w.org\/{rel}","templated":true}]}}