{"id":125832,"date":"2021-03-06T13:42:03","date_gmt":"2021-03-06T16:42:03","guid":{"rendered":"http:\/\/www.hoymercedes.com.ar\/principal\/?p=125832"},"modified":"2021-03-06T13:42:10","modified_gmt":"2021-03-06T16:42:10","slug":"condenaron-a-prision-perpetua-al-femicida-de-katy-dargel","status":"publish","type":"post","link":"https:\/\/www.hoymercedes.com.ar\/principal\/2021\/03\/06\/condenaron-a-prision-perpetua-al-femicida-de-katy-dargel\/","title":{"rendered":"Condenaron a prisi\u00f3n perpetua al femicida de Katy Dargel"},"content":{"rendered":"\n<p>En la jornada del 4 de marzo \u00faltimo el Tribunal Oral en lo Criminal N.\u00ba 4 del Departamento Judicial de Mercedes dio a conocer su veredicto en el marco de un juicio a un Pedro Sosa de 46 a\u00f1os acusado por el homicidio de su pareja Katy Dargel, de 33 a\u00f1os. El hecho ocurri\u00f3\u00a0 entre las \u00faltimas horas del 14 de febrero de 2019 y la madrugada del d\u00eda siguiente, en un domicilio de la localidad de Marcos Paz en el cual conviv\u00eda el sujeto junto a su pareja de 33 a\u00f1os y la hija de ambos. <\/p>\n\n\n\n<p>En dicha jornada, el hombre, mu\u00f1ido de un hacha, golpe\u00f3 reiteradamente a la v\u00edctima en la cabeza provoc\u00e1ndole severas lesiones y heridas contuso-cortantes varias lo que le produjo el fallecimiento tras agon\u00eda, como consecuencia de un paro cardiorrespiratorio traum\u00e1tico secundario a traumatismo craneoencef\u00e1lico grave., seg\u00fan arrojaron los datos de autopsia. Tras ello, se deshizo del cuerpo sepult\u00e1ndolo en un campo ubicado en Cuartel Tercero para horas m\u00e1s tarde entregarse en la Comisar\u00eda Comunal de Marcos Paz donde tambi\u00e9n llev\u00f3 el arma homicida y aport\u00f3 informaci\u00f3n para recuperar el cuerpo de la v\u00edctima.<\/p>\n\n\n\n<p>Para los jueces Dres. Patricia Guerrieri, Fabi\u00e1n Brahim y Luis Laserna, la imputaci\u00f3n sostenida por el fiscal de Juicio, Dr. Eduardo Lennard fue fundada y resolvieron condenarlo a la pena de prisi\u00f3n perpetua, accesorias legales y costas al encontrarlo autor penalmente responsable del delito de \u201cHomicidio calificado por su comisi\u00f3n contra la persona con quien ha mantenido una relaci\u00f3n de pareja\u201d.<\/p>\n\n\n\n<p>Para arribar a dicha resoluci\u00f3n se basaron en los diversos elementos que se adjuntaron a la causa tras la investigaci\u00f3n realizada por la UFIJ N\u00ba 3 \u2013 a cargo del Dr. Pedro Illanes -, los cuales se ventilaron durante el debate oral llevado a cabo durante los d\u00edas 22 y 25 de febrero del corriente, en el marco de los protocolos vigentes. Esos d\u00edas estuvieron presentes amigos y familiares de <a href=\"https:\/\/www.hoymercedes.com.ar\/principal\/2021\/02\/22\/pedido-de-justicia-por-el-femicidio-de-catalina-dargel\/\" data-type=\"post\" data-id=\"125229\">Katy reclamando justicia<\/a> en las puertas de los Tribunales de Mercedes. <\/p>\n\n\n\n<p>Fuente: Ministerio P\u00fablico fiscal y Noticias Marcos Paz<\/p>\n","protected":false},"excerpt":{"rendered":"<p>En la jornada del 4 de marzo \u00faltimo el Tribunal Oral en lo Criminal N.\u00ba 4 del Departamento Judicial de &#8230; <a title=\"Condenaron a prisi\u00f3n perpetua al femicida de Katy Dargel\" class=\"read-more\" href=\"https:\/\/www.hoymercedes.com.ar\/principal\/2021\/03\/06\/condenaron-a-prision-perpetua-al-femicida-de-katy-dargel\/\" aria-label=\"Leer m\u00e1s sobre Condenaron a prisi\u00f3n perpetua al femicida de Katy Dargel\">Leer m\u00e1s<\/a><\/p>\n","protected":false},"author":1,"featured_media":125833,"comment_status":"closed","ping_status":"open","sticky":false,"template":"","format":"standard","meta":{"_monsterinsights_skip_tracking":false,"_monsterinsights_sitenote_active":false,"_monsterinsights_sitenote_note":"","_monsterinsights_sitenote_category":0,"jetpack_post_was_ever_published":false,"_jetpack_newsletter_access":"","_jetpack_dont_email_post_to_subs":false,"_jetpack_newsletter_tier_id":0,"_jetpack_memberships_contains_paywalled_content":false,"_jetpack_memberships_contains_paid_content":false,"footnotes":"","jetpack_publicize_message":"","jetpack_publicize_feature_enabled":true,"jetpack_social_post_already_shared":true,"jetpack_social_options":{"image_generator_settings":{"template":"highway","default_image_id":0,"font":"","enabled":false},"version":2},"_wpas_customize_per_network":false},"categories":[85],"tags":[],"class_list":["post-125832","post","type-post","status-publish","format-standard","has-post-thumbnail","hentry","category-policial","generate-columns","tablet-grid-50","mobile-grid-100","grid-parent","grid-50"],"jetpack_publicize_connections":[],"jetpack_featured_media_url":"https:\/\/www.hoymercedes.com.ar\/principal\/wp-content\/uploads\/2021\/03\/06-kati-dargel-marcos-paz.jpg","wps_subtitle":"","jetpack_sharing_enabled":true,"jetpack-related-posts":[{"id":173778,"url":"https:\/\/www.hoymercedes.com.ar\/principal\/2024\/03\/09\/aprehendieron-a-mercedino-por-el-femicidio-natalia-galardo-en-open-door\/","url_meta":{"origin":125832,"position":0},"title":"Aprehendieron a mercedino por el femicidio Natalia Galardo en Open Door","author":"hoymercedes","date":"9 marzo, 2024","format":false,"excerpt":"En la jornada del s\u00e1bado 9, se conoci\u00f3 por un llamado al 911 que una mujer de 33 a\u00f1os se encontraba arrojada en la v\u00eda p\u00fablica con serias heridas, y sin signos vitales en la localidad de Open Door, partido de Luj\u00e1n. Tras las primeras averiguaciones se logr\u00f3 establecer que\u2026","rel":"","context":"En \u00abPolicial\u00bb","block_context":{"text":"Policial","link":"https:\/\/www.hoymercedes.com.ar\/principal\/category\/policial\/"},"img":{"alt_text":"","src":"https:\/\/i0.wp.com\/www.hoymercedes.com.ar\/principal\/wp-content\/uploads\/2024\/03\/FB_IMG_1710019532581.jpg?resize=350%2C200&ssl=1","width":350,"height":200,"srcset":"https:\/\/i0.wp.com\/www.hoymercedes.com.ar\/principal\/wp-content\/uploads\/2024\/03\/FB_IMG_1710019532581.jpg?resize=350%2C200&ssl=1 1x, https:\/\/i0.wp.com\/www.hoymercedes.com.ar\/principal\/wp-content\/uploads\/2024\/03\/FB_IMG_1710019532581.jpg?resize=525%2C300&ssl=1 1.5x"},"classes":[]},{"id":177530,"url":"https:\/\/www.hoymercedes.com.ar\/principal\/2024\/07\/28\/lujan-rocio-con-nafta-y-quiso-quemar-a-su-pareja\/","url_meta":{"origin":125832,"position":1},"title":"Luj\u00e1n: roci\u00f3 con nafta y quiso quemar a su pareja","author":"hoymercedes","date":"28 julio, 2024","format":false,"excerpt":"Un hombre fue detenido tras el grav\u00edsimo hecho. Interviene la Comisar\u00eda de la Mujer de la vecina localidad. Fue en el barrio Ameghino y el detenido tiene 45 a\u00f1os de edad. Seg\u00fan se supo, el violento acontecimiento incluy\u00f3 que el agresor rociara con nafta a una mujer de 31 a\u00f1os\u2026","rel":"","context":"En \u00abPolicial\u00bb","block_context":{"text":"Policial","link":"https:\/\/www.hoymercedes.com.ar\/principal\/category\/policial\/"},"img":{"alt_text":"Luj\u00e1n: roci\u00f3 con nafta y quiso quemar a su pareja","src":"https:\/\/i0.wp.com\/www.hoymercedes.com.ar\/principal\/wp-content\/uploads\/2024\/07\/Detenido-ViolenciadeGenero-Lujan.jpg?resize=350%2C200&ssl=1","width":350,"height":200,"srcset":"https:\/\/i0.wp.com\/www.hoymercedes.com.ar\/principal\/wp-content\/uploads\/2024\/07\/Detenido-ViolenciadeGenero-Lujan.jpg?resize=350%2C200&ssl=1 1x, https:\/\/i0.wp.com\/www.hoymercedes.com.ar\/principal\/wp-content\/uploads\/2024\/07\/Detenido-ViolenciadeGenero-Lujan.jpg?resize=525%2C300&ssl=1 1.5x, https:\/\/i0.wp.com\/www.hoymercedes.com.ar\/principal\/wp-content\/uploads\/2024\/07\/Detenido-ViolenciadeGenero-Lujan.jpg?resize=700%2C400&ssl=1 2x"},"classes":[]},{"id":178140,"url":"https:\/\/www.hoymercedes.com.ar\/principal\/2024\/08\/22\/un-detenido-por-varios-hechos-delictivos\/","url_meta":{"origin":125832,"position":2},"title":"Un detenido por varios hechos delictivos","author":"hoymercedes","date":"22 agosto, 2024","format":false,"excerpt":"En la jornada del martes 20 se llev\u00f3 a cabo la detenci\u00f3n de un sujeto de 22 a\u00f1os por hechos de robo y de violencia de g\u00e9nero. En la jornada del 10 de agosto del corriente, en horas de la ma\u00f1ana, un vecino de la ciudad de Mercedes fue sorprendido\u2026","rel":"","context":"En \u00abSociedad\u00bb","block_context":{"text":"Sociedad","link":"https:\/\/www.hoymercedes.com.ar\/principal\/category\/sociedad\/"},"img":{"alt_text":"","src":"https:\/\/i0.wp.com\/www.hoymercedes.com.ar\/principal\/wp-content\/uploads\/2019\/04\/01-policial.jpg?resize=350%2C200&ssl=1","width":350,"height":200,"srcset":"https:\/\/i0.wp.com\/www.hoymercedes.com.ar\/principal\/wp-content\/uploads\/2019\/04\/01-policial.jpg?resize=350%2C200&ssl=1 1x, https:\/\/i0.wp.com\/www.hoymercedes.com.ar\/principal\/wp-content\/uploads\/2019\/04\/01-policial.jpg?resize=525%2C300&ssl=1 1.5x, https:\/\/i0.wp.com\/www.hoymercedes.com.ar\/principal\/wp-content\/uploads\/2019\/04\/01-policial.jpg?resize=700%2C400&ssl=1 2x"},"classes":[]},{"id":160823,"url":"https:\/\/www.hoymercedes.com.ar\/principal\/2023\/04\/12\/perpetua-por-matar-al-ex-de-su-pareja\/","url_meta":{"origin":125832,"position":3},"title":"Perpetua por matar al ex de su pareja","author":"hoymercedes","date":"12 abril, 2023","format":false,"excerpt":"En la jornada del 4 de abril del corriente se dio a conocer en el Tribunal Oral en lo Criminal N\u00b0 3 del Departamento Judicial Mercedes, el veredicto en el marco del debate oral y p\u00fablico contra Virginia Da Silva Cabral (34 a\u00f1os, de nacionalidad paraguaya) y Edgar Ram\u00f3n Salinas\u2026","rel":"","context":"En \u00abPolicial\u00bb","block_context":{"text":"Policial","link":"https:\/\/www.hoymercedes.com.ar\/principal\/category\/policial\/"},"img":{"alt_text":"Polic\u00eda Comunal Mercedes","src":"https:\/\/i0.wp.com\/www.hoymercedes.com.ar\/principal\/wp-content\/uploads\/2021\/04\/PoliciaComual.jpg?resize=350%2C200&ssl=1","width":350,"height":200,"srcset":"https:\/\/i0.wp.com\/www.hoymercedes.com.ar\/principal\/wp-content\/uploads\/2021\/04\/PoliciaComual.jpg?resize=350%2C200&ssl=1 1x, https:\/\/i0.wp.com\/www.hoymercedes.com.ar\/principal\/wp-content\/uploads\/2021\/04\/PoliciaComual.jpg?resize=525%2C300&ssl=1 1.5x, https:\/\/i0.wp.com\/www.hoymercedes.com.ar\/principal\/wp-content\/uploads\/2021\/04\/PoliciaComual.jpg?resize=700%2C400&ssl=1 2x"},"classes":[]},{"id":149686,"url":"https:\/\/www.hoymercedes.com.ar\/principal\/2022\/06\/22\/un-detenido-por-abuso-sexual-agravado\/","url_meta":{"origin":125832,"position":4},"title":"Un detenido por abuso sexual agravado\u00a0","author":"hoymercedes","date":"22 junio, 2022","format":false,"excerpt":"En la jornada del pasado viernes 17 de junio se llev\u00f3\u00a0 a cabo la detenci\u00f3n de un sujeto sobre el que tramitaba una denuncia por abuso sexual agravado en la localidad de Mercedes.\u00a0 De acuerdo a lo que pudo conocerse, el 31 de marzo del corriente, una mujer denunci\u00f3 que\u2026","rel":"","context":"En \u00abPolicial\u00bb","block_context":{"text":"Policial","link":"https:\/\/www.hoymercedes.com.ar\/principal\/category\/policial\/"},"img":{"alt_text":"Polic\u00eda Comunal Mercedes","src":"https:\/\/i0.wp.com\/www.hoymercedes.com.ar\/principal\/wp-content\/uploads\/2021\/03\/02-movil-policia.jpg?resize=350%2C200&ssl=1","width":350,"height":200,"srcset":"https:\/\/i0.wp.com\/www.hoymercedes.com.ar\/principal\/wp-content\/uploads\/2021\/03\/02-movil-policia.jpg?resize=350%2C200&ssl=1 1x, https:\/\/i0.wp.com\/www.hoymercedes.com.ar\/principal\/wp-content\/uploads\/2021\/03\/02-movil-policia.jpg?resize=525%2C300&ssl=1 1.5x, https:\/\/i0.wp.com\/www.hoymercedes.com.ar\/principal\/wp-content\/uploads\/2021\/03\/02-movil-policia.jpg?resize=700%2C400&ssl=1 2x"},"classes":[]},{"id":157809,"url":"https:\/\/www.hoymercedes.com.ar\/principal\/2023\/01\/30\/hombre-detenido-por-intento-de-femicidio\/","url_meta":{"origin":125832,"position":5},"title":"Hombre detenido por intento de femicidio","author":"hoymercedes","date":"30 enero, 2023","format":false,"excerpt":"D\u00edas pasados fue detenido un sujeto mayor de edad, tendr\u00eda 29 a\u00f1os y ser\u00eda de Chacabuco, tras atacar a su pareja (de 27 a\u00f1os oriunda de Chivilcoy) con un arma blanca y provocarle heridas que pusieron en riesgo su vida.","rel":"","context":"En \u00abPolicial\u00bb","block_context":{"text":"Policial","link":"https:\/\/www.hoymercedes.com.ar\/principal\/category\/policial\/"},"img":{"alt_text":"","src":"https:\/\/i0.wp.com\/www.hoymercedes.com.ar\/principal\/wp-content\/uploads\/2023\/01\/2023-01-30-2.png?resize=350%2C200&ssl=1","width":350,"height":200,"srcset":"https:\/\/i0.wp.com\/www.hoymercedes.com.ar\/principal\/wp-content\/uploads\/2023\/01\/2023-01-30-2.png?resize=350%2C200&ssl=1 1x, https:\/\/i0.wp.com\/www.hoymercedes.com.ar\/principal\/wp-content\/uploads\/2023\/01\/2023-01-30-2.png?resize=525%2C300&ssl=1 1.5x"},"classes":[]}],"_links":{"self":[{"href":"https:\/\/www.hoymercedes.com.ar\/principal\/wp-json\/wp\/v2\/posts\/125832","targetHints":{"allow":["GET"]}}],"collection":[{"href":"https:\/\/www.hoymercedes.com.ar\/principal\/wp-json\/wp\/v2\/posts"}],"about":[{"href":"https:\/\/www.hoymercedes.com.ar\/principal\/wp-json\/wp\/v2\/types\/post"}],"author":[{"embeddable":true,"href":"https:\/\/www.hoymercedes.com.ar\/principal\/wp-json\/wp\/v2\/users\/1"}],"replies":[{"embeddable":true,"href":"https:\/\/www.hoymercedes.com.ar\/principal\/wp-json\/wp\/v2\/comments?post=125832"}],"version-history":[{"count":0,"href":"https:\/\/www.hoymercedes.com.ar\/principal\/wp-json\/wp\/v2\/posts\/125832\/revisions"}],"wp:featuredmedia":[{"embeddable":true,"href":"https:\/\/www.hoymercedes.com.ar\/principal\/wp-json\/wp\/v2\/media\/125833"}],"wp:attachment":[{"href":"https:\/\/www.hoymercedes.com.ar\/principal\/wp-json\/wp\/v2\/media?parent=125832"}],"wp:term":[{"taxonomy":"category","embeddable":true,"href":"https:\/\/www.hoymercedes.com.ar\/principal\/wp-json\/wp\/v2\/categories?post=125832"},{"taxonomy":"post_tag","embeddable":true,"href":"https:\/\/www.hoymercedes.com.ar\/principal\/wp-json\/wp\/v2\/tags?post=125832"}],"curies":[{"name":"wp","href":"https:\/\/api.w.org\/{rel}","templated":true}]}}