{"id":125868,"date":"2021-03-07T18:24:00","date_gmt":"2021-03-07T21:24:00","guid":{"rendered":"http:\/\/www.hoymercedes.com.ar\/principal\/?p=125868"},"modified":"2021-03-07T21:48:49","modified_gmt":"2021-03-08T00:48:49","slug":"municipio-inauguro-dos-canchas-de-tenis-profesional-en-el-parque","status":"publish","type":"post","link":"https:\/\/www.hoymercedes.com.ar\/principal\/2021\/03\/07\/municipio-inauguro-dos-canchas-de-tenis-profesional-en-el-parque\/","title":{"rendered":"Municipio inaugur\u00f3 dos canchas de tenis profesional en el Parque"},"content":{"rendered":"\n<p>Informaci\u00f3n Municipal &#8211;  El jefe comunal acompa\u00f1\u00f3 la actividad programada para dar inauguraci\u00f3n a las 2 canchas profesionales de tenis r\u00e1pido de cemento construidas en el polideportivo a cielo abierto del Parque Municipal. Hubo partidos de exhibici\u00f3n protocolizados. La obra estuvo planificada por la Direcci\u00f3n de Deportes. Son \u00fanicas en la regi\u00f3n y una de las pocas en el pa\u00eds de car\u00e1cter p\u00fablico. Adem\u00e1s, permitir\u00e1n apuntalar la Escuela Municipal de Tenis. \u00a0<\/p>\n\n\n\n<div class=\"wp-block-image\"><figure class=\"aligncenter size-large\"><img loading=\"lazy\" decoding=\"async\" width=\"800\" height=\"533\" data-attachment-id=\"125872\" data-permalink=\"https:\/\/www.hoymercedes.com.ar\/principal\/2021\/03\/07\/hcd-piden-informe-sobre-la-vacunacion-contra-el-coronavirus\/dsc04760\/#main\" data-orig-file=\"https:\/\/www.hoymercedes.com.ar\/principal\/wp-content\/uploads\/2021\/03\/DSC04760-e1615163792586.jpg\" data-orig-size=\"800,533\" data-comments-opened=\"0\" data-image-meta=\"{&quot;aperture&quot;:&quot;0&quot;,&quot;credit&quot;:&quot;&quot;,&quot;camera&quot;:&quot;&quot;,&quot;caption&quot;:&quot;&quot;,&quot;created_timestamp&quot;:&quot;0&quot;,&quot;copyright&quot;:&quot;&quot;,&quot;focal_length&quot;:&quot;0&quot;,&quot;iso&quot;:&quot;0&quot;,&quot;shutter_speed&quot;:&quot;0&quot;,&quot;title&quot;:&quot;&quot;,&quot;orientation&quot;:&quot;0&quot;}\" data-image-title=\"DSC04760\" data-image-description=\"\" data-image-caption=\"\" data-large-file=\"https:\/\/www.hoymercedes.com.ar\/principal\/wp-content\/uploads\/2021\/03\/DSC04760-e1615163792586.jpg\" src=\"https:\/\/www.hoymercedes.com.ar\/principal\/wp-content\/uploads\/2021\/03\/DSC04760-e1615163792586.jpg\" alt=\"\" class=\"wp-image-125872\"\/><\/figure><\/div>\n\n\n\n<p>Nacho Acenso coment\u00f3 que \u201ccreo esto es muy bueno, han hecho una gran obra, que la hicieron profesionalmente y creo que la ciudad va a poder contar con una infraestructura de primer nivel que ojal\u00e1 lo disfrutemos y se valore, porque son canchas que no hay en muchos lugares, muchas ciudades desear\u00edan tenerlas seguramente as\u00ed que ojal\u00e1 le demos un buen uso y se valore lo que est\u00e1 haciendo Juani por el deporte y en este caso con el tenis, pero con todos los deportes y en general porque se nos ve inundados de distintas actividades\u201d afirm\u00f3 el reconocido deportistas Ignacio Acenso.&nbsp;<\/p>\n\n\n\n<p>M\u00e1s adelante Acenso coment\u00f3 sobre la motivaci\u00f3n que puede dar a la ciudad y&nbsp;&nbsp;\u201clo m\u00e1s importante es venir y utilizarlas, organizarse con los chicos de deportes y probar la cancha, jugar, ir tom\u00e1ndole el gustito, porque es una superficie diferente a la que no estamos acostumbrados ac\u00e1 en Mercedes, tampoco a nivel nacional, porque nuestro fuerte es el polvo de ladrillo, pero en la ciudad no hay otro lugar as\u00ed que es una gran motivaci\u00f3n y esta novedad puede contribuir mucho para utilizarla\u201d afirm\u00f3 qui\u00e9n asesor\u00f3 al \u00e1rea de deportes en detalles t\u00e9cnicos para la realizaci\u00f3n de las dos canchas de tenis r\u00e1pido profesional y quien es miembro de la Asociaci\u00f3n Argentina de Tenis. &nbsp;<\/p>\n\n\n\n<p>Al respecto, el jefe comunal Juan Ignacio Ustarroz expres\u00f3 que \u201cestamos muy contentos por todo ya que en este hermoso d\u00eda se puede apreciar el crecimiento y desarrollo de nuestro parque municipal y estas canchas que son profesionales, siendo una gran inversi\u00f3n en materia deportiva, porque jerarquiza la ciudad en el tenis y tambi\u00e9n facilita promover una escuela municipal de tenis\u201d\u00a0<\/p>\n\n\n\n<p>Narr\u00f3 que \u201csi recorremos el parque lo vemos creciendo, tambi\u00e9n con kayaks, con bicicletas, con clubes, y es un proyecto deportivo muy fuerte, donde la pandemia sin duda puso en valor lo que significa el deporte como campo de formaci\u00f3n del ser humano y esto del v\u00ednculo con la naturaleza\u201d coment\u00f3 el intendente.&nbsp;<\/p>\n\n\n\n<p>Tambi\u00e9n sostuvo que \u201cestos espacios debemos fomentarlos cada vez m\u00e1s\u201d y \u201cagradecemos a cada integrante de la direcci\u00f3n de deportes y tambi\u00e9n a Nacho Acenso que tambi\u00e9n nos asesor\u00f3 gratuitamente y efectu\u00f3 un gran aporte a la ciudad y cada tenista que hoy est\u00e1n ac\u00e1 presentes\u201d mencionando que \u201cservir\u00e1 para efectuar campeonatos regionales, proyectar nuestros tenistas y esto forma parte de una gran planificaci\u00f3n que se hizo en la ciudad, porque si uno analiza el famoso librito azul que cumplimos casi un 90% detectaremos que estas canchas no estaban, los kayak tampoco, y tantas otras realidades nuevas que en definitiva es un sue\u00f1o hecho realidad\u201d.&nbsp;<\/p>\n\n\n\n<p>Mart\u00edn Silvestre, director de deportes, afirm\u00f3 que \u201cestamos muy contentos. La pandemia ahora nos permite empezar a usar las canchas que estaban terminadas en marzo del a\u00f1o pasado esperando a ser inauguradas y hoy con esta convocatoria reducida por la pandemia y la presencia de algunos tenistas de mercedes, algunos chicos, en el marco de un proyecto pensado para todo el mes donde cada s\u00e1bado habr\u00e1 actividades para diferentes interesados\u201d&nbsp;<\/p>\n\n\n\n<p>Mariana Saboredo, directora del \u00e1rea, narr\u00f3 que \u201ctenemos ya mucha demanda para el uso de las canchas y lo que ser\u00e1 la escuelita que vamos a comenzar con todos los protocolos requeridos para la actividad, pero tambi\u00e9n las y los vecinos van a poder venir a utilizarla de manera gratuita, a trav\u00e9s de turnos, van a poder venir a asesorarse e informarse en la oficina que tenemos en el predio\u201d sostuvo y destaco que \u201cestamos felices de poder dar este puntapi\u00e9, sabiendo que en la zona son las \u00fanicas canchas de este tipo\u201d&nbsp;<\/p>\n\n\n\n<p>La actividad fue durante la jornada del s\u00e1bado y se prev\u00e9 contin\u00fae cada s\u00e1bado con distintos torneos donde qui\u00e9n desee participar y obtener un turno puede acercarse a la direcci\u00f3n de deportes o a la oficina de atenci\u00f3n montada en el polideportivo que se est\u00e1 construyendo y donde se encuentran las canchas dentro del Parque Municipal. &nbsp;<\/p>\n\n\n\n<p><\/p>\n","protected":false},"excerpt":{"rendered":"<p>Informaci\u00f3n Municipal &#8211; El jefe comunal acompa\u00f1\u00f3 la actividad programada para dar inauguraci\u00f3n a las 2 canchas profesionales de tenis &#8230; <a title=\"Municipio inaugur\u00f3 dos canchas de tenis profesional en el Parque\" class=\"read-more\" href=\"https:\/\/www.hoymercedes.com.ar\/principal\/2021\/03\/07\/municipio-inauguro-dos-canchas-de-tenis-profesional-en-el-parque\/\" aria-label=\"Leer m\u00e1s sobre Municipio inaugur\u00f3 dos canchas de tenis profesional en el Parque\">Leer m\u00e1s<\/a><\/p>\n","protected":false},"author":1,"featured_media":125872,"comment_status":"closed","ping_status":"open","sticky":false,"template":"","format":"standard","meta":{"_monsterinsights_skip_tracking":false,"_monsterinsights_sitenote_active":false,"_monsterinsights_sitenote_note":"","_monsterinsights_sitenote_category":0,"jetpack_post_was_ever_published":false,"_jetpack_newsletter_access":"","_jetpack_dont_email_post_to_subs":false,"_jetpack_newsletter_tier_id":0,"_jetpack_memberships_contains_paywalled_content":false,"_jetpack_memberships_contains_paid_content":false,"footnotes":"","jetpack_publicize_message":"","jetpack_publicize_feature_enabled":true,"jetpack_social_post_already_shared":true,"jetpack_social_options":{"image_generator_settings":{"template":"highway","default_image_id":0,"font":"","enabled":false},"version":2},"_wpas_customize_per_network":false},"categories":[21],"tags":[],"class_list":["post-125868","post","type-post","status-publish","format-standard","has-post-thumbnail","hentry","category-deportes","generate-columns","tablet-grid-50","mobile-grid-100","grid-parent","grid-50"],"jetpack_publicize_connections":[],"jetpack_featured_media_url":"https:\/\/www.hoymercedes.com.ar\/principal\/wp-content\/uploads\/2021\/03\/DSC04760-e1615163792586.jpg","wps_subtitle":"","jetpack_sharing_enabled":true,"jetpack-related-posts":[{"id":125792,"url":"https:\/\/www.hoymercedes.com.ar\/principal\/2021\/03\/05\/inauguraran-las-canchas-profesionales-de-tenis-en-el-parque-municipal\/","url_meta":{"origin":125868,"position":0},"title":"Inaugurar\u00e1n las canchas profesionales de tenis en el Parque Municipal","author":"hoymercedes","date":"5 marzo, 2021","format":false,"excerpt":"Informaci\u00f3n Municipal - El \u201cMes de la Inauguraci\u00f3n\u201d contar\u00e1 con un campeonato por s\u00e1bado, programado para que distintos actores de la ciudad puedan disfrutar del nuevo espacio. Ser\u00e1 con los protocolos correspondientes y para ello ya est\u00e1 trabajando la Direcci\u00f3n de Deportes a cargo de Mart\u00edn Silvestre y Mariana Saboredo.\u2026","rel":"","context":"En \u00abDeportes\u00bb","block_context":{"text":"Deportes","link":"https:\/\/www.hoymercedes.com.ar\/principal\/category\/deportes\/"},"img":{"alt_text":"","src":"https:\/\/i0.wp.com\/www.hoymercedes.com.ar\/principal\/wp-content\/uploads\/2021\/03\/900-2.jpeg?resize=350%2C200&ssl=1","width":350,"height":200,"srcset":"https:\/\/i0.wp.com\/www.hoymercedes.com.ar\/principal\/wp-content\/uploads\/2021\/03\/900-2.jpeg?resize=350%2C200&ssl=1 1x, https:\/\/i0.wp.com\/www.hoymercedes.com.ar\/principal\/wp-content\/uploads\/2021\/03\/900-2.jpeg?resize=525%2C300&ssl=1 1.5x, https:\/\/i0.wp.com\/www.hoymercedes.com.ar\/principal\/wp-content\/uploads\/2021\/03\/900-2.jpeg?resize=700%2C400&ssl=1 2x"},"classes":[]},{"id":100110,"url":"https:\/\/www.hoymercedes.com.ar\/principal\/2019\/09\/20\/avanza-el-polideportivo-en-el-parque-municipal-con-obras-para-canchas-de-tenis\/","url_meta":{"origin":125868,"position":1},"title":"Avanza el polideportivo en el Parque Municipal con obras para canchas de tenis","author":"hoymercedes","date":"20 septiembre, 2019","format":false,"excerpt":"El Municipio de Mercedes avanza en las obras dispuestas en el parque nuevo para la construcci\u00f3n de un nuevo polideportivo a cielo abierto. Esta nueva obra se suma a los espacios municipales desarrollados en los \u00faltimos a\u00f1os que han cuantificado la infraestructura deportiva y recreativa en toda la ciudad. El\u2026","rel":"","context":"En \u00abDeportes\u00bb","block_context":{"text":"Deportes","link":"https:\/\/www.hoymercedes.com.ar\/principal\/category\/deportes\/"},"img":{"alt_text":"","src":"https:\/\/i0.wp.com\/www.hoymercedes.com.ar\/principal\/wp-content\/uploads\/2019\/09\/Homigonado-Tenis-Parque-4.jpeg?resize=350%2C200&ssl=1","width":350,"height":200,"srcset":"https:\/\/i0.wp.com\/www.hoymercedes.com.ar\/principal\/wp-content\/uploads\/2019\/09\/Homigonado-Tenis-Parque-4.jpeg?resize=350%2C200&ssl=1 1x, https:\/\/i0.wp.com\/www.hoymercedes.com.ar\/principal\/wp-content\/uploads\/2019\/09\/Homigonado-Tenis-Parque-4.jpeg?resize=525%2C300&ssl=1 1.5x, https:\/\/i0.wp.com\/www.hoymercedes.com.ar\/principal\/wp-content\/uploads\/2019\/09\/Homigonado-Tenis-Parque-4.jpeg?resize=700%2C400&ssl=1 2x, https:\/\/i0.wp.com\/www.hoymercedes.com.ar\/principal\/wp-content\/uploads\/2019\/09\/Homigonado-Tenis-Parque-4.jpeg?resize=1050%2C600&ssl=1 3x"},"classes":[]},{"id":157617,"url":"https:\/\/www.hoymercedes.com.ar\/principal\/2023\/01\/24\/avanza-la-construccion-del-sum-del-parque-municipal\/","url_meta":{"origin":125868,"position":2},"title":"Avanza la construcci\u00f3n del SUM del Parque Municipal","author":"hoymercedes","date":"24 enero, 2023","format":false,"excerpt":"En el polideportivo a cielo abierto de la Direcci\u00f3n de Deportes en el Parque Municipal contin\u00faa la construcci\u00f3n de un impresionante Sal\u00f3n de Usos M\u00faltiples que permitir\u00e1 desarrollar actividades de distintos \u00f3rdenes. \"Es una nueva infraestructura que estar\u00e1 disponible para nuestra comunidad. Podr\u00e1n efectuarse conferencias, capacitaciones, intervenciones deportivas, acciones educativas\u2026","rel":"","context":"En \u00abMunicipio\u00bb","block_context":{"text":"Municipio","link":"https:\/\/www.hoymercedes.com.ar\/principal\/category\/municipio\/"},"img":{"alt_text":"","src":"https:\/\/i0.wp.com\/www.hoymercedes.com.ar\/principal\/wp-content\/uploads\/2023\/01\/Sum-Deportes.1.jpg?resize=350%2C200&ssl=1","width":350,"height":200,"srcset":"https:\/\/i0.wp.com\/www.hoymercedes.com.ar\/principal\/wp-content\/uploads\/2023\/01\/Sum-Deportes.1.jpg?resize=350%2C200&ssl=1 1x, https:\/\/i0.wp.com\/www.hoymercedes.com.ar\/principal\/wp-content\/uploads\/2023\/01\/Sum-Deportes.1.jpg?resize=525%2C300&ssl=1 1.5x, https:\/\/i0.wp.com\/www.hoymercedes.com.ar\/principal\/wp-content\/uploads\/2023\/01\/Sum-Deportes.1.jpg?resize=700%2C400&ssl=1 2x"},"classes":[]},{"id":127557,"url":"https:\/\/www.hoymercedes.com.ar\/principal\/2021\/04\/05\/jano-behro-el-mejor-en-el-parque-municipal\/","url_meta":{"origin":125868,"position":3},"title":"Jano Behro, el mejor en el Parque Municipal","author":"hoymercedes","date":"5 abril, 2021","format":false,"excerpt":"El pasado jueves se llev\u00f3 a cabo la tercera etapa del torneo de inauguraci\u00f3n de canchas municipales de tenis \u201cMary Ter\u00e1n de Weiss\u201d.\u00a0\u00a0Dicho evento est\u00e1 dirigido a los menores, disputado en la modalidad de singles, reuniendo 12 jugadores.\u00a0\u00a0 En tanto, los resultados del\u00a0 jueves 1 de abril fueron los siguientes:\u00a0\u2026","rel":"","context":"En \u00abDeportes\u00bb","block_context":{"text":"Deportes","link":"https:\/\/www.hoymercedes.com.ar\/principal\/category\/deportes\/"},"img":{"alt_text":"","src":"https:\/\/i0.wp.com\/www.hoymercedes.com.ar\/principal\/wp-content\/uploads\/2021\/04\/WhatsApp-Image-2021-04-05-at-12.12.47.jpeg?resize=350%2C200&ssl=1","width":350,"height":200,"srcset":"https:\/\/i0.wp.com\/www.hoymercedes.com.ar\/principal\/wp-content\/uploads\/2021\/04\/WhatsApp-Image-2021-04-05-at-12.12.47.jpeg?resize=350%2C200&ssl=1 1x, https:\/\/i0.wp.com\/www.hoymercedes.com.ar\/principal\/wp-content\/uploads\/2021\/04\/WhatsApp-Image-2021-04-05-at-12.12.47.jpeg?resize=525%2C300&ssl=1 1.5x, https:\/\/i0.wp.com\/www.hoymercedes.com.ar\/principal\/wp-content\/uploads\/2021\/04\/WhatsApp-Image-2021-04-05-at-12.12.47.jpeg?resize=700%2C400&ssl=1 2x"},"classes":[]},{"id":132861,"url":"https:\/\/www.hoymercedes.com.ar\/principal\/2021\/07\/05\/comienza-la-etapa-local-de-los-torneos-bonaerenses\/","url_meta":{"origin":125868,"position":4},"title":"Comienza la etapa local de los Torneos Bonaerenses","author":"hoymercedes","date":"5 julio, 2021","format":false,"excerpt":"Desde la direcci\u00f3n de Deportes municipal dieron a conocer las fechas para la primera etapa. Se realizar\u00e1n competencias en atletismo, tenis, ajedrez, b\u00e1squet 3x3, padel, tenis de mesa, Beach voley, nataci\u00f3n y acuatl\u00f3n.\u00a0\u00a0 Con la baja de casos de covid 19que se viene produciendo en el distrito de Mercedes, las\u2026","rel":"","context":"En \u00abDeportes\u00bb","block_context":{"text":"Deportes","link":"https:\/\/www.hoymercedes.com.ar\/principal\/category\/deportes\/"},"img":{"alt_text":"","src":"https:\/\/i0.wp.com\/www.hoymercedes.com.ar\/principal\/wp-content\/uploads\/2021\/03\/29-juegos-provincia.jpeg?resize=350%2C200&ssl=1","width":350,"height":200,"srcset":"https:\/\/i0.wp.com\/www.hoymercedes.com.ar\/principal\/wp-content\/uploads\/2021\/03\/29-juegos-provincia.jpeg?resize=350%2C200&ssl=1 1x, https:\/\/i0.wp.com\/www.hoymercedes.com.ar\/principal\/wp-content\/uploads\/2021\/03\/29-juegos-provincia.jpeg?resize=525%2C300&ssl=1 1.5x, https:\/\/i0.wp.com\/www.hoymercedes.com.ar\/principal\/wp-content\/uploads\/2021\/03\/29-juegos-provincia.jpeg?resize=700%2C400&ssl=1 2x"},"classes":[]},{"id":128270,"url":"https:\/\/www.hoymercedes.com.ar\/principal\/2021\/04\/16\/jano-behro-gano-en-una-fecha-de-tenis-en-las-canchas-municipales\/","url_meta":{"origin":125868,"position":5},"title":"Jano Behro gan\u00f3 en una fecha de tenis en las canchas municipales","author":"hoymercedes","date":"16 abril, 2021","format":false,"excerpt":"En las canchas profesionales municipales de tenis \u201cMary Ter\u00e1n de Weiss\u201d, se pudo llevar adelante una nueva participaci\u00f3n protocolizada correspondiente al \u201cMes de la Inauguraci\u00f3n\u201d. Dicha propuesta cuenta con un campeonato por fin de semana para que distintos actores de la ciudad puedan disfrutar del nuevo espacio y, en este\u2026","rel":"","context":"En \u00abDeportes\u00bb","block_context":{"text":"Deportes","link":"https:\/\/www.hoymercedes.com.ar\/principal\/category\/deportes\/"},"img":{"alt_text":"","src":"https:\/\/i0.wp.com\/www.hoymercedes.com.ar\/principal\/wp-content\/uploads\/2021\/04\/15-cancha-de-tenis.jpg?resize=350%2C200&ssl=1","width":350,"height":200,"srcset":"https:\/\/i0.wp.com\/www.hoymercedes.com.ar\/principal\/wp-content\/uploads\/2021\/04\/15-cancha-de-tenis.jpg?resize=350%2C200&ssl=1 1x, https:\/\/i0.wp.com\/www.hoymercedes.com.ar\/principal\/wp-content\/uploads\/2021\/04\/15-cancha-de-tenis.jpg?resize=525%2C300&ssl=1 1.5x, https:\/\/i0.wp.com\/www.hoymercedes.com.ar\/principal\/wp-content\/uploads\/2021\/04\/15-cancha-de-tenis.jpg?resize=700%2C400&ssl=1 2x"},"classes":[]}],"_links":{"self":[{"href":"https:\/\/www.hoymercedes.com.ar\/principal\/wp-json\/wp\/v2\/posts\/125868","targetHints":{"allow":["GET"]}}],"collection":[{"href":"https:\/\/www.hoymercedes.com.ar\/principal\/wp-json\/wp\/v2\/posts"}],"about":[{"href":"https:\/\/www.hoymercedes.com.ar\/principal\/wp-json\/wp\/v2\/types\/post"}],"author":[{"embeddable":true,"href":"https:\/\/www.hoymercedes.com.ar\/principal\/wp-json\/wp\/v2\/users\/1"}],"replies":[{"embeddable":true,"href":"https:\/\/www.hoymercedes.com.ar\/principal\/wp-json\/wp\/v2\/comments?post=125868"}],"version-history":[{"count":0,"href":"https:\/\/www.hoymercedes.com.ar\/principal\/wp-json\/wp\/v2\/posts\/125868\/revisions"}],"wp:featuredmedia":[{"embeddable":true,"href":"https:\/\/www.hoymercedes.com.ar\/principal\/wp-json\/wp\/v2\/media\/125872"}],"wp:attachment":[{"href":"https:\/\/www.hoymercedes.com.ar\/principal\/wp-json\/wp\/v2\/media?parent=125868"}],"wp:term":[{"taxonomy":"category","embeddable":true,"href":"https:\/\/www.hoymercedes.com.ar\/principal\/wp-json\/wp\/v2\/categories?post=125868"},{"taxonomy":"post_tag","embeddable":true,"href":"https:\/\/www.hoymercedes.com.ar\/principal\/wp-json\/wp\/v2\/tags?post=125868"}],"curies":[{"name":"wp","href":"https:\/\/api.w.org\/{rel}","templated":true}]}}