{"id":125882,"date":"2021-03-07T22:40:00","date_gmt":"2021-03-08T01:40:00","guid":{"rendered":"http:\/\/www.hoymercedes.com.ar\/principal\/?p=125882"},"modified":"2021-03-08T21:22:31","modified_gmt":"2021-03-09T00:22:31","slug":"mercedes-suma-6-nuevos-positivos-de-covid","status":"publish","type":"post","link":"https:\/\/www.hoymercedes.com.ar\/principal\/2021\/03\/07\/mercedes-suma-6-nuevos-positivos-de-covid\/","title":{"rendered":"Mercedes suma 6 nuevos positivos de covid"},"content":{"rendered":"\n<p>De acuerdo a la informaci\u00f3n epidemiol\u00f3gica brindada en el parte diario enviada por las autoridades de Mercedes, este domingo confirmaron 6 casos positivos de covid-19 entre los 20 an\u00e1lisis procesados en el d\u00eda de la fecha. Asimismo, informaron que seis pacientes recibieron el alta este d\u00eda seg\u00fan los protocolos vigentes. <\/p>\n\n\n\n<div class=\"wp-block-image\"><figure class=\"aligncenter size-large\"><img loading=\"lazy\" decoding=\"async\" width=\"800\" height=\"800\" data-attachment-id=\"125883\" data-permalink=\"https:\/\/www.hoymercedes.com.ar\/principal\/2021\/03\/07\/mercedes-suma-6-nuevos-positivos-de-covid\/whatsapp-image-2021-03-07-at-20-55-52\/#main\" data-orig-file=\"https:\/\/www.hoymercedes.com.ar\/principal\/wp-content\/uploads\/2021\/03\/WhatsApp-Image-2021-03-07-at-20.55.52.jpeg\" data-orig-size=\"800,800\" data-comments-opened=\"0\" data-image-meta=\"{&quot;aperture&quot;:&quot;0&quot;,&quot;credit&quot;:&quot;&quot;,&quot;camera&quot;:&quot;&quot;,&quot;caption&quot;:&quot;&quot;,&quot;created_timestamp&quot;:&quot;0&quot;,&quot;copyright&quot;:&quot;&quot;,&quot;focal_length&quot;:&quot;0&quot;,&quot;iso&quot;:&quot;0&quot;,&quot;shutter_speed&quot;:&quot;0&quot;,&quot;title&quot;:&quot;&quot;,&quot;orientation&quot;:&quot;0&quot;}\" data-image-title=\"WhatsApp Image 2021-03-07 at 20.55.52\" data-image-description=\"\" data-image-caption=\"\" data-large-file=\"https:\/\/www.hoymercedes.com.ar\/principal\/wp-content\/uploads\/2021\/03\/WhatsApp-Image-2021-03-07-at-20.55.52.jpeg\" src=\"https:\/\/www.hoymercedes.com.ar\/principal\/wp-content\/uploads\/2021\/03\/WhatsApp-Image-2021-03-07-at-20.55.52.jpeg\" alt=\"\" class=\"wp-image-125883\" srcset=\"https:\/\/www.hoymercedes.com.ar\/principal\/wp-content\/uploads\/2021\/03\/WhatsApp-Image-2021-03-07-at-20.55.52.jpeg 800w, https:\/\/www.hoymercedes.com.ar\/principal\/wp-content\/uploads\/2021\/03\/WhatsApp-Image-2021-03-07-at-20.55.52-620x620.jpeg 620w, https:\/\/www.hoymercedes.com.ar\/principal\/wp-content\/uploads\/2021\/03\/WhatsApp-Image-2021-03-07-at-20.55.52-150x150.jpeg 150w\" sizes=\"auto, (max-width: 800px) 100vw, 800px\" \/><\/figure><\/div>\n","protected":false},"excerpt":{"rendered":"<p>De acuerdo a la informaci\u00f3n epidemiol\u00f3gica brindada en el parte diario enviada por las autoridades de Mercedes, este domingo confirmaron &#8230; <a title=\"Mercedes suma 6 nuevos positivos de covid\" class=\"read-more\" href=\"https:\/\/www.hoymercedes.com.ar\/principal\/2021\/03\/07\/mercedes-suma-6-nuevos-positivos-de-covid\/\" aria-label=\"Leer m\u00e1s sobre Mercedes suma 6 nuevos positivos de covid\">Leer m\u00e1s<\/a><\/p>\n","protected":false},"author":1,"featured_media":125883,"comment_status":"closed","ping_status":"open","sticky":false,"template":"","format":"standard","meta":{"_monsterinsights_skip_tracking":false,"_monsterinsights_sitenote_active":false,"_monsterinsights_sitenote_note":"","_monsterinsights_sitenote_category":0,"jetpack_post_was_ever_published":false,"_jetpack_newsletter_access":"","_jetpack_dont_email_post_to_subs":false,"_jetpack_newsletter_tier_id":0,"_jetpack_memberships_contains_paywalled_content":false,"_jetpack_memberships_contains_paid_content":false,"footnotes":"","jetpack_publicize_message":"","jetpack_publicize_feature_enabled":true,"jetpack_social_post_already_shared":true,"jetpack_social_options":{"image_generator_settings":{"template":"highway","default_image_id":0,"font":"","enabled":false},"version":2},"_wpas_customize_per_network":false},"categories":[9791],"tags":[16175,16313,16940,134],"class_list":["post-125882","post","type-post","status-publish","format-standard","has-post-thumbnail","hentry","category-salud","tag-coronavirus","tag-covid-19","tag-positivos","tag-salud","generate-columns","tablet-grid-50","mobile-grid-100","grid-parent","grid-50"],"jetpack_publicize_connections":[],"jetpack_featured_media_url":"https:\/\/www.hoymercedes.com.ar\/principal\/wp-content\/uploads\/2021\/03\/WhatsApp-Image-2021-03-07-at-20.55.52.jpeg","wps_subtitle":"Parte diario","jetpack_sharing_enabled":true,"jetpack-related-posts":[{"id":124250,"url":"https:\/\/www.hoymercedes.com.ar\/principal\/2021\/02\/02\/suman-10-nuevos-positivos-de-covid-en-mercedes\/","url_meta":{"origin":125882,"position":0},"title":"Suman 10 nuevos positivos de covid en Mercedes","author":"hoymercedes","date":"2 febrero, 2021","format":false,"excerpt":"Desde el parte oficial informan que este martes 2 de febrero son 10 los nuevos casos positivos entre los 50 an\u00e1lisis procesados por el Laboratorio de Virolog\u00eda. Adem\u00e1s, confirman que doce pacientes obtuvieron el alta de acuerdo a los protocolos vigentes y en todo el sistema de salud (p\u00fablica y\u2026","rel":"","context":"En \u00abSalud\u00bb","block_context":{"text":"Salud","link":"https:\/\/www.hoymercedes.com.ar\/principal\/category\/salud\/"},"img":{"alt_text":"","src":"https:\/\/i0.wp.com\/www.hoymercedes.com.ar\/principal\/wp-content\/uploads\/2021\/02\/WhatsApp-Image-2021-02-02-at-21.34.12.jpeg?resize=350%2C200&ssl=1","width":350,"height":200,"srcset":"https:\/\/i0.wp.com\/www.hoymercedes.com.ar\/principal\/wp-content\/uploads\/2021\/02\/WhatsApp-Image-2021-02-02-at-21.34.12.jpeg?resize=350%2C200&ssl=1 1x, https:\/\/i0.wp.com\/www.hoymercedes.com.ar\/principal\/wp-content\/uploads\/2021\/02\/WhatsApp-Image-2021-02-02-at-21.34.12.jpeg?resize=525%2C300&ssl=1 1.5x, https:\/\/i0.wp.com\/www.hoymercedes.com.ar\/principal\/wp-content\/uploads\/2021\/02\/WhatsApp-Image-2021-02-02-at-21.34.12.jpeg?resize=700%2C400&ssl=1 2x"},"classes":[]},{"id":127509,"url":"https:\/\/www.hoymercedes.com.ar\/principal\/2021\/04\/04\/covid-19-10-positivos-y-11-altas-este-domingo-en-mercedes\/","url_meta":{"origin":125882,"position":1},"title":"Covid-19: 10 positivos y 11 altas este domingo en Mercedes","author":"hoymercedes","date":"4 abril, 2021","format":false,"excerpt":"En el d\u00eda de hoy en Mercedes se suman 10 nuevos positivos de un total de 33 test analizados en el Laboratorio de Virolog\u00eda Molecular. Por su parte, 11 pacientes obtuvieron el alta y 3115 positivos desde el inicio de la pandemia hace casi un a\u00f1o, siendo 2869 los pacientes\u2026","rel":"","context":"En \u00abSalud\u00bb","block_context":{"text":"Salud","link":"https:\/\/www.hoymercedes.com.ar\/principal\/category\/salud\/"},"img":{"alt_text":"","src":"https:\/\/i0.wp.com\/www.hoymercedes.com.ar\/principal\/wp-content\/uploads\/2021\/04\/04.04.2021.jpg?resize=350%2C200&ssl=1","width":350,"height":200,"srcset":"https:\/\/i0.wp.com\/www.hoymercedes.com.ar\/principal\/wp-content\/uploads\/2021\/04\/04.04.2021.jpg?resize=350%2C200&ssl=1 1x, https:\/\/i0.wp.com\/www.hoymercedes.com.ar\/principal\/wp-content\/uploads\/2021\/04\/04.04.2021.jpg?resize=525%2C300&ssl=1 1.5x, https:\/\/i0.wp.com\/www.hoymercedes.com.ar\/principal\/wp-content\/uploads\/2021\/04\/04.04.2021.jpg?resize=700%2C400&ssl=1 2x"},"classes":[]},{"id":138414,"url":"https:\/\/www.hoymercedes.com.ar\/principal\/2021\/10\/09\/covid-en-mercedes-dos-positivos-informaron-el-sabado\/","url_meta":{"origin":125882,"position":2},"title":"Covid en Mercedes: dos positivos informaron el s\u00e1bado","author":"hoymercedes","date":"9 octubre, 2021","format":false,"excerpt":"Las autoridades sanitarias de Mercedes informaron en la noche del s\u00e1bado que dos teste resultaron positivos entre los 18 procesados este d\u00eda. Con los datos de la jornada so 19 los pacientes que transitan la enfermedad covid-19 ya que uno recibi\u00f3 el alta.","rel":"","context":"En \u00abSalud\u00bb","block_context":{"text":"Salud","link":"https:\/\/www.hoymercedes.com.ar\/principal\/category\/salud\/"},"img":{"alt_text":"","src":"https:\/\/i0.wp.com\/www.hoymercedes.com.ar\/principal\/wp-content\/uploads\/2021\/10\/IMG-20211009-WA0040.jpg?resize=350%2C200&ssl=1","width":350,"height":200,"srcset":"https:\/\/i0.wp.com\/www.hoymercedes.com.ar\/principal\/wp-content\/uploads\/2021\/10\/IMG-20211009-WA0040.jpg?resize=350%2C200&ssl=1 1x, https:\/\/i0.wp.com\/www.hoymercedes.com.ar\/principal\/wp-content\/uploads\/2021\/10\/IMG-20211009-WA0040.jpg?resize=525%2C300&ssl=1 1.5x, https:\/\/i0.wp.com\/www.hoymercedes.com.ar\/principal\/wp-content\/uploads\/2021\/10\/IMG-20211009-WA0040.jpg?resize=700%2C400&ssl=1 2x"},"classes":[]},{"id":126000,"url":"https:\/\/www.hoymercedes.com.ar\/principal\/2021\/03\/08\/se-suman-13-nuevos-positivos-de-covid-19-en-mercedes\/","url_meta":{"origin":125882,"position":3},"title":"Se suman 13 nuevos positivos de covid-19 en Mercedes","author":"hoymercedes","date":"8 marzo, 2021","format":false,"excerpt":"De acuerdo al parte oficial con la informaci\u00f3n epidemiol\u00f3gica sobre el covid-19 en Mercedes, da cuenta de 13 nuevos positivos entre los 48 an\u00e1lisis procesados en el d\u00eda de la fecha. Asimismo, son 10 los pacientes que obtuvieron el alta en el d\u00eda de la fecha.","rel":"","context":"En \u00abSalud\u00bb","block_context":{"text":"Salud","link":"https:\/\/www.hoymercedes.com.ar\/principal\/category\/salud\/"},"img":{"alt_text":"","src":"https:\/\/i0.wp.com\/www.hoymercedes.com.ar\/principal\/wp-content\/uploads\/2021\/03\/WhatsApp-Image-2021-03-08-at-22.00.12.jpeg?resize=350%2C200&ssl=1","width":350,"height":200,"srcset":"https:\/\/i0.wp.com\/www.hoymercedes.com.ar\/principal\/wp-content\/uploads\/2021\/03\/WhatsApp-Image-2021-03-08-at-22.00.12.jpeg?resize=350%2C200&ssl=1 1x, https:\/\/i0.wp.com\/www.hoymercedes.com.ar\/principal\/wp-content\/uploads\/2021\/03\/WhatsApp-Image-2021-03-08-at-22.00.12.jpeg?resize=525%2C300&ssl=1 1.5x, https:\/\/i0.wp.com\/www.hoymercedes.com.ar\/principal\/wp-content\/uploads\/2021\/03\/WhatsApp-Image-2021-03-08-at-22.00.12.jpeg?resize=700%2C400&ssl=1 2x"},"classes":[]},{"id":138891,"url":"https:\/\/www.hoymercedes.com.ar\/principal\/2021\/10\/19\/covid-en-mercedes-dos-nuevos-positivos\/","url_meta":{"origin":125882,"position":4},"title":"Covid en Mercedes: Dos nuevos positivos","author":"hoymercedes","date":"19 octubre, 2021","format":false,"excerpt":"Entre los 34 test procesados este martes 19 de octubre, dos resultaron positivos de covid-19. Asimismo, el informe brindado por las autoridades sanitarias locales, dan cuenta de que cuatro pacientes obtuvieron el alta en el d\u00eda de la fecha, siendo 12 los pacientes que est\u00e1n transitando la enfermedad de acuerdo\u2026","rel":"","context":"En \u00abSalud\u00bb","block_context":{"text":"Salud","link":"https:\/\/www.hoymercedes.com.ar\/principal\/category\/salud\/"},"img":{"alt_text":"","src":"https:\/\/i0.wp.com\/www.hoymercedes.com.ar\/principal\/wp-content\/uploads\/2021\/10\/WhatsApp-Image-2021-10-19-at-21.47.18.jpeg?resize=350%2C200&ssl=1","width":350,"height":200,"srcset":"https:\/\/i0.wp.com\/www.hoymercedes.com.ar\/principal\/wp-content\/uploads\/2021\/10\/WhatsApp-Image-2021-10-19-at-21.47.18.jpeg?resize=350%2C200&ssl=1 1x, https:\/\/i0.wp.com\/www.hoymercedes.com.ar\/principal\/wp-content\/uploads\/2021\/10\/WhatsApp-Image-2021-10-19-at-21.47.18.jpeg?resize=525%2C300&ssl=1 1.5x, https:\/\/i0.wp.com\/www.hoymercedes.com.ar\/principal\/wp-content\/uploads\/2021\/10\/WhatsApp-Image-2021-10-19-at-21.47.18.jpeg?resize=700%2C400&ssl=1 2x"},"classes":[]},{"id":143124,"url":"https:\/\/www.hoymercedes.com.ar\/principal\/2022\/01\/27\/covid-en-mercedes-se-suman-133-nuevos-casos-positivos\/","url_meta":{"origin":125882,"position":5},"title":"Covid en Mercedes: se suman 133 nuevos casos positivos","author":"hoymercedes","date":"27 enero, 2022","format":false,"excerpt":"El informe epidemiol\u00f3gico brindado por las autoridades sanitarias de Mercedes comunicaron que entre 170 an\u00e1lisis procesados en el d\u00eda de hoy 133 resultaron positivos. Asimismo, 101 pacientes fueron dados de alta m\u00e9dica este mi\u00e9rcoles. Es as\u00ed que son 1252 los pacientes que est\u00e1n transitando por la enfermedad covid-19","rel":"","context":"En \u00abSalud\u00bb","block_context":{"text":"Salud","link":"https:\/\/www.hoymercedes.com.ar\/principal\/category\/salud\/"},"img":{"alt_text":"","src":"https:\/\/i0.wp.com\/www.hoymercedes.com.ar\/principal\/wp-content\/uploads\/2022\/01\/WhatsApp-Image-2022-01-26-at-22.00.35.jpeg?resize=350%2C200&ssl=1","width":350,"height":200,"srcset":"https:\/\/i0.wp.com\/www.hoymercedes.com.ar\/principal\/wp-content\/uploads\/2022\/01\/WhatsApp-Image-2022-01-26-at-22.00.35.jpeg?resize=350%2C200&ssl=1 1x, https:\/\/i0.wp.com\/www.hoymercedes.com.ar\/principal\/wp-content\/uploads\/2022\/01\/WhatsApp-Image-2022-01-26-at-22.00.35.jpeg?resize=525%2C300&ssl=1 1.5x, https:\/\/i0.wp.com\/www.hoymercedes.com.ar\/principal\/wp-content\/uploads\/2022\/01\/WhatsApp-Image-2022-01-26-at-22.00.35.jpeg?resize=700%2C400&ssl=1 2x, https:\/\/i0.wp.com\/www.hoymercedes.com.ar\/principal\/wp-content\/uploads\/2022\/01\/WhatsApp-Image-2022-01-26-at-22.00.35.jpeg?resize=1050%2C600&ssl=1 3x"},"classes":[]}],"_links":{"self":[{"href":"https:\/\/www.hoymercedes.com.ar\/principal\/wp-json\/wp\/v2\/posts\/125882","targetHints":{"allow":["GET"]}}],"collection":[{"href":"https:\/\/www.hoymercedes.com.ar\/principal\/wp-json\/wp\/v2\/posts"}],"about":[{"href":"https:\/\/www.hoymercedes.com.ar\/principal\/wp-json\/wp\/v2\/types\/post"}],"author":[{"embeddable":true,"href":"https:\/\/www.hoymercedes.com.ar\/principal\/wp-json\/wp\/v2\/users\/1"}],"replies":[{"embeddable":true,"href":"https:\/\/www.hoymercedes.com.ar\/principal\/wp-json\/wp\/v2\/comments?post=125882"}],"version-history":[{"count":0,"href":"https:\/\/www.hoymercedes.com.ar\/principal\/wp-json\/wp\/v2\/posts\/125882\/revisions"}],"wp:featuredmedia":[{"embeddable":true,"href":"https:\/\/www.hoymercedes.com.ar\/principal\/wp-json\/wp\/v2\/media\/125883"}],"wp:attachment":[{"href":"https:\/\/www.hoymercedes.com.ar\/principal\/wp-json\/wp\/v2\/media?parent=125882"}],"wp:term":[{"taxonomy":"category","embeddable":true,"href":"https:\/\/www.hoymercedes.com.ar\/principal\/wp-json\/wp\/v2\/categories?post=125882"},{"taxonomy":"post_tag","embeddable":true,"href":"https:\/\/www.hoymercedes.com.ar\/principal\/wp-json\/wp\/v2\/tags?post=125882"}],"curies":[{"name":"wp","href":"https:\/\/api.w.org\/{rel}","templated":true}]}}