{"id":125897,"date":"2021-03-07T23:45:00","date_gmt":"2021-03-08T02:45:00","guid":{"rendered":"http:\/\/www.hoymercedes.com.ar\/principal\/?p=125897"},"modified":"2021-03-08T21:22:11","modified_gmt":"2021-03-09T00:22:11","slug":"de-chivilcoy-con-pedido-de-captura-detenido-en-mercedes","status":"publish","type":"post","link":"https:\/\/www.hoymercedes.com.ar\/principal\/2021\/03\/07\/de-chivilcoy-con-pedido-de-captura-detenido-en-mercedes\/","title":{"rendered":"De Chivilcoy con pedido de captura detenido en Mercedes"},"content":{"rendered":"\n<p>Personal de calle de la Polic\u00eda Comunal Mercedes logr\u00f3 la detenci\u00f3n de un masculino con domicilio en la localidad de Chivilcoy que ten\u00eda pedido de \u201caveriguaci\u00f3n de paradero\u201d.<\/p>\n\n\n\n<p>El procedimiento en la v\u00eda p\u00fablica se concret\u00f3 en calle 17 entre 8 y 10 siendo identificado como alguien sobre quien reca\u00eda un pedido de averiguaci\u00f3n de paradero por infringir diversas normativas.<\/p>\n\n\n\n<p>La orden hab\u00eda sido emitida por el Juzgado de Paz Letrado. Se dispusieron las intervenciones legales del caso. Ya se encuentra a disposici\u00f3n de la instituci\u00f3n solicitante.<\/p>\n\n\n\n<p>Por cuestiones investigativas, no se revela el paradero del detenido. <\/p>\n\n\n\n<div class=\"wp-block-image\"><figure class=\"aligncenter size-large\"><img loading=\"lazy\" decoding=\"async\" width=\"800\" height=\"623\" data-attachment-id=\"125898\" data-permalink=\"https:\/\/www.hoymercedes.com.ar\/principal\/2021\/03\/07\/de-chivilcoy-con-pedido-de-captura-detenido-en-mercedes\/chivilcoyano\/#main\" data-orig-file=\"https:\/\/www.hoymercedes.com.ar\/principal\/wp-content\/uploads\/2021\/03\/Chivilcoyano.jpg\" data-orig-size=\"800,623\" data-comments-opened=\"0\" data-image-meta=\"{&quot;aperture&quot;:&quot;0&quot;,&quot;credit&quot;:&quot;&quot;,&quot;camera&quot;:&quot;&quot;,&quot;caption&quot;:&quot;&quot;,&quot;created_timestamp&quot;:&quot;1615158604&quot;,&quot;copyright&quot;:&quot;&quot;,&quot;focal_length&quot;:&quot;0&quot;,&quot;iso&quot;:&quot;0&quot;,&quot;shutter_speed&quot;:&quot;0&quot;,&quot;title&quot;:&quot;&quot;,&quot;orientation&quot;:&quot;1&quot;}\" data-image-title=\"Chivilcoyano\" data-image-description=\"\" data-image-caption=\"\" data-large-file=\"https:\/\/www.hoymercedes.com.ar\/principal\/wp-content\/uploads\/2021\/03\/Chivilcoyano.jpg\" src=\"https:\/\/www.hoymercedes.com.ar\/principal\/wp-content\/uploads\/2021\/03\/Chivilcoyano.jpg\" alt=\"\" class=\"wp-image-125898\" srcset=\"https:\/\/www.hoymercedes.com.ar\/principal\/wp-content\/uploads\/2021\/03\/Chivilcoyano.jpg 800w, https:\/\/www.hoymercedes.com.ar\/principal\/wp-content\/uploads\/2021\/03\/Chivilcoyano-630x491.jpg 630w, https:\/\/www.hoymercedes.com.ar\/principal\/wp-content\/uploads\/2021\/03\/Chivilcoyano-150x117.jpg 150w\" sizes=\"auto, (max-width: 800px) 100vw, 800px\" \/><\/figure><\/div>\n","protected":false},"excerpt":{"rendered":"<p>Personal de calle de la Polic\u00eda Comunal Mercedes logr\u00f3 la detenci\u00f3n de un masculino con domicilio en la localidad de &#8230; <a title=\"De Chivilcoy con pedido de captura detenido en Mercedes\" class=\"read-more\" href=\"https:\/\/www.hoymercedes.com.ar\/principal\/2021\/03\/07\/de-chivilcoy-con-pedido-de-captura-detenido-en-mercedes\/\" aria-label=\"Leer m\u00e1s sobre De Chivilcoy con pedido de captura detenido en Mercedes\">Leer m\u00e1s<\/a><\/p>\n","protected":false},"author":1,"featured_media":125898,"comment_status":"closed","ping_status":"open","sticky":false,"template":"","format":"standard","meta":{"_monsterinsights_skip_tracking":false,"_monsterinsights_sitenote_active":false,"_monsterinsights_sitenote_note":"","_monsterinsights_sitenote_category":0,"jetpack_post_was_ever_published":false,"_jetpack_newsletter_access":"","_jetpack_dont_email_post_to_subs":false,"_jetpack_newsletter_tier_id":0,"_jetpack_memberships_contains_paywalled_content":false,"_jetpack_memberships_contains_paid_content":false,"footnotes":"","jetpack_publicize_message":"","jetpack_publicize_feature_enabled":true,"jetpack_social_post_already_shared":true,"jetpack_social_options":{"image_generator_settings":{"template":"highway","default_image_id":0,"font":"","enabled":false},"version":2},"_wpas_customize_per_network":false},"categories":[85],"tags":[215,83],"class_list":["post-125897","post","type-post","status-publish","format-standard","has-post-thumbnail","hentry","category-policial","tag-detenciones","tag-policia","generate-columns","tablet-grid-50","mobile-grid-100","grid-parent","grid-50"],"jetpack_publicize_connections":[],"jetpack_featured_media_url":"https:\/\/www.hoymercedes.com.ar\/principal\/wp-content\/uploads\/2021\/03\/Chivilcoyano.jpg","wps_subtitle":"Accionar policial","jetpack_sharing_enabled":true,"jetpack-related-posts":[{"id":59516,"url":"https:\/\/www.hoymercedes.com.ar\/principal\/2017\/02\/04\/buscan-a-vecino-que-desaparecio-el-el-viernes\/","url_meta":{"origin":125897,"position":0},"title":"Buscan a Vecino que desapareci\u00f3 el el viernes","author":"hoymercedes","date":"4 febrero, 2017","format":false,"excerpt":"Desde la comisar\u00eda local difundieron una averiguaci\u00f3n de paradero de una persona mayor que se encuentra ausente de su domicilio desde la tarde del viernes. Se trata de Jos\u00e9 Luis Magay\u00e1n, argentino, instruido, de 74 a\u00f1os de edad, nacido el d\u00eda 10 de marzo de 1941, domiciliado en calle 19\u2026","rel":"","context":"En \u00abPolicial\u00bb","block_context":{"text":"Policial","link":"https:\/\/www.hoymercedes.com.ar\/principal\/category\/policial\/"},"img":{"alt_text":"","src":"https:\/\/i0.wp.com\/www.hoymercedes.com.ar\/principal\/wp-content\/uploads\/2017\/02\/04-desaparecido.jpg?resize=350%2C200&ssl=1","width":350,"height":200,"srcset":"https:\/\/i0.wp.com\/www.hoymercedes.com.ar\/principal\/wp-content\/uploads\/2017\/02\/04-desaparecido.jpg?resize=350%2C200&ssl=1 1x, https:\/\/i0.wp.com\/www.hoymercedes.com.ar\/principal\/wp-content\/uploads\/2017\/02\/04-desaparecido.jpg?resize=525%2C300&ssl=1 1.5x"},"classes":[]},{"id":51214,"url":"https:\/\/www.hoymercedes.com.ar\/principal\/2016\/06\/13\/buscan-a-vecina-que-se-ausento-de-su-domicilio\/","url_meta":{"origin":125897,"position":1},"title":"Buscan a vecina que se ausent\u00f3 de su domicilio","author":"hoymercedes","date":"13 junio, 2016","format":false,"excerpt":"Desde la Polic\u00eda Comunal Mercedes solicitan colaboraci\u00f3n a la poblaci\u00f3n para dar con el paradero de la vecina Susana Gabriela Cabral. Se ausent\u00f3 de su domicilio en calle 22 entre 55 y 57 el pasado viernes 10 a las 18 horas. Al momento de su desaparici\u00f3n llevaba un saco de\u2026","rel":"","context":"En \u00abPolicial\u00bb","block_context":{"text":"Policial","link":"https:\/\/www.hoymercedes.com.ar\/principal\/category\/policial\/"},"img":{"alt_text":"","src":"","width":0,"height":0},"classes":[]},{"id":721,"url":"https:\/\/www.hoymercedes.com.ar\/principal\/2010\/12\/01\/detienen-en-lujan-a-menor-con-antecedentes\/","url_meta":{"origin":125897,"position":2},"title":"Detienen en Luj\u00e1n a menor con antecedentes","author":"hoymercedes","date":"1 diciembre, 2010","format":false,"excerpt":"Un dia de ardua labor fue este Domingo para los uniformados de la Ciudad de Lujan , luego de una exhaustiva tarea de Investigaci\u00f3n sobre delitos cometidos, que en la madrugada del S\u00e1bado en calle Colon y V\u00e9lez Sarfields del Barrio La Capilla procedieron una vez mas a la aprehensi\u00f3n\u2026","rel":"","context":"En \u00abPolicial\u00bb","block_context":{"text":"Policial","link":"https:\/\/www.hoymercedes.com.ar\/principal\/category\/policial\/"},"img":{"alt_text":"","src":"","width":0,"height":0},"classes":[]},{"id":51227,"url":"https:\/\/www.hoymercedes.com.ar\/principal\/2016\/06\/13\/aparecio-la-vecina-que-habia-desaparecido-de-su-casa\/","url_meta":{"origin":125897,"position":3},"title":"Apareci\u00f3 la vecina que hab\u00eda desaparecido de su casa","author":"hoymercedes","date":"13 junio, 2016","format":false,"excerpt":"Hace instantes, y tras un llamado a la Polic\u00eda Comunal se pudo dar con la se\u00f1ora Susana Cabral que era intensamente buscada desde el d\u00eda viernes, tras ausentarse de su domicilio. Fue encontrada durmiendo en el porche de una vivienda de calle 38 entre 29 y 31. Llegaron al lugar\u2026","rel":"","context":"En \u00abPolicial\u00bb","block_context":{"text":"Policial","link":"https:\/\/www.hoymercedes.com.ar\/principal\/category\/policial\/"},"img":{"alt_text":"","src":"https:\/\/i0.wp.com\/www.hoymercedes.com.ar\/principal\/wp-content\/uploads\/2016\/06\/poli.jpg?resize=350%2C200&ssl=1","width":350,"height":200,"srcset":"https:\/\/i0.wp.com\/www.hoymercedes.com.ar\/principal\/wp-content\/uploads\/2016\/06\/poli.jpg?resize=350%2C200&ssl=1 1x, https:\/\/i0.wp.com\/www.hoymercedes.com.ar\/principal\/wp-content\/uploads\/2016\/06\/poli.jpg?resize=525%2C300&ssl=1 1.5x"},"classes":[]},{"id":104587,"url":"https:\/\/www.hoymercedes.com.ar\/principal\/2019\/12\/30\/centro-de-monitoreo-detecta-vehiculo-con-pedido-de-averiguacion-de-paradero-y-logran-esclarecer-ilicito\/","url_meta":{"origin":125897,"position":4},"title":"Centro de Monitoreo detecta veh\u00edculo con pedido de averiguaci\u00f3n de paradero y logran esclarecer il\u00edcito","author":"hoymercedes","date":"30 diciembre, 2019","format":false,"excerpt":"Tras detectar en las c\u00e1maras a los sospechosos logran esclarecer hecho sucedido tiempo atr\u00e1s. El acontecimiento hab\u00eda ameritado una investigaci\u00f3n judicial. En este caso los operadores del Centro de Monitoreo detectan un autom\u00f3vil sospechado de haber sido parte del il\u00edcito. Verifican la patente por medio de las c\u00e1maras lectoras y\u2026","rel":"","context":"En \u00abPolicial\u00bb","block_context":{"text":"Policial","link":"https:\/\/www.hoymercedes.com.ar\/principal\/category\/policial\/"},"img":{"alt_text":"","src":"https:\/\/i0.wp.com\/www.hoymercedes.com.ar\/principal\/wp-content\/uploads\/2019\/12\/Camaras-1.jpeg?resize=350%2C200&ssl=1","width":350,"height":200,"srcset":"https:\/\/i0.wp.com\/www.hoymercedes.com.ar\/principal\/wp-content\/uploads\/2019\/12\/Camaras-1.jpeg?resize=350%2C200&ssl=1 1x, https:\/\/i0.wp.com\/www.hoymercedes.com.ar\/principal\/wp-content\/uploads\/2019\/12\/Camaras-1.jpeg?resize=525%2C300&ssl=1 1.5x, https:\/\/i0.wp.com\/www.hoymercedes.com.ar\/principal\/wp-content\/uploads\/2019\/12\/Camaras-1.jpeg?resize=700%2C400&ssl=1 2x, https:\/\/i0.wp.com\/www.hoymercedes.com.ar\/principal\/wp-content\/uploads\/2019\/12\/Camaras-1.jpeg?resize=1050%2C600&ssl=1 3x"},"classes":[]},{"id":37030,"url":"https:\/\/www.hoymercedes.com.ar\/principal\/2014\/10\/21\/frente-de-izquierda-pide-justicia-ante-hallazgo-de-luciano-arruga\/","url_meta":{"origin":125897,"position":5},"title":"Frente de Izquierda pide justicia ante hallazgo de Luciano Arruga","author":"hoymercedes","date":"21 octubre, 2014","format":false,"excerpt":"- Por Frente de Izquierda - Al anunciar el hallazgo del cuerpo de Luciano Arruga, el gobierno y las fuerzas de seguridad intentan explicar su muerte como consecuencia de un accidente de tr\u00e1nsito. Sin embargo, la \u00faltima vez que se lo vio con vida, el 31 de enero de 2009,\u2026","rel":"","context":"En \u00abPol\u00edtica\u00bb","block_context":{"text":"Pol\u00edtica","link":"https:\/\/www.hoymercedes.com.ar\/principal\/category\/politica\/"},"img":{"alt_text":"lucianoarruga","src":"https:\/\/i0.wp.com\/www.hoymercedes.com.ar\/principal\/wp-content\/uploads\/2014\/10\/lucianoarruga.jpg?resize=350%2C200","width":350,"height":200,"srcset":"https:\/\/i0.wp.com\/www.hoymercedes.com.ar\/principal\/wp-content\/uploads\/2014\/10\/lucianoarruga.jpg?resize=350%2C200 1x, https:\/\/i0.wp.com\/www.hoymercedes.com.ar\/principal\/wp-content\/uploads\/2014\/10\/lucianoarruga.jpg?resize=525%2C300 1.5x"},"classes":[]}],"_links":{"self":[{"href":"https:\/\/www.hoymercedes.com.ar\/principal\/wp-json\/wp\/v2\/posts\/125897","targetHints":{"allow":["GET"]}}],"collection":[{"href":"https:\/\/www.hoymercedes.com.ar\/principal\/wp-json\/wp\/v2\/posts"}],"about":[{"href":"https:\/\/www.hoymercedes.com.ar\/principal\/wp-json\/wp\/v2\/types\/post"}],"author":[{"embeddable":true,"href":"https:\/\/www.hoymercedes.com.ar\/principal\/wp-json\/wp\/v2\/users\/1"}],"replies":[{"embeddable":true,"href":"https:\/\/www.hoymercedes.com.ar\/principal\/wp-json\/wp\/v2\/comments?post=125897"}],"version-history":[{"count":0,"href":"https:\/\/www.hoymercedes.com.ar\/principal\/wp-json\/wp\/v2\/posts\/125897\/revisions"}],"wp:featuredmedia":[{"embeddable":true,"href":"https:\/\/www.hoymercedes.com.ar\/principal\/wp-json\/wp\/v2\/media\/125898"}],"wp:attachment":[{"href":"https:\/\/www.hoymercedes.com.ar\/principal\/wp-json\/wp\/v2\/media?parent=125897"}],"wp:term":[{"taxonomy":"category","embeddable":true,"href":"https:\/\/www.hoymercedes.com.ar\/principal\/wp-json\/wp\/v2\/categories?post=125897"},{"taxonomy":"post_tag","embeddable":true,"href":"https:\/\/www.hoymercedes.com.ar\/principal\/wp-json\/wp\/v2\/tags?post=125897"}],"curies":[{"name":"wp","href":"https:\/\/api.w.org\/{rel}","templated":true}]}}