{"id":125900,"date":"2021-03-08T00:55:00","date_gmt":"2021-03-08T03:55:00","guid":{"rendered":"http:\/\/www.hoymercedes.com.ar\/principal\/?p=125900"},"modified":"2021-03-08T21:21:06","modified_gmt":"2021-03-09T00:21:06","slug":"comisaria-primera-recupera-en-lujan-bienes-robados","status":"publish","type":"post","link":"https:\/\/www.hoymercedes.com.ar\/principal\/2021\/03\/08\/comisaria-primera-recupera-en-lujan-bienes-robados\/","title":{"rendered":"Comisar\u00eda Primera recupera en Luj\u00e1n bienes robados"},"content":{"rendered":"\n<p>Personal de la Comisar\u00eda Primera de Mercedes tras un amplio operativo logr\u00f3 desactivar un \u201churto\u201d producido a un vecino de nuestra localidad. Lo bienes fueron hallados en Luj\u00e1n y restituidos. La investigaci\u00f3n, finalmente, determin\u00f3 que hab\u00eda sido su ex pareja la ejecutante del il\u00edcito.<\/p>\n\n\n\n<figure class=\"wp-block-gallery columns-2 is-cropped wp-block-gallery-1 is-layout-flex wp-block-gallery-is-layout-flex\"><ul class=\"blocks-gallery-grid\"><li class=\"blocks-gallery-item\"><figure><img loading=\"lazy\" decoding=\"async\" width=\"601\" height=\"441\" data-attachment-id=\"125902\" data-permalink=\"https:\/\/www.hoymercedes.com.ar\/principal\/2021\/03\/08\/comisaria-primera-recupera-en-lujan-bienes-robados\/m2\/#main\" data-orig-file=\"https:\/\/www.hoymercedes.com.ar\/principal\/wp-content\/uploads\/2021\/03\/m2.jpg\" data-orig-size=\"601,441\" data-comments-opened=\"0\" data-image-meta=\"{&quot;aperture&quot;:&quot;0&quot;,&quot;credit&quot;:&quot;&quot;,&quot;camera&quot;:&quot;&quot;,&quot;caption&quot;:&quot;&quot;,&quot;created_timestamp&quot;:&quot;0&quot;,&quot;copyright&quot;:&quot;&quot;,&quot;focal_length&quot;:&quot;0&quot;,&quot;iso&quot;:&quot;0&quot;,&quot;shutter_speed&quot;:&quot;0&quot;,&quot;title&quot;:&quot;&quot;,&quot;orientation&quot;:&quot;0&quot;}\" data-image-title=\"m2\" data-image-description=\"\" data-image-caption=\"\" data-large-file=\"https:\/\/www.hoymercedes.com.ar\/principal\/wp-content\/uploads\/2021\/03\/m2.jpg\" src=\"https:\/\/www.hoymercedes.com.ar\/principal\/wp-content\/uploads\/2021\/03\/m2.jpg\" alt=\"\" data-id=\"125902\" data-full-url=\"https:\/\/www.hoymercedes.com.ar\/principal\/wp-content\/uploads\/2021\/03\/m2.jpg\" data-link=\"https:\/\/www.hoymercedes.com.ar\/principal\/?attachment_id=125902\" class=\"wp-image-125902\" srcset=\"https:\/\/www.hoymercedes.com.ar\/principal\/wp-content\/uploads\/2021\/03\/m2.jpg 601w, https:\/\/www.hoymercedes.com.ar\/principal\/wp-content\/uploads\/2021\/03\/m2-150x110.jpg 150w\" sizes=\"auto, (max-width: 601px) 100vw, 601px\" \/><\/figure><\/li><li class=\"blocks-gallery-item\"><figure><img loading=\"lazy\" decoding=\"async\" width=\"623\" height=\"419\" data-attachment-id=\"125901\" data-permalink=\"https:\/\/www.hoymercedes.com.ar\/principal\/2021\/03\/08\/comisaria-primera-recupera-en-lujan-bienes-robados\/m1\/#main\" data-orig-file=\"https:\/\/www.hoymercedes.com.ar\/principal\/wp-content\/uploads\/2021\/03\/m1.jpg\" data-orig-size=\"623,419\" data-comments-opened=\"0\" data-image-meta=\"{&quot;aperture&quot;:&quot;0&quot;,&quot;credit&quot;:&quot;&quot;,&quot;camera&quot;:&quot;&quot;,&quot;caption&quot;:&quot;&quot;,&quot;created_timestamp&quot;:&quot;0&quot;,&quot;copyright&quot;:&quot;&quot;,&quot;focal_length&quot;:&quot;0&quot;,&quot;iso&quot;:&quot;0&quot;,&quot;shutter_speed&quot;:&quot;0&quot;,&quot;title&quot;:&quot;&quot;,&quot;orientation&quot;:&quot;0&quot;}\" data-image-title=\"m1\" data-image-description=\"\" data-image-caption=\"\" data-large-file=\"https:\/\/www.hoymercedes.com.ar\/principal\/wp-content\/uploads\/2021\/03\/m1.jpg\" src=\"https:\/\/www.hoymercedes.com.ar\/principal\/wp-content\/uploads\/2021\/03\/m1.jpg\" alt=\"\" data-id=\"125901\" data-full-url=\"https:\/\/www.hoymercedes.com.ar\/principal\/wp-content\/uploads\/2021\/03\/m1.jpg\" data-link=\"https:\/\/www.hoymercedes.com.ar\/principal\/?attachment_id=125901\" class=\"wp-image-125901\" srcset=\"https:\/\/www.hoymercedes.com.ar\/principal\/wp-content\/uploads\/2021\/03\/m1.jpg 623w, https:\/\/www.hoymercedes.com.ar\/principal\/wp-content\/uploads\/2021\/03\/m1-150x101.jpg 150w\" sizes=\"auto, (max-width: 623px) 100vw, 623px\" \/><\/figure><\/li><\/ul><\/figure>\n\n\n\n<p>Tras al firme procedimiento se logr\u00f3 recuperar los bienes del sujeto v\u00edctima del hecho. Sillas, mesas, electrodom\u00e9sticos, muebles, fueron parte de lo encontrado.<\/p>\n\n\n\n<p>En el caso todo indica la persona responsable del il\u00edcito es una mujer y precisamente la ex mujer de la v\u00edctima.<br>El procedimiento se dio en la localidad de Luj\u00e1n donde es oriunda la imputada.<\/p>\n\n\n\n<p>Se dio intervenci\u00f3n a la U.F.I N\u00ba6 del Departamento Judicial Mercedes. A su solicitud, no se revelan los nombres de la implicada. <\/p>\n\n\n\n<p><\/p>\n","protected":false},"excerpt":{"rendered":"<p>Personal de la Comisar\u00eda Primera de Mercedes tras un amplio operativo logr\u00f3 desactivar un \u201churto\u201d producido a un vecino de &#8230; <a title=\"Comisar\u00eda Primera recupera en Luj\u00e1n bienes robados\" class=\"read-more\" href=\"https:\/\/www.hoymercedes.com.ar\/principal\/2021\/03\/08\/comisaria-primera-recupera-en-lujan-bienes-robados\/\" aria-label=\"Leer m\u00e1s sobre Comisar\u00eda Primera recupera en Luj\u00e1n bienes robados\">Leer m\u00e1s<\/a><\/p>\n","protected":false},"author":1,"featured_media":125901,"comment_status":"closed","ping_status":"open","sticky":false,"template":"","format":"standard","meta":{"_monsterinsights_skip_tracking":false,"_monsterinsights_sitenote_active":false,"_monsterinsights_sitenote_note":"","_monsterinsights_sitenote_category":0,"jetpack_post_was_ever_published":false,"_jetpack_newsletter_access":"","_jetpack_dont_email_post_to_subs":false,"_jetpack_newsletter_tier_id":0,"_jetpack_memberships_contains_paywalled_content":false,"_jetpack_memberships_contains_paid_content":false,"footnotes":"","jetpack_publicize_message":"","jetpack_publicize_feature_enabled":true,"jetpack_social_post_already_shared":true,"jetpack_social_options":{"image_generator_settings":{"template":"highway","default_image_id":0,"font":"","enabled":false},"version":2},"_wpas_customize_per_network":false},"categories":[85],"tags":[17581,83],"class_list":["post-125900","post","type-post","status-publish","format-standard","has-post-thumbnail","hentry","category-policial","tag-comisaria-primera","tag-policia","generate-columns","tablet-grid-50","mobile-grid-100","grid-parent","grid-50"],"jetpack_publicize_connections":[],"jetpack_featured_media_url":"https:\/\/www.hoymercedes.com.ar\/principal\/wp-content\/uploads\/2021\/03\/m1.jpg","wps_subtitle":"Accionar policial","jetpack_sharing_enabled":true,"jetpack-related-posts":[{"id":34320,"url":"https:\/\/www.hoymercedes.com.ar\/principal\/2014\/06\/29\/fugado-de-la-unidad-n13-detenido-en-lujan\/","url_meta":{"origin":125900,"position":0},"title":"Fugado de la Unidad N\u00b013 detenido en Luj\u00e1n","author":"hoymercedes","date":"29 junio, 2014","format":false,"excerpt":"La Unidad N\u00b013 de Junin hab\u00eda vivido en los \u00faltimos meses algunas fugas. Uno de los internos que se hab\u00eda escapado fue detenido en la ciudad de Luj\u00e1n y puesto nuevamente a disposici\u00f3n de la justicia.\u00a0 La detenci\u00f3n la realizaron efectivos de la Patrulla Comunitaria de Luj\u00e1n y la Comisaria\u2026","rel":"","context":"En \u00abRegi\u00f3n\u00bb","block_context":{"text":"Regi\u00f3n","link":"https:\/\/www.hoymercedes.com.ar\/principal\/category\/region\/"},"img":{"alt_text":"","src":"","width":0,"height":0},"classes":[]},{"id":36890,"url":"https:\/\/www.hoymercedes.com.ar\/principal\/2014\/10\/14\/siguen-5-fugados-de-la-comisaria-de-lujan-y-dan-a-conocer-sus-fotos\/","url_meta":{"origin":125900,"position":1},"title":"Siguen 6 fugados de la comisar\u00eda de Luj\u00e1n y dan a conocer sus fotos","author":"hoymercedes","date":"14 octubre, 2014","format":false,"excerpt":"La polic\u00eda bonaerense dio a conocer las fotos de detenci\u00f3n de los pr\u00f3fugos de la comisar\u00eda de Luj\u00e1n. Finalmente fueron 11 y 5 siguen a\u00fan sin ser nuevamente encarcelados. Gran preocupaci\u00f3n en la vecina localidad. Reuniones de funcionarios locales y provinciales en b\u00fasqueda de una soluci\u00f3n. La prensa de la\u2026","rel":"","context":"En \u00abPolicial\u00bb","block_context":{"text":"Policial","link":"https:\/\/www.hoymercedes.com.ar\/principal\/category\/policial\/"},"img":{"alt_text":"profugos-lujan","src":"https:\/\/i0.wp.com\/www.hoymercedes.com.ar\/principal\/wp-content\/uploads\/2014\/10\/profugos-lujan.jpg?resize=350%2C200","width":350,"height":200,"srcset":"https:\/\/i0.wp.com\/www.hoymercedes.com.ar\/principal\/wp-content\/uploads\/2014\/10\/profugos-lujan.jpg?resize=350%2C200 1x, https:\/\/i0.wp.com\/www.hoymercedes.com.ar\/principal\/wp-content\/uploads\/2014\/10\/profugos-lujan.jpg?resize=525%2C300 1.5x"},"classes":[]},{"id":36826,"url":"https:\/\/www.hoymercedes.com.ar\/principal\/2014\/10\/13\/espectacular-fuga-de-presos-en-lujan\/","url_meta":{"origin":125900,"position":2},"title":"Espectacular fuga de presos en Luj\u00e1n","author":"hoymercedes","date":"13 octubre, 2014","format":false,"excerpt":"Una espectacular fuga de presos se vivi\u00f3 \u00e9ste domingo en la vecina localidad de Luj\u00e1n cuando 12 detenidos de la Comisaria Primera se escaparon obligando a generar un gran operativo policial para recapturarlos y crear un cerrojo en varias manzanas a la redonda, incluso, ingresando a las viviendas a ver\u2026","rel":"","context":"En \u00abPolicial\u00bb","block_context":{"text":"Policial","link":"https:\/\/www.hoymercedes.com.ar\/principal\/category\/policial\/"},"img":{"alt_text":"fugadepresos-5","src":"https:\/\/i0.wp.com\/www.hoymercedes.com.ar\/principal\/wp-content\/uploads\/2014\/10\/fugadepresos-5.jpg?resize=350%2C200","width":350,"height":200,"srcset":"https:\/\/i0.wp.com\/www.hoymercedes.com.ar\/principal\/wp-content\/uploads\/2014\/10\/fugadepresos-5.jpg?resize=350%2C200 1x, https:\/\/i0.wp.com\/www.hoymercedes.com.ar\/principal\/wp-content\/uploads\/2014\/10\/fugadepresos-5.jpg?resize=525%2C300 1.5x"},"classes":[]},{"id":36976,"url":"https:\/\/www.hoymercedes.com.ar\/principal\/2014\/10\/19\/nuevo-detenido-y-solo-restan-4-de-los-fugados-en-comisaria-de-lujan\/","url_meta":{"origin":125900,"position":3},"title":"Nuevo detenido y s\u00f3lo restan 4 de los fugados en comisar\u00eda de Luj\u00e1n","author":"hoymercedes","date":"19 octubre, 2014","format":false,"excerpt":"La ciudad de Luj\u00e1n sigue viviendo la fuga cinematogr\u00e1fica que se vivi\u00f3 la semana pasada. Ahora se conoci\u00f3 que lograron detener un nuevo fugado en un \u201caguantadero\u201d en General Rodr\u00edguez que estaba a su vez en compa\u00f1\u00eda de otro de los escapados: el \u201cchilenito\u201d. La polic\u00eda detuvo a un joven\u2026","rel":"","context":"En \u00abPolicial\u00bb","block_context":{"text":"Policial","link":"https:\/\/www.hoymercedes.com.ar\/principal\/category\/policial\/"},"img":{"alt_text":"","src":"","width":0,"height":0},"classes":[]},{"id":35121,"url":"https:\/\/www.hoymercedes.com.ar\/principal\/2014\/08\/13\/lujan-detienen-en-lujan-a-hombre-acusado-de-abusar-de-sus-hijas\/","url_meta":{"origin":125900,"position":4},"title":"Luj\u00e1n: detienen a hombre acusado de abusar de sus hijas","author":"hoymercedes","date":"13 agosto, 2014","format":false,"excerpt":"\u00a0La detenci\u00f3n del acusado la realizaron los efectivos del Comando de Prevenci\u00f3n de la vecina localidad. No es el primer caso en los \u00faltimos dos meses siendo ya el tercero constatado ante lo cual la preocupaci\u00f3n crece. La Comisar\u00eda de la Mujer, Comando de prevenci\u00f3n y Comisaria Luj\u00e1n Primera actuaron\u2026","rel":"","context":"En \u00abSociedad\u00bb","block_context":{"text":"Sociedad","link":"https:\/\/www.hoymercedes.com.ar\/principal\/category\/sociedad\/"},"img":{"alt_text":"","src":"","width":0,"height":0},"classes":[]},{"id":64629,"url":"https:\/\/www.hoymercedes.com.ar\/principal\/2017\/07\/06\/detenido-en-lujan-con-arma-tumbera-genera-intervencion-de-justicia-local\/","url_meta":{"origin":125900,"position":5},"title":"Detenido en Luj\u00e1n con arma tumbera genera intervenci\u00f3n de justicia\u00a0local","author":"hoymercedes","date":"6 julio, 2017","format":false,"excerpt":"El Juzgado de Garant\u00edas N\u00b03 de nuestra ciudad interviene en un hecho sucedido en la vecina localidad de Luj\u00e1n. Se trat\u00f3 de la detenci\u00f3n de un masculino que pose\u00eda armas tumberas y es investigado por un il\u00edcito. Un joven de 24 a\u00f1os fue detenido el pasado mi\u00e9rcoles investigado por un\u2026","rel":"","context":"En \u00abPolicial\u00bb","block_context":{"text":"Policial","link":"https:\/\/www.hoymercedes.com.ar\/principal\/category\/policial\/"},"img":{"alt_text":"","src":"https:\/\/i0.wp.com\/www.hoymercedes.com.ar\/principal\/wp-content\/uploads\/2017\/07\/arna.tumbera.jpg?resize=350%2C200&ssl=1","width":350,"height":200,"srcset":"https:\/\/i0.wp.com\/www.hoymercedes.com.ar\/principal\/wp-content\/uploads\/2017\/07\/arna.tumbera.jpg?resize=350%2C200&ssl=1 1x, https:\/\/i0.wp.com\/www.hoymercedes.com.ar\/principal\/wp-content\/uploads\/2017\/07\/arna.tumbera.jpg?resize=525%2C300&ssl=1 1.5x, https:\/\/i0.wp.com\/www.hoymercedes.com.ar\/principal\/wp-content\/uploads\/2017\/07\/arna.tumbera.jpg?resize=700%2C400&ssl=1 2x"},"classes":[]}],"_links":{"self":[{"href":"https:\/\/www.hoymercedes.com.ar\/principal\/wp-json\/wp\/v2\/posts\/125900","targetHints":{"allow":["GET"]}}],"collection":[{"href":"https:\/\/www.hoymercedes.com.ar\/principal\/wp-json\/wp\/v2\/posts"}],"about":[{"href":"https:\/\/www.hoymercedes.com.ar\/principal\/wp-json\/wp\/v2\/types\/post"}],"author":[{"embeddable":true,"href":"https:\/\/www.hoymercedes.com.ar\/principal\/wp-json\/wp\/v2\/users\/1"}],"replies":[{"embeddable":true,"href":"https:\/\/www.hoymercedes.com.ar\/principal\/wp-json\/wp\/v2\/comments?post=125900"}],"version-history":[{"count":0,"href":"https:\/\/www.hoymercedes.com.ar\/principal\/wp-json\/wp\/v2\/posts\/125900\/revisions"}],"wp:featuredmedia":[{"embeddable":true,"href":"https:\/\/www.hoymercedes.com.ar\/principal\/wp-json\/wp\/v2\/media\/125901"}],"wp:attachment":[{"href":"https:\/\/www.hoymercedes.com.ar\/principal\/wp-json\/wp\/v2\/media?parent=125900"}],"wp:term":[{"taxonomy":"category","embeddable":true,"href":"https:\/\/www.hoymercedes.com.ar\/principal\/wp-json\/wp\/v2\/categories?post=125900"},{"taxonomy":"post_tag","embeddable":true,"href":"https:\/\/www.hoymercedes.com.ar\/principal\/wp-json\/wp\/v2\/tags?post=125900"}],"curies":[{"name":"wp","href":"https:\/\/api.w.org\/{rel}","templated":true}]}}