{"id":126000,"date":"2021-03-08T22:45:00","date_gmt":"2021-03-09T01:45:00","guid":{"rendered":"http:\/\/www.hoymercedes.com.ar\/principal\/?p=126000"},"modified":"2021-03-08T22:44:13","modified_gmt":"2021-03-09T01:44:13","slug":"se-suman-13-nuevos-positivos-de-covid-19-en-mercedes","status":"publish","type":"post","link":"https:\/\/www.hoymercedes.com.ar\/principal\/2021\/03\/08\/se-suman-13-nuevos-positivos-de-covid-19-en-mercedes\/","title":{"rendered":"Se suman 13 nuevos positivos de covid-19 en Mercedes"},"content":{"rendered":"\n<p>De acuerdo al parte oficial con la informaci\u00f3n epidemiol\u00f3gica sobre el covid-19 en Mercedes, da cuenta de 13 nuevos positivos entre los 48 an\u00e1lisis procesados en el d\u00eda de la fecha. Asimismo, son 10 los pacientes que obtuvieron el alta en el d\u00eda de la fecha. <\/p>\n\n\n\n<div class=\"wp-block-image\"><figure class=\"aligncenter size-large\"><img loading=\"lazy\" decoding=\"async\" width=\"800\" height=\"800\" data-attachment-id=\"125997\" data-permalink=\"https:\/\/www.hoymercedes.com.ar\/principal\/2021\/03\/09\/provincia-presento-programas-para-fortalecer-la-atencion-de-casos-de-violencia-por-razones-de-genero\/whatsapp-image-2021-03-08-at-22-00-12\/#main\" data-orig-file=\"https:\/\/www.hoymercedes.com.ar\/principal\/wp-content\/uploads\/2021\/03\/WhatsApp-Image-2021-03-08-at-22.00.12.jpeg\" data-orig-size=\"800,800\" data-comments-opened=\"0\" data-image-meta=\"{&quot;aperture&quot;:&quot;0&quot;,&quot;credit&quot;:&quot;&quot;,&quot;camera&quot;:&quot;&quot;,&quot;caption&quot;:&quot;&quot;,&quot;created_timestamp&quot;:&quot;0&quot;,&quot;copyright&quot;:&quot;&quot;,&quot;focal_length&quot;:&quot;0&quot;,&quot;iso&quot;:&quot;0&quot;,&quot;shutter_speed&quot;:&quot;0&quot;,&quot;title&quot;:&quot;&quot;,&quot;orientation&quot;:&quot;0&quot;}\" data-image-title=\"WhatsApp Image 2021-03-08 at 22.00.12\" data-image-description=\"\" data-image-caption=\"\" data-large-file=\"https:\/\/www.hoymercedes.com.ar\/principal\/wp-content\/uploads\/2021\/03\/WhatsApp-Image-2021-03-08-at-22.00.12.jpeg\" src=\"https:\/\/www.hoymercedes.com.ar\/principal\/wp-content\/uploads\/2021\/03\/WhatsApp-Image-2021-03-08-at-22.00.12.jpeg\" alt=\"\" class=\"wp-image-125997\" srcset=\"https:\/\/www.hoymercedes.com.ar\/principal\/wp-content\/uploads\/2021\/03\/WhatsApp-Image-2021-03-08-at-22.00.12.jpeg 800w, https:\/\/www.hoymercedes.com.ar\/principal\/wp-content\/uploads\/2021\/03\/WhatsApp-Image-2021-03-08-at-22.00.12-620x620.jpeg 620w, https:\/\/www.hoymercedes.com.ar\/principal\/wp-content\/uploads\/2021\/03\/WhatsApp-Image-2021-03-08-at-22.00.12-150x150.jpeg 150w\" sizes=\"auto, (max-width: 800px) 100vw, 800px\" \/><\/figure><\/div>\n","protected":false},"excerpt":{"rendered":"<p>De acuerdo al parte oficial con la informaci\u00f3n epidemiol\u00f3gica sobre el covid-19 en Mercedes, da cuenta de 13 nuevos positivos &#8230; <a title=\"Se suman 13 nuevos positivos de covid-19 en Mercedes\" class=\"read-more\" href=\"https:\/\/www.hoymercedes.com.ar\/principal\/2021\/03\/08\/se-suman-13-nuevos-positivos-de-covid-19-en-mercedes\/\" aria-label=\"Leer m\u00e1s sobre Se suman 13 nuevos positivos de covid-19 en Mercedes\">Leer m\u00e1s<\/a><\/p>\n","protected":false},"author":1,"featured_media":125997,"comment_status":"closed","ping_status":"open","sticky":false,"template":"","format":"standard","meta":{"_monsterinsights_skip_tracking":false,"_monsterinsights_sitenote_active":false,"_monsterinsights_sitenote_note":"","_monsterinsights_sitenote_category":0,"jetpack_post_was_ever_published":false,"_jetpack_newsletter_access":"","_jetpack_dont_email_post_to_subs":false,"_jetpack_newsletter_tier_id":0,"_jetpack_memberships_contains_paywalled_content":false,"_jetpack_memberships_contains_paid_content":false,"footnotes":"","jetpack_publicize_message":"","jetpack_publicize_feature_enabled":true,"jetpack_social_post_already_shared":false,"jetpack_social_options":{"image_generator_settings":{"template":"highway","default_image_id":0,"font":"","enabled":false},"version":2},"_wpas_customize_per_network":false},"categories":[9791],"tags":[16175,16313,17351,134],"class_list":["post-126000","post","type-post","status-publish","format-standard","has-post-thumbnail","hentry","category-salud","tag-coronavirus","tag-covid-19","tag-nuevos-positivos","tag-salud","generate-columns","tablet-grid-50","mobile-grid-100","grid-parent","grid-50"],"jetpack_publicize_connections":[],"jetpack_featured_media_url":"https:\/\/www.hoymercedes.com.ar\/principal\/wp-content\/uploads\/2021\/03\/WhatsApp-Image-2021-03-08-at-22.00.12.jpeg","wps_subtitle":"Parte diario","jetpack_sharing_enabled":true,"jetpack-related-posts":[{"id":125882,"url":"https:\/\/www.hoymercedes.com.ar\/principal\/2021\/03\/07\/mercedes-suma-6-nuevos-positivos-de-covid\/","url_meta":{"origin":126000,"position":0},"title":"Mercedes suma 6 nuevos positivos de covid","author":"hoymercedes","date":"7 marzo, 2021","format":false,"excerpt":"De acuerdo a la informaci\u00f3n epidemiol\u00f3gica brindada en el parte diario enviada por las autoridades de Mercedes, este domingo confirmaron 6 casos positivos de covid-19 entre los 20 an\u00e1lisis procesados en el d\u00eda de la fecha. Asimismo, informaron que seis pacientes recibieron el alta este d\u00eda seg\u00fan los protocolos vigentes.","rel":"","context":"En \u00abSalud\u00bb","block_context":{"text":"Salud","link":"https:\/\/www.hoymercedes.com.ar\/principal\/category\/salud\/"},"img":{"alt_text":"","src":"https:\/\/i0.wp.com\/www.hoymercedes.com.ar\/principal\/wp-content\/uploads\/2021\/03\/WhatsApp-Image-2021-03-07-at-20.55.52.jpeg?resize=350%2C200&ssl=1","width":350,"height":200,"srcset":"https:\/\/i0.wp.com\/www.hoymercedes.com.ar\/principal\/wp-content\/uploads\/2021\/03\/WhatsApp-Image-2021-03-07-at-20.55.52.jpeg?resize=350%2C200&ssl=1 1x, https:\/\/i0.wp.com\/www.hoymercedes.com.ar\/principal\/wp-content\/uploads\/2021\/03\/WhatsApp-Image-2021-03-07-at-20.55.52.jpeg?resize=525%2C300&ssl=1 1.5x, https:\/\/i0.wp.com\/www.hoymercedes.com.ar\/principal\/wp-content\/uploads\/2021\/03\/WhatsApp-Image-2021-03-07-at-20.55.52.jpeg?resize=700%2C400&ssl=1 2x"},"classes":[]},{"id":134679,"url":"https:\/\/www.hoymercedes.com.ar\/principal\/2021\/08\/03\/covid-5-nuevos-positivos-en-mercedes\/","url_meta":{"origin":126000,"position":1},"title":"Covid: 5 nuevos positivos en Mercedes","author":"hoymercedes","date":"3 agosto, 2021","format":false,"excerpt":"En el d\u00eda de hoy se detectaron 5 nuevos positivos en 104 test efectuados en el laboratorio de virolog\u00eda molecular. Por su parte, 6979 personas obtuvieron el alta. 9 corresponden al d\u00eda de la fecha. El total de casos activos es de 121 en la actualidad. Desde el inicio de\u2026","rel":"","context":"En \u00abSalud\u00bb","block_context":{"text":"Salud","link":"https:\/\/www.hoymercedes.com.ar\/principal\/category\/salud\/"},"img":{"alt_text":"","src":"https:\/\/i0.wp.com\/www.hoymercedes.com.ar\/principal\/wp-content\/uploads\/2021\/08\/03.08.2021.jpg?resize=350%2C200&ssl=1","width":350,"height":200,"srcset":"https:\/\/i0.wp.com\/www.hoymercedes.com.ar\/principal\/wp-content\/uploads\/2021\/08\/03.08.2021.jpg?resize=350%2C200&ssl=1 1x, https:\/\/i0.wp.com\/www.hoymercedes.com.ar\/principal\/wp-content\/uploads\/2021\/08\/03.08.2021.jpg?resize=525%2C300&ssl=1 1.5x, https:\/\/i0.wp.com\/www.hoymercedes.com.ar\/principal\/wp-content\/uploads\/2021\/08\/03.08.2021.jpg?resize=700%2C400&ssl=1 2x"},"classes":[]},{"id":119984,"url":"https:\/\/www.hoymercedes.com.ar\/principal\/2020\/11\/11\/coronavirus-3-nuevos-casos-positivos-de-covid-19\/","url_meta":{"origin":126000,"position":2},"title":"Coronavirus: 3 nuevos casos positivos de covid-19","author":"Clarisa Altieri","date":"11 noviembre, 2020","format":false,"excerpt":"Informe sanitario de Mercedes - En el d\u00eda de la fecha el Laboratorio de Virolog\u00eda Molecular Municipal por medio de los procesos cient\u00edficos que lleva adelante cotidianamente detect\u00f3 3 nuevos casos positivos de covid-19.Al d\u00eda de la fecha tenemos 53 casos activos. Por su parte 1653 casos se registraron desde\u2026","rel":"","context":"En \u00abSalud\u00bb","block_context":{"text":"Salud","link":"https:\/\/www.hoymercedes.com.ar\/principal\/category\/salud\/"},"img":{"alt_text":"","src":"https:\/\/i0.wp.com\/www.hoymercedes.com.ar\/principal\/wp-content\/uploads\/2020\/11\/WhatsApp-Image-2020-11-11-at-21.32.29.jpeg?resize=350%2C200&ssl=1","width":350,"height":200,"srcset":"https:\/\/i0.wp.com\/www.hoymercedes.com.ar\/principal\/wp-content\/uploads\/2020\/11\/WhatsApp-Image-2020-11-11-at-21.32.29.jpeg?resize=350%2C200&ssl=1 1x, https:\/\/i0.wp.com\/www.hoymercedes.com.ar\/principal\/wp-content\/uploads\/2020\/11\/WhatsApp-Image-2020-11-11-at-21.32.29.jpeg?resize=525%2C300&ssl=1 1.5x, https:\/\/i0.wp.com\/www.hoymercedes.com.ar\/principal\/wp-content\/uploads\/2020\/11\/WhatsApp-Image-2020-11-11-at-21.32.29.jpeg?resize=700%2C400&ssl=1 2x"},"classes":[]},{"id":125677,"url":"https:\/\/www.hoymercedes.com.ar\/principal\/2021\/03\/02\/son-4-los-nuevos-positivos-de-covid-en-mercedes\/","url_meta":{"origin":126000,"position":3},"title":"Son 4 los nuevos positivos de covid en Mercedes","author":"hoymercedes","date":"2 marzo, 2021","format":false,"excerpt":"La informaci\u00f3n epidemiol\u00f3gica en Mercedes da cuenta de 4 nuevos casos positivos de covid-19 entre los 45 an\u00e1lisis procesados por el Laboratorio del Dubarry. Adem\u00e1s, confirman que son 11 pacientes los que obtuvieron el alta m\u00e9dica en el d\u00eda de la fecha.","rel":"","context":"En \u00abSalud\u00bb","block_context":{"text":"Salud","link":"https:\/\/www.hoymercedes.com.ar\/principal\/category\/salud\/"},"img":{"alt_text":"","src":"https:\/\/i0.wp.com\/www.hoymercedes.com.ar\/principal\/wp-content\/uploads\/2021\/03\/WhatsApp-Image-2021-03-02-at-21.49.02.jpeg?resize=350%2C200&ssl=1","width":350,"height":200,"srcset":"https:\/\/i0.wp.com\/www.hoymercedes.com.ar\/principal\/wp-content\/uploads\/2021\/03\/WhatsApp-Image-2021-03-02-at-21.49.02.jpeg?resize=350%2C200&ssl=1 1x, https:\/\/i0.wp.com\/www.hoymercedes.com.ar\/principal\/wp-content\/uploads\/2021\/03\/WhatsApp-Image-2021-03-02-at-21.49.02.jpeg?resize=525%2C300&ssl=1 1.5x, https:\/\/i0.wp.com\/www.hoymercedes.com.ar\/principal\/wp-content\/uploads\/2021\/03\/WhatsApp-Image-2021-03-02-at-21.49.02.jpeg?resize=700%2C400&ssl=1 2x"},"classes":[]},{"id":124521,"url":"https:\/\/www.hoymercedes.com.ar\/principal\/2021\/02\/08\/covid-un-fallecimiento-y-13-nuevos-casos-positivos\/","url_meta":{"origin":126000,"position":4},"title":"Covid: Un fallecimiento y 13 nuevos casos positivos","author":"hoymercedes","date":"8 febrero, 2021","format":false,"excerpt":"La informaci\u00f3n epidemiol\u00f3gica de Mercedes confirma el fallecimiento de un hombre de 73 a\u00f1os que era portador del virus SARS-Cov2. Asimismo, informaron 13 nuevos casos de covid-19 entre los 58 nuevos test procesados en el d\u00eda de la fecha. Asimismo, notifican que son 10 los pacientes que obtuvieron el alta\u2026","rel":"","context":"En \u00abSalud\u00bb","block_context":{"text":"Salud","link":"https:\/\/www.hoymercedes.com.ar\/principal\/category\/salud\/"},"img":{"alt_text":"","src":"https:\/\/i0.wp.com\/www.hoymercedes.com.ar\/principal\/wp-content\/uploads\/2021\/02\/WhatsApp-Image-2021-02-08-at-22.10.16.jpeg?resize=350%2C200&ssl=1","width":350,"height":200,"srcset":"https:\/\/i0.wp.com\/www.hoymercedes.com.ar\/principal\/wp-content\/uploads\/2021\/02\/WhatsApp-Image-2021-02-08-at-22.10.16.jpeg?resize=350%2C200&ssl=1 1x, https:\/\/i0.wp.com\/www.hoymercedes.com.ar\/principal\/wp-content\/uploads\/2021\/02\/WhatsApp-Image-2021-02-08-at-22.10.16.jpeg?resize=525%2C300&ssl=1 1.5x, https:\/\/i0.wp.com\/www.hoymercedes.com.ar\/principal\/wp-content\/uploads\/2021\/02\/WhatsApp-Image-2021-02-08-at-22.10.16.jpeg?resize=700%2C400&ssl=1 2x"},"classes":[]},{"id":118689,"url":"https:\/\/www.hoymercedes.com.ar\/principal\/2020\/10\/18\/coronavirus-18-nuevos-positivos-en-mercedes\/","url_meta":{"origin":126000,"position":5},"title":"Coronavirus: 18 nuevos positivos en Mercedes","author":"Clarisa Altieri","date":"18 octubre, 2020","format":false,"excerpt":"Informe oficial - En el d\u00eda de la fecha el Laboratorio de Virolog\u00eda Molecular Municipal por medio de los procesos cient\u00edficos que lleva adelante cotidianamente confirm\u00f3 18 nuevos casos para covid. Al d\u00eda de la fecha tenemos 230 casos activos con 5 altas m\u00e9dicas. Por su parte 1483 casos se\u2026","rel":"","context":"En \u00abSalud\u00bb","block_context":{"text":"Salud","link":"https:\/\/www.hoymercedes.com.ar\/principal\/category\/salud\/"},"img":{"alt_text":"","src":"https:\/\/i0.wp.com\/www.hoymercedes.com.ar\/principal\/wp-content\/uploads\/2020\/10\/IMG-20201018-WA0024.jpg?resize=350%2C200&ssl=1","width":350,"height":200,"srcset":"https:\/\/i0.wp.com\/www.hoymercedes.com.ar\/principal\/wp-content\/uploads\/2020\/10\/IMG-20201018-WA0024.jpg?resize=350%2C200&ssl=1 1x, https:\/\/i0.wp.com\/www.hoymercedes.com.ar\/principal\/wp-content\/uploads\/2020\/10\/IMG-20201018-WA0024.jpg?resize=525%2C300&ssl=1 1.5x, https:\/\/i0.wp.com\/www.hoymercedes.com.ar\/principal\/wp-content\/uploads\/2020\/10\/IMG-20201018-WA0024.jpg?resize=700%2C400&ssl=1 2x"},"classes":[]}],"_links":{"self":[{"href":"https:\/\/www.hoymercedes.com.ar\/principal\/wp-json\/wp\/v2\/posts\/126000","targetHints":{"allow":["GET"]}}],"collection":[{"href":"https:\/\/www.hoymercedes.com.ar\/principal\/wp-json\/wp\/v2\/posts"}],"about":[{"href":"https:\/\/www.hoymercedes.com.ar\/principal\/wp-json\/wp\/v2\/types\/post"}],"author":[{"embeddable":true,"href":"https:\/\/www.hoymercedes.com.ar\/principal\/wp-json\/wp\/v2\/users\/1"}],"replies":[{"embeddable":true,"href":"https:\/\/www.hoymercedes.com.ar\/principal\/wp-json\/wp\/v2\/comments?post=126000"}],"version-history":[{"count":0,"href":"https:\/\/www.hoymercedes.com.ar\/principal\/wp-json\/wp\/v2\/posts\/126000\/revisions"}],"wp:featuredmedia":[{"embeddable":true,"href":"https:\/\/www.hoymercedes.com.ar\/principal\/wp-json\/wp\/v2\/media\/125997"}],"wp:attachment":[{"href":"https:\/\/www.hoymercedes.com.ar\/principal\/wp-json\/wp\/v2\/media?parent=126000"}],"wp:term":[{"taxonomy":"category","embeddable":true,"href":"https:\/\/www.hoymercedes.com.ar\/principal\/wp-json\/wp\/v2\/categories?post=126000"},{"taxonomy":"post_tag","embeddable":true,"href":"https:\/\/www.hoymercedes.com.ar\/principal\/wp-json\/wp\/v2\/tags?post=126000"}],"curies":[{"name":"wp","href":"https:\/\/api.w.org\/{rel}","templated":true}]}}